{"id":70028,"date":"2019-12-12T08:18:46","date_gmt":"2019-12-12T13:18:46","guid":{"rendered":"https:\/\/linitiative.ca\/International\/bouira-vote-annule-a-lest-affrontements-et-emeutes-a-bouira-et-haizer\/"},"modified":"2019-12-12T08:18:46","modified_gmt":"2019-12-12T13:18:46","slug":"bouira-vote-annule-a-lest-affrontements-et-emeutes-a-bouira-et-haizer","status":"publish","type":"post","link":"https:\/\/linitiative.ca\/International\/bouira-vote-annule-a-lest-affrontements-et-emeutes-a-bouira-et-haizer\/","title":{"rendered":"Bouira : Vote annul\u00e9 \u00e0 l\u2019est, affrontements et \u00e9meutes \u00e0 Bouira et Haizer"},"content":{"rendered":"<p>Comme il fallait s\u2019y attendre l\u2019op\u00e9ration de vote n\u2019a pas eu lieu \u00e0 travers plusieurs localit\u00e9s de la wilaya de Bouira.<\/p>\n<p>La r\u00e9gion, en particulier le chef-lieu de wilaya a v\u00e9cu depuis les premi\u00e8res heures de la matin\u00e9e de ce jeudi, au rythme des affrontements et d\u2019\u00e9meutes opposant les manifestants aux forces de la police et de la gendarmerie nationale.<\/p>\n<p>Si \u00e0 la r\u00e9gion est de la wilaya, \u00e0 l\u2019image des communes relevant de la daira de M \u2018chedallah et de Bechloul o\u00f9 le vote a \u00e9t\u00e9 annul\u00e9 et aucun centre n\u2019a \u00e9t\u00e9 pr\u00e9vu, ceux install\u00e9s au chef-lieu annul\u00e9 au \u00a0de wilaya sont ferm\u00e9s par les manifestants. Les neuf centres de vote programm\u00e9s ont \u00e9t\u00e9 tous ferm\u00e9s et les urnes saccag\u00e9es par des manifestants mobilis\u00e9s en force, a-t-on constat\u00e9. Un seul bureau, celui situ\u00e9 au quartier Belmahdi au nord de la ville, est ouvert sous une forte pr\u00e9sence de la gendarmerie a-t-on constat\u00e9.<\/p>\n<p>9h. Un dispositif impressionnant de forces de gendarmerie a \u00e9t\u00e9 d\u00e9ploy\u00e9 le long de la RN 05, et ce , pour emp\u00eacher des milliers de citoyens de la commune d\u2019Ath Laaziz situ\u00e9e au nord de Bouira et qui s\u2019est illustr\u00e9e r\u00e9cemment par une action qui a \u00e9t\u00e9 vite g\u00e9n\u00e9ralis\u00e9e en proc\u00e9dant \u00e0 la fermeture du si\u00e8ge de l\u2019Apc \u00e0 l\u2019aide de ciment et de briques, de marcher vers la ville.<\/p>\n<div dir=\"auto\"><img loading=\"lazy\" decoding=\"async\" class=\"aligncenter wp-image-624461 size-large\" src=\"https:\/\/www.elwatan.com\/wp-content\/uploads\/2019\/12\/received_860883874330759-1024x768.jpeg\" alt=\"\" width=\"1024\" height=\"768\"\/><\/div>\n<p>La tension monte. Arriv\u00e9s sur les lieux, un officier de la gendarmerie nous a \u00ab intim\u00e9 l\u2019ordre \u00bb malgr\u00e9 que nous avons d\u00e9clin\u00e9 notre identit\u00e9 et notre carte de presse de quitter les lieux et surtout de ne pas prendre des photos.<\/p>\n<p>\u00ab L\u2019ordre a \u00e9t\u00e9 donn\u00e9 pour disperser la foule alors quitter les lieux \u00bb, nous a signifi\u00e9 l\u2019officier.<\/p>\n<p><strong>Un h\u00e9licopt\u00e8re survole la ville<\/strong><\/p>\n<p>Les premi\u00e8res tirs \u00e0 la bombe lacrymog\u00e8nes ont \u00e9t\u00e9 lanc\u00e9s en direction des manifestants qui ont r\u00e9pliqu\u00e9 \u00e0 l\u2019aide de pierres. Les affrontements ont dur\u00e9 plus de deux heures.\u00a0 Les milliers de villageois ont r\u00e9ussi \u00e0 forcer le cordon de s\u00e9curit\u00e9 de la gendarmerie qui a lev\u00e9 son dispositif lib\u00e9rant ainsi la route aux manifestants de marcher vers le centre de ville.<\/p>\n<p>Et pendant que les \u00e9meutes se poursuivent aux abord de la Rn05, d\u2019autres sc\u00e8nes similaires se d\u00e9roulent au niveau de la commune de Haizer o\u00f9 \u00a0aucun centre de vote n\u2019a \u00e9t\u00e9 install\u00e9.<\/p>\n<p>A la ville de Bouira, des affrontements ont \u00e9clat\u00e9 aussi entre les policiers et des citoyens qui ont proc\u00e9d\u00e9 presque \u00e0 la fermeture de la plupart des bureaux.<\/p>\n<p>Plusieurs bless\u00e9s et arrestations ont \u00e9t\u00e9 op\u00e9r\u00e9es par les services de s\u00e9curit\u00e9.<\/p>\n<p>Devant le centre de vote Bachir Ibrahimi, les services de police ont \u00e9t\u00e9 oblig\u00e9s de mobiliser le camion \u00e0 eau et des renforts pour disperser la foule.<\/p>\n<p>A pr\u00e9ciser par ailleurs, que l\u2019op\u00e9ration de vote se d\u00e9roule dans le calme au niveau des communes du sud, et de l\u2019ouest de la wilaya. N\u00e9anmoins l\u2019affluence est tr\u00e8s faible ont fait savoir des citoyens contact\u00e9s par nos soins.<\/p>\n<p>Auteur: Mohand Yahiaoui<br \/>\n<a href=\"https:\/\/www.elwatan.com\/edition\/actualite\/bouira-vote-annule-a-lest-affrontements-et-emeutes-a-bouira-et-haizer-12-12-2019\">Cliquez ici pour lire l&rsquo;article depuis sa source.<\/a><\/p>\n","protected":false},"excerpt":{"rendered":"<p>Comme il fallait s\u2019y attendre l\u2019op\u00e9ration de vote n\u2019a pas eu lieu \u00e0 travers plusieurs localit\u00e9s de la wilaya de Bouira. La r\u00e9gion, en particulier le chef-lieu de wilaya a v\u00e9cu depuis les premi\u00e8res heures de la matin\u00e9e de ce jeudi, au rythme des affrontements et d\u2019\u00e9meutes opposant les manifestants aux forces de la police [&hellip;]<\/p>\n","protected":false},"author":1743,"featured_media":70029,"comment_status":"closed","ping_status":"closed","sticky":false,"template":"","format":"standard","meta":{"fifu_image_url":"","fifu_image_alt":"","footnotes":""},"categories":[73,53],"tags":[],"class_list":["post-70028","post","type-post","status-publish","format-standard","has-post-thumbnail","hentry","category-actualite","category-algerie"],"_links":{"self":[{"href":"https:\/\/linitiative.ca\/International\/wp-json\/wp\/v2\/posts\/70028","targetHints":{"allow":["GET"]}}],"collection":[{"href":"https:\/\/linitiative.ca\/International\/wp-json\/wp\/v2\/posts"}],"about":[{"href":"https:\/\/linitiative.ca\/International\/wp-json\/wp\/v2\/types\/post"}],"author":[{"embeddable":true,"href":"https:\/\/linitiative.ca\/International\/wp-json\/wp\/v2\/users\/1743"}],"replies":[{"embeddable":true,"href":"https:\/\/linitiative.ca\/International\/wp-json\/wp\/v2\/comments?post=70028"}],"version-history":[{"count":0,"href":"https:\/\/linitiative.ca\/International\/wp-json\/wp\/v2\/posts\/70028\/revisions"}],"wp:featuredmedia":[{"embeddable":true,"href":"https:\/\/linitiative.ca\/International\/wp-json\/"}],"wp:attachment":[{"href":"https:\/\/linitiative.ca\/International\/wp-json\/wp\/v2\/media?parent=70028"}],"wp:term":[{"taxonomy":"category","embeddable":true,"href":"https:\/\/linitiative.ca\/International\/wp-json\/wp\/v2\/categories?post=70028"},{"taxonomy":"post_tag","embeddable":true,"href":"https:\/\/linitiative.ca\/International\/wp-json\/wp\/v2\/tags?post=70028"}],"curies":[{"name":"wp","href":"https:\/\/api.w.org\/{rel}","templated":true}]}}