{"id":70030,"date":"2019-12-12T12:07:50","date_gmt":"2019-12-12T17:07:50","guid":{"rendered":"https:\/\/linitiative.ca\/International\/interdiction-de-manifester-et-interpellations-dactivistes-du-hirak-par-des-policiers-en-civil\/"},"modified":"2019-12-12T12:07:50","modified_gmt":"2019-12-12T17:07:50","slug":"interdiction-de-manifester-et-interpellations-dactivistes-du-hirak-par-des-policiers-en-civil","status":"publish","type":"post","link":"https:\/\/linitiative.ca\/International\/interdiction-de-manifester-et-interpellations-dactivistes-du-hirak-par-des-policiers-en-civil\/","title":{"rendered":"Interdiction de manifester et interpellations d\u2019activistes du hirak par des policiers en civil"},"content":{"rendered":"<h4 class=\"title-14\">Elections pr\u00e9sidentielle \u00e0 Sidi Bel Abb\u00e8s<\/h4>\n<p>Les arrestations se sont poursuivies, ce jeudi 12 d\u00e9cembre 2019, \u00e0 Sidi Bel Abb\u00e8s, quelques heures apr\u00e8s l\u2019ouverture des bureaux de vote pour l\u2019\u00e9lection pr\u00e9sidentielle.<\/p>\n<p>Selon de nombreux t\u00e9moignages, six personnes ont \u00e9t\u00e9 interpell\u00e9s, vers midi, non loin du th\u00e9\u00e2tre r\u00e9gional de Sidi Bel Abb\u00e8s alors que d\u2019autres ont \u00e9t\u00e9 somm\u00e9es par des policiers en civil de s\u2019\u00e9loigner de la place du 1e Novembre (ex-Carnot) sous peine d\u2019\u00eatre embarqu\u00e9es.<\/p>\n<p>Un dispositif policier imposant a \u00e9t\u00e9 mis en place, t\u00f4t dans la matin\u00e9e, aux alentours de la place ex-Carnot, a-t-on constat\u00e9. Le rassemblement pr\u00e9vu dans la matin\u00e9e par des activistes du hirak n\u2019a pu avoir lieu face au d\u00e9ploiement d\u2019agents en civil, d\u2019\u00e9l\u00e9ments de la Brigade d\u2019intervention (BRI) et de la police anti\u00e9meute. \u00ab\u00a0Des descentes de police ont m\u00eame \u00e9t\u00e9 op\u00e9r\u00e9es dans les caf\u00e9s du centre-ville\u00a0\u00bb, indique un jeune militant associatif.<\/p>\n<p>Des activistes du hirak ont \u00e9t\u00e9 intimid\u00e9s et somm\u00e9s de quitter les lieux.\u00bb La police a, pour rappel, proc\u00e9d\u00e9 \u00e0 des dizaines d\u2019arrestations depuis mardi et opt\u00e9 pour une d\u00e9marche r\u00e9pressive \u00e0 l\u2019encontre des manifestants pacifiques \u00e0 Sidi Bel Abb\u00e8s.<\/p>\n<p>Ce matin, dans les bureaux de vote, le scrutin s\u2019est d\u00e9roul\u00e9 sans aucun incident. L\u2019autorit\u00e9 ind\u00e9pendante des \u00e9lections (ANIE) a annonc\u00e9 un taux de participation de 15% \u00e0 11h.<\/p>\n<p><span class=\"post-views-label\">Post Views:<\/span> <span class=\"post-views-count\">417<\/span><\/p>\n<p><br class=\"c2\"\/><\/p>\n<p>Auteur: Mohand Yahiaoui<br \/>\n<a href=\"https:\/\/www.elwatan.com\/edition\/actualite\/interdiction-de-manifester-et-interpellations-dactivistes-du-hirak-par-des-policiers-en-civil-12-12-2019\">Cliquez ici pour lire l&rsquo;article depuis sa source.<\/a><\/p>\n","protected":false},"excerpt":{"rendered":"<p>Elections pr\u00e9sidentielle \u00e0 Sidi Bel Abb\u00e8s Les arrestations se sont poursuivies, ce jeudi 12 d\u00e9cembre 2019, \u00e0 Sidi Bel Abb\u00e8s, quelques heures apr\u00e8s l\u2019ouverture des bureaux de vote pour l\u2019\u00e9lection pr\u00e9sidentielle. Selon de nombreux t\u00e9moignages, six personnes ont \u00e9t\u00e9 interpell\u00e9s, vers midi, non loin du th\u00e9\u00e2tre r\u00e9gional de Sidi Bel Abb\u00e8s alors que d\u2019autres ont [&hellip;]<\/p>\n","protected":false},"author":1743,"featured_media":0,"comment_status":"closed","ping_status":"closed","sticky":false,"template":"","format":"standard","meta":{"fifu_image_url":"","fifu_image_alt":"","footnotes":""},"categories":[73,53],"tags":[],"class_list":["post-70030","post","type-post","status-publish","format-standard","hentry","category-actualite","category-algerie"],"_links":{"self":[{"href":"https:\/\/linitiative.ca\/International\/wp-json\/wp\/v2\/posts\/70030","targetHints":{"allow":["GET"]}}],"collection":[{"href":"https:\/\/linitiative.ca\/International\/wp-json\/wp\/v2\/posts"}],"about":[{"href":"https:\/\/linitiative.ca\/International\/wp-json\/wp\/v2\/types\/post"}],"author":[{"embeddable":true,"href":"https:\/\/linitiative.ca\/International\/wp-json\/wp\/v2\/users\/1743"}],"replies":[{"embeddable":true,"href":"https:\/\/linitiative.ca\/International\/wp-json\/wp\/v2\/comments?post=70030"}],"version-history":[{"count":0,"href":"https:\/\/linitiative.ca\/International\/wp-json\/wp\/v2\/posts\/70030\/revisions"}],"wp:attachment":[{"href":"https:\/\/linitiative.ca\/International\/wp-json\/wp\/v2\/media?parent=70030"}],"wp:term":[{"taxonomy":"category","embeddable":true,"href":"https:\/\/linitiative.ca\/International\/wp-json\/wp\/v2\/categories?post=70030"},{"taxonomy":"post_tag","embeddable":true,"href":"https:\/\/linitiative.ca\/International\/wp-json\/wp\/v2\/tags?post=70030"}],"curies":[{"name":"wp","href":"https:\/\/api.w.org\/{rel}","templated":true}]}}