{"id":70031,"date":"2019-12-12T12:16:58","date_gmt":"2019-12-12T17:16:58","guid":{"rendered":"https:\/\/linitiative.ca\/International\/tlemcen-peu-dengouement-des-electeurs-et-une-trentaine-darrestations\/"},"modified":"2019-12-12T12:16:58","modified_gmt":"2019-12-12T17:16:58","slug":"tlemcen-peu-dengouement-des-electeurs-et-une-trentaine-darrestations","status":"publish","type":"post","link":"https:\/\/linitiative.ca\/International\/tlemcen-peu-dengouement-des-electeurs-et-une-trentaine-darrestations\/","title":{"rendered":"Tlemcen : Peu d\u2019engouement des \u00e9lecteurs et une trentaine d\u2019arrestations"},"content":{"rendered":"<h4 class=\"title-14\"\/>\n<p>La ville a \u00e9t\u00e9 quadrill\u00e9e , bien avant l\u2019entame l\u2019ouverture des bureaux de vote, prot\u00e9g\u00e9s par des forces de l\u2019ordre. Et les \u00e9lecteurs qui ne semblaient pas press\u00e9s d\u2019aller mettre leurs bulletins dans les urnes.<\/p>\n<p>Vers 10h, des manifestants, affluant des communes de la wilaya, aussi nombreux que les vendredis de protestations, ont, \u00e0 peine enclench\u00e9 leur marche, que les \u00e9l\u00e9ments de la brigade anti \u00e9meutes ont intervenu d\u2019une mani\u00e8re r\u00e9pressive pour bastonner les contestataires pacifiques sans coup f\u00e9rir et proc\u00e9der \u00e0 des arrestations abusives.<\/p>\n<p>Selon la ligue alg\u00e9rienne pur la d\u00e9fense des droits de l\u2019homme \u00ab\u00a0une trentaine de personnes dont six de Maghnia ont \u00e9t\u00e9 arr\u00eat\u00e9es et embarqu\u00e9s au commissariat central du boulevard Pasteur.<\/p>\n<p>Les journalistes, qui tentaient de s\u2019informer sur ces arrestations ont \u00e9t\u00e9 \u00ab\u00a0conseill\u00e9s\u00a0\u00bb hostilement de d\u00e9guerpir. M\u00eame attitude des services de s\u00e9curit\u00e9 au niveau des centre de vote o\u00f9 les hommes de la presse sont consid\u00e9r\u00e9s comme persona non grata. Comme si on voulait que ce scrutin se d\u00e9roulerait \u00e0 huis clos.<\/p>\n<p>A 13h, le taux de participation ne d\u00e9passait pas les 8%.<\/p>\n<p><span class=\"post-views-label\">Post Views:<\/span> <span class=\"post-views-count\">231<\/span><\/p>\n<p><br class=\"c2\"\/><\/p>\n<p>Auteur: Mohand Yahiaoui<br \/>\n<a href=\"https:\/\/www.elwatan.com\/edition\/actualite\/tlemcen-peu-dengouement-des-electeurs-et-une-trentaine-darrestations-12-12-2019\">Cliquez ici pour lire l&rsquo;article depuis sa source.<\/a><\/p>\n","protected":false},"excerpt":{"rendered":"<p>La ville a \u00e9t\u00e9 quadrill\u00e9e , bien avant l\u2019entame l\u2019ouverture des bureaux de vote, prot\u00e9g\u00e9s par des forces de l\u2019ordre. Et les \u00e9lecteurs qui ne semblaient pas press\u00e9s d\u2019aller mettre leurs bulletins dans les urnes. Vers 10h, des manifestants, affluant des communes de la wilaya, aussi nombreux que les vendredis de protestations, ont, \u00e0 peine [&hellip;]<\/p>\n","protected":false},"author":1743,"featured_media":0,"comment_status":"closed","ping_status":"closed","sticky":false,"template":"","format":"standard","meta":{"fifu_image_url":"","fifu_image_alt":"","footnotes":""},"categories":[73,53],"tags":[],"class_list":["post-70031","post","type-post","status-publish","format-standard","hentry","category-actualite","category-algerie"],"_links":{"self":[{"href":"https:\/\/linitiative.ca\/International\/wp-json\/wp\/v2\/posts\/70031","targetHints":{"allow":["GET"]}}],"collection":[{"href":"https:\/\/linitiative.ca\/International\/wp-json\/wp\/v2\/posts"}],"about":[{"href":"https:\/\/linitiative.ca\/International\/wp-json\/wp\/v2\/types\/post"}],"author":[{"embeddable":true,"href":"https:\/\/linitiative.ca\/International\/wp-json\/wp\/v2\/users\/1743"}],"replies":[{"embeddable":true,"href":"https:\/\/linitiative.ca\/International\/wp-json\/wp\/v2\/comments?post=70031"}],"version-history":[{"count":0,"href":"https:\/\/linitiative.ca\/International\/wp-json\/wp\/v2\/posts\/70031\/revisions"}],"wp:attachment":[{"href":"https:\/\/linitiative.ca\/International\/wp-json\/wp\/v2\/media?parent=70031"}],"wp:term":[{"taxonomy":"category","embeddable":true,"href":"https:\/\/linitiative.ca\/International\/wp-json\/wp\/v2\/categories?post=70031"},{"taxonomy":"post_tag","embeddable":true,"href":"https:\/\/linitiative.ca\/International\/wp-json\/wp\/v2\/tags?post=70031"}],"curies":[{"name":"wp","href":"https:\/\/api.w.org\/{rel}","templated":true}]}}