{"id":70032,"date":"2019-12-12T12:21:44","date_gmt":"2019-12-12T17:21:44","guid":{"rendered":"https:\/\/linitiative.ca\/International\/mascara-plusieurs-arrestations-parmi-les-activistes-du-hirak\/"},"modified":"2019-12-12T12:21:44","modified_gmt":"2019-12-12T17:21:44","slug":"mascara-plusieurs-arrestations-parmi-les-activistes-du-hirak","status":"publish","type":"post","link":"https:\/\/linitiative.ca\/International\/mascara-plusieurs-arrestations-parmi-les-activistes-du-hirak\/","title":{"rendered":"Mascara : Plusieurs arrestations parmi les activistes du hirak"},"content":{"rendered":"<h4 class=\"title-14\"\/>\n<p>\u00c0 Mascara, plusieurs militants du hirak ont \u00e9t\u00e9 arr\u00eat\u00e9s, ce jeudi 12 d\u00e9cembre. Au chef-lieu de la wilaya, les activistes du mouvement populaire n\u2019ont pas pu se rassembler \u00e0 la place \u00c9mir Abdelkader, en plein centre-ville de Mascara, pour manifester contre la tenue des \u00e9lections pr\u00e9sidentielles.<\/p>\n<p>Ils se sont retrouv\u00e9s face \u00e0 un dispositif s\u00e9curitaire impressionnant qui a \u00e9t\u00e9 d\u00e9p\u00each\u00e9 sur place pour les emp\u00eacher de se regrouper. \u00c0 10h, une dizaine d\u2019activistes du hirak ont \u00e9t\u00e9 arr\u00eat\u00e9s.<\/p>\n<p>Embarqu\u00e9s dans les fourgons et autres v\u00e9hicules de police, les hirakistes ont \u00e9t\u00e9 conduits au commissariat centrale o\u00f9 ils ont \u00e9t\u00e9 auditionn\u00e9s sur proc\u00e8s-verbaux avant de faire l\u2019objet de pr\u00e9l\u00e8vement d\u2019empreintes et de prise de photo.<\/p>\n<p>\u00c0 Mohammadia, ils \u00e9taient au moins six activistes du hirak qui \u00e9t\u00e9 arr\u00eat\u00e9s par les policiers \u00e0 la place des Martyres. Selon un militant du hirak, les activistes ont \u00e9t\u00e9 \u00e9galement auditionn\u00e9s sur proc\u00e8s-verbaux avant d\u2019\u00eatre rel\u00e2ch\u00e9 vers 17 h.<\/p>\n<p><span class=\"post-views-label\">Post Views:<\/span> <span class=\"post-views-count\">120<\/span><\/p>\n<p><br class=\"c2\"\/><\/p>\n<p>Auteur: Mohand Yahiaoui<br \/>\n<a href=\"https:\/\/www.elwatan.com\/edition\/actualite\/mascara-plusieurs-arrestations-parmi-les-activistes-du-hirak-12-12-2019\">Cliquez ici pour lire l&rsquo;article depuis sa source.<\/a><\/p>\n","protected":false},"excerpt":{"rendered":"<p>\u00c0 Mascara, plusieurs militants du hirak ont \u00e9t\u00e9 arr\u00eat\u00e9s, ce jeudi 12 d\u00e9cembre. Au chef-lieu de la wilaya, les activistes du mouvement populaire n\u2019ont pas pu se rassembler \u00e0 la place \u00c9mir Abdelkader, en plein centre-ville de Mascara, pour manifester contre la tenue des \u00e9lections pr\u00e9sidentielles. Ils se sont retrouv\u00e9s face \u00e0 un dispositif s\u00e9curitaire [&hellip;]<\/p>\n","protected":false},"author":1743,"featured_media":0,"comment_status":"closed","ping_status":"closed","sticky":false,"template":"","format":"standard","meta":{"fifu_image_url":"","fifu_image_alt":"","footnotes":""},"categories":[73,53],"tags":[],"class_list":["post-70032","post","type-post","status-publish","format-standard","hentry","category-actualite","category-algerie"],"_links":{"self":[{"href":"https:\/\/linitiative.ca\/International\/wp-json\/wp\/v2\/posts\/70032","targetHints":{"allow":["GET"]}}],"collection":[{"href":"https:\/\/linitiative.ca\/International\/wp-json\/wp\/v2\/posts"}],"about":[{"href":"https:\/\/linitiative.ca\/International\/wp-json\/wp\/v2\/types\/post"}],"author":[{"embeddable":true,"href":"https:\/\/linitiative.ca\/International\/wp-json\/wp\/v2\/users\/1743"}],"replies":[{"embeddable":true,"href":"https:\/\/linitiative.ca\/International\/wp-json\/wp\/v2\/comments?post=70032"}],"version-history":[{"count":0,"href":"https:\/\/linitiative.ca\/International\/wp-json\/wp\/v2\/posts\/70032\/revisions"}],"wp:attachment":[{"href":"https:\/\/linitiative.ca\/International\/wp-json\/wp\/v2\/media?parent=70032"}],"wp:term":[{"taxonomy":"category","embeddable":true,"href":"https:\/\/linitiative.ca\/International\/wp-json\/wp\/v2\/categories?post=70032"},{"taxonomy":"post_tag","embeddable":true,"href":"https:\/\/linitiative.ca\/International\/wp-json\/wp\/v2\/tags?post=70032"}],"curies":[{"name":"wp","href":"https:\/\/api.w.org\/{rel}","templated":true}]}}