{"id":70035,"date":"2019-12-12T12:10:00","date_gmt":"2019-12-12T17:10:00","guid":{"rendered":"https:\/\/linitiative.ca\/International\/mohamed-salah-ben-ammar-laumone-comme-alibi\/"},"modified":"2019-12-12T12:10:00","modified_gmt":"2019-12-12T17:10:00","slug":"mohamed-salah-ben-ammar-laumone-comme-alibi","status":"publish","type":"post","link":"https:\/\/linitiative.ca\/International\/mohamed-salah-ben-ammar-laumone-comme-alibi\/","title":{"rendered":"Mohamed Salah Ben Ammar: L\u2019aum\u00f4ne comme alibi"},"content":{"rendered":"<p><img decoding=\"async\" src=\"\/uploads\/FCK_files\/Mohamed-Salah-Ben-Ammar(5).jpg\" alt=\"\" width=\"30%\" vspace=\"5\" hspace=\"5\" align=\"left\"\/>L\u2019article de loi portant sur la cr\u00e9ation d\u2019une caisse de Zaket dans la LF 2020 a suscit\u00e9 des d\u00e9bats passionn\u00e9s. Pourquoi un gouvernement qui se dit \u00ab moderniste \u00bb a-t-il accept\u00e9 de l\u2019ins\u00e9rer dans la LF 2020 ?<\/p>\n<p>Personnellement je trouve que cette affaire est riche en le\u00e7ons. Clairement, la finalit\u00e9 premi\u00e8re de ceux qui l\u2019ont propos\u00e9 n\u2019\u00e9tait pas de lutter contre la pauvret\u00e9, c&rsquo;est une man\u0153uvre politique. Pour les porteurs du projet, toutes les occasions sont bonnes pour souligner encore un peu plus les \u00e9carts qui existent dans notre soci\u00e9t\u00e9, entre ceux qui pr\u00e9tendent craindre Dieu et parlent en Son Nom c\u2019est-\u00e0-dire eux et les autres, les modernistes, les occidentalis\u00e9s, les vendus, ceux qu\u2019on traite parfois de \u00ab m\u00e9cr\u00e9ants \u00bb et ce fut le cas pour la caisse de Zaket.<\/p>\n<p>Depuis 2011 les attaques contre notre mod\u00e8le de soci\u00e9t\u00e9 se suivent et se ressemblent, le projet de caisse de l\u2019aum\u00f4ne n\u2019est qu\u2019une des facettes d\u2019un vaste projet de transformation de notre soci\u00e9t\u00e9 et de l\u2019appareil de l\u2019Etat. Les forces r\u00e9trogrades n\u2019h\u00e9sitent pas \u00e0 recourir \u00e0 toutes les man\u0153uvres pour exploiter \u00e0 l\u2019infini et sous toutes les formes les tensions perceptibles dans notre soci\u00e9t\u00e9. R\u00e9activer les Habous ou cr\u00e9er un fond de Zaket rel\u00e8vent du m\u00eame modus operandi, des m\u00eames r\u00e9f\u00e9rences id\u00e9ologiques, de la m\u00eame rh\u00e9torique, les m\u00eames arguments sont avanc\u00e9s\u2026Sans tenir compte de notre histoire r\u00e9cente et pass\u00e9e, ils ont d\u00e9cr\u00e9t\u00e9 que notre soci\u00e9t\u00e9 devait avoir une identit\u00e9, unique et invariable, la leur, une lecture de la religion, la leur, une fa\u00e7on de penser l\u2019avenir et m\u00eame une tenue vestimentaire pour les femmes. Ceux qui sortent du rang sont trait\u00e9s de ren\u00e9gats, de m\u00e9cr\u00e9ants, de <span class=\"c2\"><strong>\u0627\u0644\u0625\u0633\u062a\u0626\u0635\u0627\u0644\u064a\u0648\u0646<\/strong><\/span>, de collaborateurs et insulte supr\u00eame d\u2019agents du sionisme.<\/p>\n<p>L\u2019\u00e9tendue de la pauvret\u00e9 est une honte dans nos soci\u00e9t\u00e9s. Les \u00e9carts de richesses entre les classes sociales sont ind\u00e9cents, une offense, une atteinte \u00e0 la dignit\u00e9 humaine. Oui, il faut plus de justice sociale et beaucoup plus de s\u00e9rieux pour une juste r\u00e9partition des richesses, mais jamais dans l\u2019histoire une droite ultra lib\u00e9rale n\u2019a r\u00e9ussi \u00e0 le faire, bien au contraire, elle a toujours enrichis les riches et appauvris les pauvres. Distribuer des cartables ou du riz ou construire un dispensaire par-ci par-l\u00e0 \u00e0 travers un nouveau 26-26 n\u2019est que d\u00e9magogie et ne peut constituer une solution efficace pour lutter contre la pauvret\u00e9. Bizarrement, on aborde de fa\u00e7on pudique le sujet de l\u2019\u00e9vasion fiscale dans notre pays, quelle est son ampleur ? Existe-t-il une r\u00e9elle volont\u00e9 de lutter contre ? L\u2019utilisation de l\u2019argent publique est-elle optimale ? La fuite des capitaux se chiffre \u00e0 combien depuis 2011 ? Comment pourra-t-on les rapatrier ? Jusqu\u2019\u00e0 quand notre \u00e9conomie sera-elle encore entre les mains de 10 familles qui contr\u00f4lent tous les secteurs, la production, la distribution, la banque, l\u2019assurance\u2026et m\u00eame dit-on la presse et les partis politiques ? Notre pl\u00e9thorique administration a-t-elle les moyens d\u2019assurer ses missions ? Ses m\u00e9thodes de travail sont-elles adapt\u00e9es aux imp\u00e9ratifs du moment ?<\/p>\n<p>Alors ne tombons pas dans le pi\u00e8ge des d\u00e9bats autour de sujets d\u2019un autre temps. Arr\u00eatez Messieurs de vouloir nous faire revenir en arri\u00e8re, non la femme n\u2019est pas le compl\u00e9ment de l\u2019homme, elle est l\u2019\u00e9gale de l\u2019homme en droits et devoirs, h\u00e9ritage inclus. Manger pendant le Ramadan est mon probl\u00e8me. Recourir \u00e0 l\u2019assurance n\u2019est pas interdit, il est m\u00eame obligatoire si l\u2019on veut se prot\u00e9ger et prot\u00e9ger les autres, les int\u00e9r\u00eats bancaires sont peut-\u00eatre malsains mais nous sommes oblig\u00e9s de nous y plier et le recours \u00e0 des subterfuges pour les rendre \u00ab\u00a0hallals\u00a0\u00bb, reviens exactement au m\u00eame sinon pire. Recourir au calendrier h\u00e9girien, ou aux chiffres indiens ou porter le voile ne fera pas de nous de meilleurs musulmans&#8230; Arr\u00eatons de nous contorsionner pour mettre les imp\u00e9ratifs de la modernit\u00e9 dans le moule d\u2019une lecture r\u00e9trograde des principes religieux. On ne peut plus nous tromper, la religion a \u00e9t\u00e9 trop souvent instrumentalis\u00e9e au service d\u2019id\u00e9ologies oppressives.<\/p>\n<p>Le temps des id\u00e9ologies d\u2019Etat est d\u00e9pass\u00e9. Mobilisons nos \u00e9nergies pour aborder les vrais d\u00e9fis de l\u2019heure sans pr\u00e9jug\u00e9s, les probl\u00e8mes qui taraudent nos jeunes, ceux qui minent notre soci\u00e9t\u00e9, notre enseignement, notre m\u00e9decine, les freins qui plombent notre \u00e9conomie sont immenses. R\u00e9veillons-nous, la mondialisation a fait de nous une soci\u00e9t\u00e9 de consommation qui regarde passive la caravane du progr\u00e8s s\u2019\u00e9loigner de nous, tous les jours.<\/p>\n<p class=\"c3\"><strong>Dr Mohamed Salah Ben Ammar<\/strong><\/p>\n<p>Auteur:<br \/>\n<a href=\"https:\/\/www.leaders.com.tn\/article\/28613-mohamed-salah-ben-ammar-l-aumone-comme-alibi\">Cliquez ici pour lire l&rsquo;article depuis sa source.<\/a><\/p>\n","protected":false},"excerpt":{"rendered":"<p>L\u2019article de loi portant sur la cr\u00e9ation d\u2019une caisse de Zaket dans la LF 2020 a suscit\u00e9 des d\u00e9bats passionn\u00e9s. Pourquoi un gouvernement qui se dit \u00ab moderniste \u00bb a-t-il accept\u00e9 de l\u2019ins\u00e9rer dans la LF 2020 ? Personnellement je trouve que cette affaire est riche en le\u00e7ons. Clairement, la finalit\u00e9 premi\u00e8re de ceux qui [&hellip;]<\/p>\n","protected":false},"author":1772,"featured_media":70036,"comment_status":"closed","ping_status":"closed","sticky":false,"template":"","format":"standard","meta":{"fifu_image_url":"","fifu_image_alt":"","footnotes":""},"categories":[73,55],"tags":[],"class_list":["post-70035","post","type-post","status-publish","format-standard","has-post-thumbnail","hentry","category-actualite","category-tunisie"],"_links":{"self":[{"href":"https:\/\/linitiative.ca\/International\/wp-json\/wp\/v2\/posts\/70035","targetHints":{"allow":["GET"]}}],"collection":[{"href":"https:\/\/linitiative.ca\/International\/wp-json\/wp\/v2\/posts"}],"about":[{"href":"https:\/\/linitiative.ca\/International\/wp-json\/wp\/v2\/types\/post"}],"author":[{"embeddable":true,"href":"https:\/\/linitiative.ca\/International\/wp-json\/wp\/v2\/users\/1772"}],"replies":[{"embeddable":true,"href":"https:\/\/linitiative.ca\/International\/wp-json\/wp\/v2\/comments?post=70035"}],"version-history":[{"count":0,"href":"https:\/\/linitiative.ca\/International\/wp-json\/wp\/v2\/posts\/70035\/revisions"}],"wp:featuredmedia":[{"embeddable":true,"href":"https:\/\/linitiative.ca\/International\/wp-json\/"}],"wp:attachment":[{"href":"https:\/\/linitiative.ca\/International\/wp-json\/wp\/v2\/media?parent=70035"}],"wp:term":[{"taxonomy":"category","embeddable":true,"href":"https:\/\/linitiative.ca\/International\/wp-json\/wp\/v2\/categories?post=70035"},{"taxonomy":"post_tag","embeddable":true,"href":"https:\/\/linitiative.ca\/International\/wp-json\/wp\/v2\/tags?post=70035"}],"curies":[{"name":"wp","href":"https:\/\/api.w.org\/{rel}","templated":true}]}}