{"id":70037,"date":"2019-12-12T12:57:00","date_gmt":"2019-12-12T17:57:00","guid":{"rendered":"https:\/\/linitiative.ca\/International\/dar-sakka-la-legende-par-mohamed-bargaoui\/"},"modified":"2019-12-12T12:57:00","modified_gmt":"2019-12-12T17:57:00","slug":"dar-sakka-la-legende-par-mohamed-bargaoui","status":"publish","type":"post","link":"https:\/\/linitiative.ca\/International\/dar-sakka-la-legende-par-mohamed-bargaoui\/","title":{"rendered":"\u00abDar Sakka la l\u00e9gende\u00bb par Mohamed Bargaoui"},"content":{"rendered":"<p>Pr\u00e8s de la plage de Monastir, jouxtant la place du 3 aout, une demeure patricienne d\u00e9tonne par rapport \u00e0 son environnement avec son architecture n\u00e9o mauresque. C\u2019est Dar Sakka. Construite il y a tout juste 98 ans\u00a0 par Hassen Sakka, Ca\u00efd de Monastir, \u00e0 son retour du p\u00e9l\u00e9rinage, elle fascine jusqu\u2019\u00e0 nos jours\u00a0 par son architecture n\u00e9o mauresque, son portail bleu clout\u00e9, et son site en bordure de la mer. Elle intrigue aussi depuis qu\u2019on a d\u00e9couvert \u00e0 plusieurs reprises des squelettes humains dans ses murs d\u2019une \u00e9paisseur d\u2019un m\u00e8tre et de demi comme s\u2019ils \u00e9taient faits pour, ce qui avait\u00a0 aliment\u00e9 les rumeurs les plus fantaisistes et donner naissance \u00e0 la\u00a0 l\u00e9gende d\u2019une maison hant\u00e9e qui persiste jusqu\u2019\u00e0 nos jours.<\/p>\n<p>A la mort de son propri\u00e9taire, Dar Sakka conna\u00eetra\u00a0 bien des avatars. Elle a servi de bureau pour le contr\u00f4leur civil fran\u00e7ais sous le protectorat, puis abrit\u00e9 successivement les locaux de l\u2019\u00e9cole normale\u00a0 d\u2019instituteurs, le si\u00e8ge de la Soci\u00e9t\u00e9 H\u00f4teli\u00e8re et Touristique de la Tunisie, et failli devenir un laboratoire international d\u00e9di\u00e9 aux dauphins avant de subir des transformations pour abriter un centre d\u2019animation comprenant un salon de th\u00e9 et un restaurant qui a malheureusement ferm\u00e9 ses portes aout 2019.<\/p>\n<p>Dans cet opuscule, notre confr\u00e8re Mohamed Mohamed Bergaoui retrace l\u2019histoire de ce palais en remontant au farik Osman, un officier turc. A l&rsquo;origine, c&rsquo;\u00e9tait une demeure imposante qui donnera naissance \u00e0 trois b\u00e2tisses dont la plus belle \u00e9tait celle construite par le Ca\u00efd Hassan Sakka. L&rsquo;auteur s&rsquo;int\u00e9resse particuli\u00e8rement \u00e0 ce Ca\u00efd, un v\u00e9ritable personnage de roman, \u00e9voque sa carri\u00e8re mouvement\u00e9e, \u00abla triste fin du patriarche\u00bb. Comment il a \u00e9t\u00e9 oblig\u00e9 de vendre son palais \u00e0 un m\u00e9decin fran\u00e7ais. Il ne nous \u00e9pargne aucun d\u00e9tail. On voit bien qu&rsquo;il a bien travaill\u00e9 son sujet. Le livre se lit comme un livre d&rsquo;histoire. Les rivalit\u00e9s entre les familles, les intrigues, Tout est permis. Il nous d\u00e9crit un monde impitoyable, avec en toile de fond, les pr\u00e9mices de la lutte nationale dans ce sahel de l&rsquo;entre-deux-guerres en pleine \u00e9bullition, \u00e9voque la question des naturalisations qui est habilement exploit\u00e9e par les nationalistes.<\/p>\n<p><em>Dar Sakka, la l\u00e9gende par Mohamed Bergaoui 26 pages<\/em><\/p>\n<p>Auteur:<br \/>\n<a href=\"https:\/\/www.leaders.com.tn\/article\/28542-dar-essakka-mohamed-barguaoui\">Cliquez ici pour lire l&rsquo;article depuis sa source.<\/a><\/p>\n","protected":false},"excerpt":{"rendered":"<p>Pr\u00e8s de la plage de Monastir, jouxtant la place du 3 aout, une demeure patricienne d\u00e9tonne par rapport \u00e0 son environnement avec son architecture n\u00e9o mauresque. C\u2019est Dar Sakka. Construite il y a tout juste 98 ans\u00a0 par Hassen Sakka, Ca\u00efd de Monastir, \u00e0 son retour du p\u00e9l\u00e9rinage, elle fascine jusqu\u2019\u00e0 nos jours\u00a0 par son [&hellip;]<\/p>\n","protected":false},"author":1772,"featured_media":0,"comment_status":"closed","ping_status":"closed","sticky":false,"template":"","format":"standard","meta":{"fifu_image_url":"","fifu_image_alt":"","footnotes":""},"categories":[73,55],"tags":[],"class_list":["post-70037","post","type-post","status-publish","format-standard","hentry","category-actualite","category-tunisie"],"_links":{"self":[{"href":"https:\/\/linitiative.ca\/International\/wp-json\/wp\/v2\/posts\/70037","targetHints":{"allow":["GET"]}}],"collection":[{"href":"https:\/\/linitiative.ca\/International\/wp-json\/wp\/v2\/posts"}],"about":[{"href":"https:\/\/linitiative.ca\/International\/wp-json\/wp\/v2\/types\/post"}],"author":[{"embeddable":true,"href":"https:\/\/linitiative.ca\/International\/wp-json\/wp\/v2\/users\/1772"}],"replies":[{"embeddable":true,"href":"https:\/\/linitiative.ca\/International\/wp-json\/wp\/v2\/comments?post=70037"}],"version-history":[{"count":0,"href":"https:\/\/linitiative.ca\/International\/wp-json\/wp\/v2\/posts\/70037\/revisions"}],"wp:attachment":[{"href":"https:\/\/linitiative.ca\/International\/wp-json\/wp\/v2\/media?parent=70037"}],"wp:term":[{"taxonomy":"category","embeddable":true,"href":"https:\/\/linitiative.ca\/International\/wp-json\/wp\/v2\/categories?post=70037"},{"taxonomy":"post_tag","embeddable":true,"href":"https:\/\/linitiative.ca\/International\/wp-json\/wp\/v2\/tags?post=70037"}],"curies":[{"name":"wp","href":"https:\/\/api.w.org\/{rel}","templated":true}]}}