{"id":70038,"date":"2019-12-12T14:31:00","date_gmt":"2019-12-12T19:31:00","guid":{"rendered":"https:\/\/linitiative.ca\/International\/habib-jemli-sollicite-aupres-de-kais-saied-la-prorogation-du-delai-de-formation-de-son-gouvernement\/"},"modified":"2019-12-12T14:31:00","modified_gmt":"2019-12-12T19:31:00","slug":"habib-jemli-sollicite-aupres-de-kais-saied-la-prorogation-du-delai-de-formation-de-son-gouvernement","status":"publish","type":"post","link":"https:\/\/linitiative.ca\/International\/habib-jemli-sollicite-aupres-de-kais-saied-la-prorogation-du-delai-de-formation-de-son-gouvernement\/","title":{"rendered":"Habib Jemli sollicite aupr\u00e8s de Kais Saied la prorogation du d\u00e9lai de formation de son gouvernement"},"content":{"rendered":"<p>Le mois qui lui \u00e9tait imparti pour constituer son gouvernement et l\u2019obtention de son investiture par l\u2019ARP s\u2019est av\u00e9r\u00e9 insuffisant pour y parvenir. Re\u00e7u jeudi en fin d&rsquo;apr\u00e8s-midi par le chef de l\u2019Etat, Habib Jemli a sollicit\u00e9 la prorogation de ce d\u00e9lai d\u2019un mois suppl\u00e9mentaire, comme l\u2019y autorise la constitution. Il a cependant laiss\u00e9 entendre qu\u2019il n\u2019\u00e9puisera pas totalement ces trente jours, affirmant qu\u2019il s\u2019emploiera \u00e0 former son cabinet le plus t\u00f4t possible.<\/p>\n<p>En se donnant ce d\u00e9lai suppl\u00e9mentaire, Jemli se soustrait \u00e0 la pression de l\u2019\u00e9ch\u00e9ance initiale, esp\u00e9rant parvenir \u00e0 choisir les ministres, de tous bords, qu\u2019il juge les plus appropri\u00e9s et aussi \u00e0 r\u00e9unir une large majorit\u00e9 en faveur de son gouvernement. Les difficult\u00e9s qu\u2019il rencontre sont visibles, avec la multiplication des tractations men\u00e9es par les diff\u00e9rents partis parlementaires, \u00e0 l\u2019exclusion du PDL d\u2019Abir Moussi qui s\u2019inscrit d\u2019embl\u00e9e dans l\u2019opposition, et les man\u0153uvres de certains \u00ab\u00a0barons\u00a0\u00bb.<\/p>\n<p>Auteur:<br \/>\n<a href=\"https:\/\/www.leaders.com.tn\/article\/28619-habib-jemli-sollicite-aupres-de-kais-saied-la-prorogation-du-delai-de-formation-de-son-gouvernement\">Cliquez ici pour lire l&rsquo;article depuis sa source.<\/a><\/p>\n","protected":false},"excerpt":{"rendered":"<p>Le mois qui lui \u00e9tait imparti pour constituer son gouvernement et l\u2019obtention de son investiture par l\u2019ARP s\u2019est av\u00e9r\u00e9 insuffisant pour y parvenir. Re\u00e7u jeudi en fin d&rsquo;apr\u00e8s-midi par le chef de l\u2019Etat, Habib Jemli a sollicit\u00e9 la prorogation de ce d\u00e9lai d\u2019un mois suppl\u00e9mentaire, comme l\u2019y autorise la constitution. Il a cependant laiss\u00e9 entendre [&hellip;]<\/p>\n","protected":false},"author":1772,"featured_media":0,"comment_status":"closed","ping_status":"closed","sticky":false,"template":"","format":"standard","meta":{"fifu_image_url":"","fifu_image_alt":"","footnotes":""},"categories":[73,55],"tags":[],"class_list":["post-70038","post","type-post","status-publish","format-standard","hentry","category-actualite","category-tunisie"],"_links":{"self":[{"href":"https:\/\/linitiative.ca\/International\/wp-json\/wp\/v2\/posts\/70038","targetHints":{"allow":["GET"]}}],"collection":[{"href":"https:\/\/linitiative.ca\/International\/wp-json\/wp\/v2\/posts"}],"about":[{"href":"https:\/\/linitiative.ca\/International\/wp-json\/wp\/v2\/types\/post"}],"author":[{"embeddable":true,"href":"https:\/\/linitiative.ca\/International\/wp-json\/wp\/v2\/users\/1772"}],"replies":[{"embeddable":true,"href":"https:\/\/linitiative.ca\/International\/wp-json\/wp\/v2\/comments?post=70038"}],"version-history":[{"count":0,"href":"https:\/\/linitiative.ca\/International\/wp-json\/wp\/v2\/posts\/70038\/revisions"}],"wp:attachment":[{"href":"https:\/\/linitiative.ca\/International\/wp-json\/wp\/v2\/media?parent=70038"}],"wp:term":[{"taxonomy":"category","embeddable":true,"href":"https:\/\/linitiative.ca\/International\/wp-json\/wp\/v2\/categories?post=70038"},{"taxonomy":"post_tag","embeddable":true,"href":"https:\/\/linitiative.ca\/International\/wp-json\/wp\/v2\/tags?post=70038"}],"curies":[{"name":"wp","href":"https:\/\/api.w.org\/{rel}","templated":true}]}}