{"id":70040,"date":"2019-12-12T05:00:00","date_gmt":"2019-12-12T10:00:00","guid":{"rendered":"https:\/\/linitiative.ca\/International\/une-enveloppe-pour-la-chaufferie-et-les-cantines-scolaires\/"},"modified":"2019-12-12T05:00:00","modified_gmt":"2019-12-12T10:00:00","slug":"une-enveloppe-pour-la-chaufferie-et-les-cantines-scolaires","status":"publish","type":"post","link":"https:\/\/linitiative.ca\/International\/une-enveloppe-pour-la-chaufferie-et-les-cantines-scolaires\/","title":{"rendered":"Une enveloppe pour la chaufferie et les cantines scolaires"},"content":{"rendered":"<p>Neuf projets inscrits dans le cadre du programme de mise \u00e0 niveau sont en cours dans la commune de Taher, pour un montant global qui avoisine les 6 milliards de centimes, a-t-on appris aupr\u00e8s de la cellule de communication de la wilaya.<br \/>La m\u00eame source a ajout\u00e9 que l\u2019essentiel de ces op\u00e9rations touche la r\u00e9alisation de la chaufferie centrale des \u00e9coles primaires, citant, entre autres, Labied-Mohamed de Boua\u00e2chir, Boumelite-Salah de Demina, Chibout de Tabelelet, Boukhelout \u00e0 Dekara, Boubidi-Mohamed-Cherif dans la localit\u00e9 de Redjla. Une op\u00e9ration, une fois achev\u00e9e, qui va mettre un terme aux interminables pannes des po\u00eales \u00e0 mazout et l\u2019indisponibilit\u00e9 du gasoil, en raison de la gestion hasardeuse de certains pr\u00e9sidents d\u2019assembl\u00e9es populaires communales. Ce programme pr\u00e9voit la r\u00e9alisation d\u2019une cantine scolaire pouvant servir 200 repas\/jour pour un montant de 1,3 milliard de centimes pour l\u2019\u00e9cole primaire de la localit\u00e9 de Dekara. On apprend \u00e9galement que le programme de mise \u00e0 niveau comporte, en outre, la r\u00e9alisation d\u2019une aire de jeux \u00e0 Tassifet pour un montant de plus de 440 millions de centimes, la r\u00e9habilitation de la route reliant le cimeti\u00e8re des martyrs au centre d\u2019enfouissement technique de Demina, en passant par Ouled Fadel pour un montant de 3 milliards de centimes. Pour rappel, le wali, Far Bachir, avait affirm\u00e9 il y a quelques mois que le programme de mise \u00e0 niveau octroy\u00e9 \u00e0 la wilaya de Jijel par le minist\u00e8re de l\u2019int\u00e9rieur, des collectivit\u00e9s locales et de l\u2019am\u00e9nagement du territoire comporte la r\u00e9alisation de 715 op\u00e9rations dans diff\u00e9rents secteurs ciblant 627 localit\u00e9s et mechtas, pour un montant de 1 400 milliards de centimes.<br \/>B. M. C.<\/p>\n<p>Auteur:<br \/>\n<a href=\"https:\/\/www.lesoirdalgerie.com\/societe\/une-enveloppe-pour-la-chaufferie-et-les-cantines-scolaires-35141\">Cliquez ici pour lire l&rsquo;article depuis sa source.<\/a><\/p>\n","protected":false},"excerpt":{"rendered":"<p>Neuf projets inscrits dans le cadre du programme de mise \u00e0 niveau sont en cours dans la commune de Taher, pour un montant global qui avoisine les 6 milliards de centimes, a-t-on appris aupr\u00e8s de la cellule de communication de la wilaya.La m\u00eame source a ajout\u00e9 que l\u2019essentiel de ces op\u00e9rations touche la r\u00e9alisation de [&hellip;]<\/p>\n","protected":false},"author":1741,"featured_media":0,"comment_status":"closed","ping_status":"closed","sticky":false,"template":"","format":"standard","meta":{"fifu_image_url":"","fifu_image_alt":"","footnotes":""},"categories":[73,53],"tags":[],"class_list":["post-70040","post","type-post","status-publish","format-standard","hentry","category-actualite","category-algerie"],"_links":{"self":[{"href":"https:\/\/linitiative.ca\/International\/wp-json\/wp\/v2\/posts\/70040","targetHints":{"allow":["GET"]}}],"collection":[{"href":"https:\/\/linitiative.ca\/International\/wp-json\/wp\/v2\/posts"}],"about":[{"href":"https:\/\/linitiative.ca\/International\/wp-json\/wp\/v2\/types\/post"}],"author":[{"embeddable":true,"href":"https:\/\/linitiative.ca\/International\/wp-json\/wp\/v2\/users\/1741"}],"replies":[{"embeddable":true,"href":"https:\/\/linitiative.ca\/International\/wp-json\/wp\/v2\/comments?post=70040"}],"version-history":[{"count":0,"href":"https:\/\/linitiative.ca\/International\/wp-json\/wp\/v2\/posts\/70040\/revisions"}],"wp:attachment":[{"href":"https:\/\/linitiative.ca\/International\/wp-json\/wp\/v2\/media?parent=70040"}],"wp:term":[{"taxonomy":"category","embeddable":true,"href":"https:\/\/linitiative.ca\/International\/wp-json\/wp\/v2\/categories?post=70040"},{"taxonomy":"post_tag","embeddable":true,"href":"https:\/\/linitiative.ca\/International\/wp-json\/wp\/v2\/tags?post=70040"}],"curies":[{"name":"wp","href":"https:\/\/api.w.org\/{rel}","templated":true}]}}