{"id":70041,"date":"2019-12-12T05:00:00","date_gmt":"2019-12-12T10:00:00","guid":{"rendered":"https:\/\/linitiative.ca\/International\/ah-ya-ezzman\/"},"modified":"2019-12-12T05:00:00","modified_gmt":"2019-12-12T10:00:00","slug":"ah-ya-ezzman","status":"publish","type":"post","link":"https:\/\/linitiative.ca\/International\/ah-ya-ezzman\/","title":{"rendered":"Ah ! Ya ezzman !"},"content":{"rendered":"<p>-On est jeudi !<br \/>-Oui, on est jeudi. Et alors ?<br \/>-Ben \u2026 faut surtout pas oublier.<br \/>-Mais oublier quoi, \u00e0 la fin ?<br \/>-Que demain, c\u2019est vendredi !<br \/>-???<\/p>\n<p>Beaucoup s\u2019offusquent des images et vid\u00e9os du proc\u00e8s dit de l\u2019\u00abautomobile\u00bb diffus\u00e9es par plusieurs t\u00e9l\u00e9visions locales et offshores. Je n\u2019entrerai pas dans le d\u00e9bat juridique sur le bien-fond\u00e9 de cette diffusion et sa d\u00e9nonciation. Les juges et les avocats sont plus \u00e0 m\u00eame de le faire. Chacun dans son domaine de comp\u00e9tence. Et la mienne de comp\u00e9tence, ce matin, c\u2019est la \u2026 m\u00e9moire ! Oui ! M\u00e9moire \u00e0 tiroirs. J\u2019ouvre le premier tiroir. Et dedans, cette ancienne d\u00e9claration d\u2019un ancien ministre de la Justice amateur de laitages : \u00abLes d\u00e9cisions de justice ne doivent jamais \u00eatre discut\u00e9es, remises en cause, sous peine d\u2019exposer les auteurs de ces critiques d\u2019un verdict de cours \u00e0 des poursuites.\u00bb Eh bien, moi, aujourd\u2019hui, avec des ann\u00e9es de recul, r\u00e9troactivement, je souscris pleinement \u00e0 cette d\u00e9claration. Les verdicts prononc\u00e9s ces derni\u00e8res heures par la justice ne doivent pas \u00eatre discut\u00e9s, remis en cause. Aux avocats de faire leur boulot. Ah ya ezzman ! J\u2019ouvre le second tiroir dans ma commode \u00e0 souvenirs. Toujours dans cette rubrique \u00abimages du proc\u00e8s, pour ou contre ?\u00bb. Et d\u2019autres images remontent \u00e0 la surface. Des personnes pr\u00e9sentes dans le box des accus\u00e9s, ces derni\u00e8res heures, avaient ordonn\u00e9 \u00e0 des cha\u00eenes dites \u00abpriv\u00e9es\u00bb, surtout priv\u00e9es de d\u00e9cence et d\u2019\u00e9thique, de diffuser des photos vol\u00e9es et des vid\u00e9os capt\u00e9es, chip\u00e9es de la vie priv\u00e9e d\u2019activistes, de militants ou tout simplement de citoyennes et de citoyens ayant port\u00e9 la contestation dans la rue. Je pense au mouvement Barakat dont des membres ont vu leur droit \u00e0 l\u2019intime, \u00e0 l\u2019image sali, bafou\u00e9 par ces diffusions, sur ordre de ceux-l\u00e0 m\u00eames qui se plaignent aujourd\u2019hui des vid\u00e9os du proc\u00e8s. Ah ! Ya ezzman ! La vie est coquine qui envoie ainsi des signaux aussi d\u00e9routants, tout en arabesques sur l\u2019horloge des puissants. A l\u2019\u00e9poque, des vies, des vies militantes, des vies d\u2019individus, des vies de couples avaient \u00e9t\u00e9 bris\u00e9es. Et personne pour s\u2019en offusquer dans la \u00abbasse-cour\u00bb qui piaille et jacasse aujourd\u2019hui sur les proc\u00e8s film\u00e9s. Finalement, il n\u2019y a qu\u2019un truc qui ne change pas dans cette \u00e9quation terrible, entre hier et aujourd\u2019hui. Le support de la salissure ! Ces quelques cha\u00eenes aux oreilles desquelles les ordres de vomir sont aboy\u00e9s, et qui s\u2019ex\u00e9cutent sans cligner de l\u2019\u0153illeton de la cam\u00e9ra. Ah ! Ya ezzman ! Je fume du th\u00e9 et je reste \u00e9veill\u00e9, le cauchemar continue.<br \/>H. L.<\/p>\n<p>Auteur:<br \/>\n<a href=\"https:\/\/www.lesoirdalgerie.com\/pousse-avec-eux\/ah-ya-ezzman-35140\">Cliquez ici pour lire l&rsquo;article depuis sa source.<\/a><\/p>\n","protected":false},"excerpt":{"rendered":"<p>-On est jeudi !-Oui, on est jeudi. Et alors ?-Ben \u2026 faut surtout pas oublier.-Mais oublier quoi, \u00e0 la fin ?-Que demain, c\u2019est vendredi !-??? Beaucoup s\u2019offusquent des images et vid\u00e9os du proc\u00e8s dit de l\u2019\u00abautomobile\u00bb diffus\u00e9es par plusieurs t\u00e9l\u00e9visions locales et offshores. Je n\u2019entrerai pas dans le d\u00e9bat juridique sur le bien-fond\u00e9 de cette [&hellip;]<\/p>\n","protected":false},"author":1741,"featured_media":0,"comment_status":"closed","ping_status":"closed","sticky":false,"template":"","format":"standard","meta":{"fifu_image_url":"","fifu_image_alt":"","footnotes":""},"categories":[73,53],"tags":[],"class_list":["post-70041","post","type-post","status-publish","format-standard","hentry","category-actualite","category-algerie"],"_links":{"self":[{"href":"https:\/\/linitiative.ca\/International\/wp-json\/wp\/v2\/posts\/70041","targetHints":{"allow":["GET"]}}],"collection":[{"href":"https:\/\/linitiative.ca\/International\/wp-json\/wp\/v2\/posts"}],"about":[{"href":"https:\/\/linitiative.ca\/International\/wp-json\/wp\/v2\/types\/post"}],"author":[{"embeddable":true,"href":"https:\/\/linitiative.ca\/International\/wp-json\/wp\/v2\/users\/1741"}],"replies":[{"embeddable":true,"href":"https:\/\/linitiative.ca\/International\/wp-json\/wp\/v2\/comments?post=70041"}],"version-history":[{"count":0,"href":"https:\/\/linitiative.ca\/International\/wp-json\/wp\/v2\/posts\/70041\/revisions"}],"wp:attachment":[{"href":"https:\/\/linitiative.ca\/International\/wp-json\/wp\/v2\/media?parent=70041"}],"wp:term":[{"taxonomy":"category","embeddable":true,"href":"https:\/\/linitiative.ca\/International\/wp-json\/wp\/v2\/categories?post=70041"},{"taxonomy":"post_tag","embeddable":true,"href":"https:\/\/linitiative.ca\/International\/wp-json\/wp\/v2\/tags?post=70041"}],"curies":[{"name":"wp","href":"https:\/\/api.w.org\/{rel}","templated":true}]}}