{"id":70042,"date":"2019-12-12T05:00:00","date_gmt":"2019-12-12T10:00:00","guid":{"rendered":"https:\/\/linitiative.ca\/International\/v-i-g-i-l-a-n-c-e\/"},"modified":"2019-12-12T05:00:00","modified_gmt":"2019-12-12T10:00:00","slug":"v-i-g-i-l-a-n-c-e","status":"publish","type":"post","link":"https:\/\/linitiative.ca\/International\/v-i-g-i-l-a-n-c-e\/","title":{"rendered":"V.I.G.I.L.A.N.C.E."},"content":{"rendered":"<p>Le Hirak, nous le portons dans nos c\u0153urs et par nos plumes depuis le 22 f\u00e9vrier 2019. Nous en r\u00eavions tout au long de ces vingt ann\u00e9es o\u00f9 nous \u00e9tions isol\u00e9s, r\u00e9prim\u00e9s par divers moyens, priv\u00e9s de publicit\u00e9 pour la bonne et simple raison que notre ligne \u00e9ditoriale ne plaisait pas au clan Bouteflika. Avec d&rsquo;autres titres libres, nous avons subi tant d&rsquo;injustices ! Rares sont les hommes politiques, les partis ou les associations qui sont venus \u00e0 notre secours. C&rsquo;est pourquoi nous avons toujours d\u00e9nonc\u00e9 le syst\u00e8me partisan scl\u00e9ros\u00e9 dans lequel s&rsquo;enfermait l&rsquo;opposition, jalouse qu&rsquo;elle \u00e9tait de ses positions privil\u00e9gi\u00e9es, m\u00eame si certaines parties ont \u00e9galement subi l&rsquo;isolement et la r\u00e9pression. Dans nos \u00e9crits, nous avons toujours insist\u00e9 sur l&rsquo;esprit r\u00e9volutionnaire qui, un jour ou l&rsquo;autre, se r\u00e9veillerait pour porter l&rsquo;espoir des larges masses en un syst\u00e8me non seulement d\u00e9mocratique, mais surtout d\u00e9barrass\u00e9 de l&rsquo;oligarchie dominante et b\u00e2ti sur un d\u00e9veloppement \u00e9conomique autonome r\u00e9pondant aux int\u00e9r\u00eats nationaux, ainsi que sur une juste r\u00e9partition des richesses nationales. Une d\u00e9mocratie \u00e0 la fran\u00e7aise serait la pire pour nous, car elle donnerait encore plus de moyens \u00e0 l&rsquo;oligarchie et la lutte des classes, in\u00e9vitable, qui prendrait n\u00e9cessairement des formes violentes. La solution, \u00e9crivions-nous, est dans la r\u00e9volution citoyenne pacifique.<br \/>C&rsquo;est pourquoi ce Hirak, \u00e0 nul autre pareil, a \u00e9t\u00e9 port\u00e9 \u00e0 bout de bras par tous les patriotes. Mais, au fur et \u00e0 mesure qu&rsquo;il durait dans le temps, nous prenions la mesure des menaces qui planaient sur les marches du vendredi ; nous appelions \u00e0 l&rsquo;unit\u00e9 et \u00e0 la vigilance, conscients que nous \u00e9tions des risques de division et de manipulation qui pouvaient appara\u00eetre et tout remettre en cause. Nous r\u00e9clamions, d\u00e8s nos premiers \u00e9crits, la structuration verticale du mouvement, c&rsquo;est-\u00e0-dire l&rsquo;\u00e9mergence d&rsquo;une direction issue de la base \u00e0 travers l&rsquo;\u00e9lection de comit\u00e9s r\u00e9volutionnaires de villages et de quartiers qui formeront, tout \u00e0 fait en haut de la pyramide, un conseil national qui aura autorit\u00e9 pour tracer le programme politique unitaire et d\u00e9finir les actions \u00e0 entreprendre. Mais entendons-nous bien, une telle organisation n&rsquo;aurait \u00e9t\u00e9 possible qu&rsquo;au d\u00e9but du mouvement, lorsque les revendications \u00e9taient unifi\u00e9es et que les partisans n&rsquo;avaient pas encore trouv\u00e9 la faille pour diviser le Hirak. Des leaders politiques, en rupture de ban avec la soci\u00e9t\u00e9, intervenaient presque quotidiennement pour stigmatiser la structuration verticale et appeler \u00e0 la non-organisation du Hirak qui n&rsquo;en serait que \u00abplus fort\u00bb! Erreur fondamentale ! Erreur strat\u00e9gique! En refusant de s&rsquo;auto-organiser, le mouvement du 22 f\u00e9vrier a pris le mauvais chemin des Gilets jaunes qui tournent en rond depuis plus d&rsquo;une ann\u00e9e sans r\u00e9sultats apparents hormis un nombre incalculable de prisonniers et de bless\u00e9s !<br \/>Avec une direction repr\u00e9sentative, le Hirak aurait eu la possibilit\u00e9 de savoir o\u00f9 il mettait les pieds et dans quelles directions avancer. Il aurait pu construire des ponts de rencontre et de concertation avec le mouvement politique et associatif. Il aurait pu s&rsquo;imposer comme interlocuteur du pouvoir. Il aurait m\u00eame pu se pr\u00e9senter \u00e0 l\u2019\u00e9lection pr\u00e9sidentielle avec une personnalit\u00e9 reconnue et appr\u00e9ci\u00e9e par tous qui, une fois \u00e9lue, pourrait mettre \u00e0 table toutes les revendications populaires et tenter de les satisfaire dans un climat apais\u00e9. En d&rsquo;autres termes, avec une direction repr\u00e9sentative, il aurait \u00e9t\u00e9 possible d&rsquo;aller vers cette transition d\u00e9mocratique tant souhait\u00e9e ! Ainsi, on comprend mieux les arguments de ceux qui nous disent qu&rsquo;il est impossible de dialoguer avec les millions de personnes qui marchent dans les rues. Et d\u00e8s qu&rsquo;on parle aujourd&rsquo;hui de telle ou telle personnalit\u00e9 pour repr\u00e9senter le Hirak, il y a une lev\u00e9e de boucliers. Oui ! La division a fait son effet !<br \/>L&rsquo;arm\u00e9e, qui maintient ses positions depuis le d\u00e9but, c&rsquo;est-\u00e0-dire refuser d&rsquo;utiliser la force pour arr\u00eater les marches et rester dans le cadre des solutions \u00abconstitutionnelles\u00bb, aurait vu avec int\u00e9r\u00eat l&rsquo;\u00e9mergence d&rsquo;une direction avec laquelle elle aurait pu discuter au lieu de se trouver face \u00e0 un mouvement fort par le nombre mais uni par le d\u00e9sir de tout effacer. Pour le remplacer par quoi ? Les militaires n&rsquo;ont pas pour mission de g\u00e9rer les situations politiques, surtout celles, confuses, qui s&rsquo;\u00e9ternisent. Il y a un risque de d\u00e9rapage chaque semaine, des tentatives d&rsquo;infiltration, des provocations, des vis\u00e9es ext\u00e9rieures qui veulent simplement reproduire les scenarii syrien et libyen. Et ce n&rsquo;est pas une vue de l&rsquo;esprit m\u00eame si ce mouvement s&rsquo;oppose lui aussi, et de la mani\u00e8re la plus forte et la plus sinc\u00e8re, \u00e0 l&rsquo;intervention \u00e9trang\u00e8re.<br \/>L&rsquo;arm\u00e9e a tout fait pour aller \u00e0 l&rsquo;\u00e9lection. Et c&rsquo;est aujourd&rsquo;hui que ce vote si controvers\u00e9 aura lieu. Refus\u00e9 par certains, il est accept\u00e9 par d&rsquo;autres. Serait-ce la solution? Visiblement, ce scrutin ne mettra pas fin aux marches. Le nouveau Pr\u00e9sident, ce candidat qui a d\u00e9j\u00e0 vu ses portraits arrach\u00e9s et qui a \u00e9t\u00e9 hu\u00e9, pourchass\u00e9, part affaibli avant d&rsquo;occuper le bureau d&rsquo;El Mouradia ; saura-t-il calmer les esprits face \u00e0 un mouvement qui, priv\u00e9 de direction, n&rsquo;a pour toute logique que la volont\u00e9 de continuer ? \u00c9quation difficile.<br \/>Enfin, je dois reconna\u00eetre que l\u00e0 o\u00f9 je vis, il n&rsquo;y a plus de Hirak depuis des mois. Je ne vote pas depuis le fameux duel FLN-FIS mais je mentirais si je vous disais que les gens autour de moi n&rsquo;iront pas voter. Ici, nous sommes loin des marches et de leurs slogans enflamm\u00e9s, des gr\u00e8ves et des commerces ferm\u00e9s. Cette autre Alg\u00e9rie existe m\u00eame si elle me d\u00e9\u00e7oit. La grande victoire de ce pays serait que les deux Alg\u00e9rie &#8211; celle qui vote et celle qui refuse le scrutin &#8211; puissent coexister dans la paix et la s\u00e9r\u00e9nit\u00e9 afin que les solutions d\u00e9mocratiques soient possibles demain. Le danger qui nous guette tous est de sortir de la sph\u00e8re du pacifisme. Alors, vigilance !<br \/>M. F.<br \/>P. S. : \u00e9videmment, l&rsquo;une des plus grandes pr\u00e9occupations reste la question des prisonniers d&rsquo;opinion. Nous serions \u00e0 c\u00f4t\u00e9 de la plaque si nous ne renouvelions pas nos appels \u00e0 l&rsquo;\u00e9largissement de tous les d\u00e9tenus qui n&rsquo;ont fait qu&rsquo;exprimer leurs id\u00e9es politiques.<\/p>\n<p>Auteur:<br \/>\n<a href=\"https:\/\/www.lesoirdalgerie.com\/les-choses-de-la-vie\/vigilance-35139\">Cliquez ici pour lire l&rsquo;article depuis sa source.<\/a><\/p>\n","protected":false},"excerpt":{"rendered":"<p>Le Hirak, nous le portons dans nos c\u0153urs et par nos plumes depuis le 22 f\u00e9vrier 2019. Nous en r\u00eavions tout au long de ces vingt ann\u00e9es o\u00f9 nous \u00e9tions isol\u00e9s, r\u00e9prim\u00e9s par divers moyens, priv\u00e9s de publicit\u00e9 pour la bonne et simple raison que notre ligne \u00e9ditoriale ne plaisait pas au clan Bouteflika. Avec [&hellip;]<\/p>\n","protected":false},"author":1741,"featured_media":0,"comment_status":"closed","ping_status":"closed","sticky":false,"template":"","format":"standard","meta":{"fifu_image_url":"","fifu_image_alt":"","footnotes":""},"categories":[73,53],"tags":[],"class_list":["post-70042","post","type-post","status-publish","format-standard","hentry","category-actualite","category-algerie"],"_links":{"self":[{"href":"https:\/\/linitiative.ca\/International\/wp-json\/wp\/v2\/posts\/70042","targetHints":{"allow":["GET"]}}],"collection":[{"href":"https:\/\/linitiative.ca\/International\/wp-json\/wp\/v2\/posts"}],"about":[{"href":"https:\/\/linitiative.ca\/International\/wp-json\/wp\/v2\/types\/post"}],"author":[{"embeddable":true,"href":"https:\/\/linitiative.ca\/International\/wp-json\/wp\/v2\/users\/1741"}],"replies":[{"embeddable":true,"href":"https:\/\/linitiative.ca\/International\/wp-json\/wp\/v2\/comments?post=70042"}],"version-history":[{"count":0,"href":"https:\/\/linitiative.ca\/International\/wp-json\/wp\/v2\/posts\/70042\/revisions"}],"wp:attachment":[{"href":"https:\/\/linitiative.ca\/International\/wp-json\/wp\/v2\/media?parent=70042"}],"wp:term":[{"taxonomy":"category","embeddable":true,"href":"https:\/\/linitiative.ca\/International\/wp-json\/wp\/v2\/categories?post=70042"},{"taxonomy":"post_tag","embeddable":true,"href":"https:\/\/linitiative.ca\/International\/wp-json\/wp\/v2\/tags?post=70042"}],"curies":[{"name":"wp","href":"https:\/\/api.w.org\/{rel}","templated":true}]}}