{"id":70045,"date":"2019-12-12T11:44:22","date_gmt":"2019-12-12T16:44:22","guid":{"rendered":"https:\/\/linitiative.ca\/International\/programme-villes-nouvelles-les-lecons-dun-echec-programme\/"},"modified":"2019-12-12T11:44:22","modified_gmt":"2019-12-12T16:44:22","slug":"programme-villes-nouvelles-les-lecons-dun-echec-programme","status":"publish","type":"post","link":"https:\/\/linitiative.ca\/International\/programme-villes-nouvelles-les-lecons-dun-echec-programme\/","title":{"rendered":"Programme Villes Nouvelles : Les le\u00e7ons d\u2019un \u00e9chec programm\u00e9"},"content":{"rendered":"<p><strong>Lanc\u00e9 en grande pompe en 2004 par le gouvernement Jettou, le Programme Villes Nouvelles devait aboutir, \u00e0 son terme en 2020, \u00e0 l\u2019\u00e9mergence de 15 nouveaux fleurons urbains int\u00e9gr\u00e9s, durables et abritant un million d\u2019habitants. A l\u2019arriv\u00e9e, le r\u00e9sultat est tout autre avec seulement deux vraies nouvelles villes qui remplissent peu ou prou leurs promesses. Un autre leurre parmi les diff\u00e9rents programmes sectoriels ayant pour points communs le m\u00eame horizon (soit 2020) et un bilan similaire i.e. assez d\u00e9cevant.\u00a0<\/strong><\/p>\n<div class=\"c10\"\/>\n<p>D\u00e9cid\u00e9ment, l\u2019ann\u00e9e 2020 sera celle de tous les bilans au Maroc, \u00e0 commencer par celui\u00a0 de l\u2019actuel gouvernement \u00e0 la veille des prochaines \u00e9lections l\u00e9gislatives pr\u00e9vues en octobre 2021. Mais, ce sont indubitablement les diff\u00e9rents programmes sectoriels de longs cours, dont certains ont \u00e9t\u00e9 port\u00e9s par trois ou quatre gouvernements successifs dont les bilans ne risquent pas d\u2019honorer leurs promoteurs en oscillant entre le demi-teinte, \u00e0 l\u2019instar du Plan d\u2019Acc\u00e9l\u00e9ration Industrielle (PAI), de Maroc Digital 2020 ou encore du Programme Villes Sans Bidonvilles (PVSB) et le ch\u00e9tif \u00e0 l\u2019image des plans jumeaux Azur 2020 et Biladi ou, enfin, du Programme Villes Nouvelles auquel sera consacr\u00e9 ce dossier.\u00a0<\/p>\n<div class=\"wp-block-embed__wrapper\"><iframe loading=\"lazy\" title=\"\u0627\u0644\u0645\u0642\u0627\u0648\u0644 \u0627\u0644\u0630\u0627\u062a\u064a \u0644\u0644\u0628\u0646\u0643 \u0627\u0644\u0634\u0639\u0628\u064a - \u0627\u0644\u0646\u062c\u0627\u0631\" width=\"1140\" height=\"641\" src=\"https:\/\/www.youtube.com\/embed\/o63UmhY2YCY?feature=oembed\" frameborder=\"0\" allow=\"accelerometer; autoplay; encrypted-media; gyroscope; picture-in-picture\" allowfullscreen=\"\">[embedded content]<\/iframe><\/div>\n<p>Aussi, le Plan Azur 2020 qui devait permettre d\u2019injecter pr\u00e8s de 60.000 lits additionnels \u00e0 la capacit\u00e9 d\u2019accueil h\u00f4teli\u00e8re du Maroc \u00e0 travers six stations baln\u00e9aires int\u00e9gr\u00e9es, n\u2019exhibera au final, qu\u2019un taux de r\u00e9alisation nettement inf\u00e9rieur \u00e0 10%. Le Plan Biladi ne fera d\u00e9finitivement pas mieux avec des objectifs encore plus d\u00e9cevants, que ce soit en termes de lits additionnels effectivement inaugur\u00e9s (sur les 30.000 pr\u00e9vus \u00e0 fin 2020), ou encore au niveau du ratio des touristes nationaux dans les nuit\u00e9es totales r\u00e9alis\u00e9es par les \u00e9tablissements touristiques et h\u00f4teliers du Royaume. Quant aux deux plans pr\u00e9cit\u00e9s promus par le m\u00eame d\u00e9partement minist\u00e9riel, en l\u2019occurrence celui pilot\u00e9 par Moulay Hafid Elalamy, ils devront probablement afficher un bilan moins catastrophique, mais avec tout de m\u00eame plusieurs insuffisances parfois r\u00e9dhibitoires, sachant par exemple que pour l\u2019objectif ultime du fameux PAI consistant \u00e0 hisser substantiellement la part de l\u2019industrie dans le PIB du pays, n\u2019aura \u00e9t\u00e9 qu\u2019un v\u0153u pieux malgr\u00e9 sa r\u00e9ussite ind\u00e9niable au niveau du secteur automobile et dans une moindre mesure, celui de l\u2019a\u00e9ronautique.<\/p>\n<p>Le bilan est un peu plus honorable pour le PVSB qui a enregistr\u00e9 des r\u00e9sultats louables dans plusieurs r\u00e9gions du pays (o\u00f9 plus de 60 cit\u00e9s ont \u00e9t\u00e9 d\u00e9clar\u00e9es villes sans bidonvilles sur 85 vis\u00e9es lors de son lancement en 2004) en grande partie gr\u00e2ce aux efforts louables fournis par Al Omrane, principal organe \u00e9tatique charg\u00e9 de l\u2019op\u00e9rationnalisation de ce programme ambitieux, mais qui n\u2019aboutirait probablement pas \u00e0 fin 2020 (\u00e9ch\u00e9ance d\u00e9j\u00e0 repouss\u00e9e \u00e0 deux termes) \u00e0 l\u2019\u00e9radication totale des bidonvilles \u00e0 cause des vicissitudes de relogement\/recasement enregistr\u00e9es dans les villes de Casablanca, Rabat, T\u00e9mara, Sal\u00e9, Marrakech et Larache\u2026<\/p>\n<p><strong>Lire la suite du dossier dans votre magazine Challenge en vente dans tous les points de presse.<\/strong><\/p>\n<p><img decoding=\"async\" src=\"https:\/\/www.challenge.ma\/wp-content\/uploads\/2019\/12\/1-Couverture-721--786x1024.png\" alt=\"\" class=\"wp-image-125420\" srcset=\"https:\/\/www.challenge.ma\/wp-content\/uploads\/2019\/12\/1-Couverture-721--786x1024.png 786w, https:\/\/www.challenge.ma\/wp-content\/uploads\/2019\/12\/1-Couverture-721--230x300.png 230w, https:\/\/www.challenge.ma\/wp-content\/uploads\/2019\/12\/1-Couverture-721--768x1001.png 768w, https:\/\/www.challenge.ma\/wp-content\/uploads\/2019\/12\/1-Couverture-721--360x469.png 360w, https:\/\/www.challenge.ma\/wp-content\/uploads\/2019\/12\/1-Couverture-721--750x977.png 750w, https:\/\/www.challenge.ma\/wp-content\/uploads\/2019\/12\/1-Couverture-721-.png 921w\" sizes=\"(max-width: 786px) 100vw, 786px\"\/><\/p>\n<div class=\"c17\">\n<fieldset class=\"c16\">\n<legend><strong><span class=\"c11\">Challenge<\/span><span class=\"c12\">news<\/span><\/strong><\/legend>\n<div class=\"c15\">Le meilleur de Challenge s\u00e9lectionn\u00e9 par la r\u00e9daction :<\/p>\n<\/div>\n<\/fieldset>\n<\/div>\n<p>Auteur: Rachid Boutaleb<br \/>\n<a href=\"https:\/\/www.challenge.ma\/programme-villes-nouvelles-les-lecons-dun-echec-programme-125483\/\">Cliquez ici pour lire l&rsquo;article depuis sa source.<\/a><\/p>\n","protected":false},"excerpt":{"rendered":"<p>Lanc\u00e9 en grande pompe en 2004 par le gouvernement Jettou, le Programme Villes Nouvelles devait aboutir, \u00e0 son terme en 2020, \u00e0 l\u2019\u00e9mergence de 15 nouveaux fleurons urbains int\u00e9gr\u00e9s, durables et abritant un million d\u2019habitants. A l\u2019arriv\u00e9e, le r\u00e9sultat est tout autre avec seulement deux vraies nouvelles villes qui remplissent peu ou prou leurs promesses. [&hellip;]<\/p>\n","protected":false},"author":1787,"featured_media":70046,"comment_status":"closed","ping_status":"closed","sticky":false,"template":"","format":"standard","meta":{"fifu_image_url":"","fifu_image_alt":"","footnotes":""},"categories":[78,54],"tags":[],"class_list":["post-70045","post","type-post","status-publish","format-standard","has-post-thumbnail","hentry","category-economie","category-maroc"],"_links":{"self":[{"href":"https:\/\/linitiative.ca\/International\/wp-json\/wp\/v2\/posts\/70045","targetHints":{"allow":["GET"]}}],"collection":[{"href":"https:\/\/linitiative.ca\/International\/wp-json\/wp\/v2\/posts"}],"about":[{"href":"https:\/\/linitiative.ca\/International\/wp-json\/wp\/v2\/types\/post"}],"author":[{"embeddable":true,"href":"https:\/\/linitiative.ca\/International\/wp-json\/wp\/v2\/users\/1787"}],"replies":[{"embeddable":true,"href":"https:\/\/linitiative.ca\/International\/wp-json\/wp\/v2\/comments?post=70045"}],"version-history":[{"count":0,"href":"https:\/\/linitiative.ca\/International\/wp-json\/wp\/v2\/posts\/70045\/revisions"}],"wp:featuredmedia":[{"embeddable":true,"href":"https:\/\/linitiative.ca\/International\/wp-json\/"}],"wp:attachment":[{"href":"https:\/\/linitiative.ca\/International\/wp-json\/wp\/v2\/media?parent=70045"}],"wp:term":[{"taxonomy":"category","embeddable":true,"href":"https:\/\/linitiative.ca\/International\/wp-json\/wp\/v2\/categories?post=70045"},{"taxonomy":"post_tag","embeddable":true,"href":"https:\/\/linitiative.ca\/International\/wp-json\/wp\/v2\/tags?post=70045"}],"curies":[{"name":"wp","href":"https:\/\/api.w.org\/{rel}","templated":true}]}}