{"id":70048,"date":"2019-12-12T15:13:47","date_gmt":"2019-12-12T20:13:47","guid":{"rendered":"https:\/\/linitiative.ca\/International\/sm-la-roi-nomme-les-membres-de-la-commission-speciale-sur-le-modele-de-developpement\/"},"modified":"2019-12-12T15:13:47","modified_gmt":"2019-12-12T20:13:47","slug":"sm-la-roi-nomme-les-membres-de-la-commission-speciale-sur-le-modele-de-developpement","status":"publish","type":"post","link":"https:\/\/linitiative.ca\/International\/sm-la-roi-nomme-les-membres-de-la-commission-speciale-sur-le-modele-de-developpement\/","title":{"rendered":"SM la roi nomme les membres de la Commission Sp\u00e9ciale sur le Mod\u00e8le de D\u00e9veloppement"},"content":{"rendered":"<p><strong>SM le roi avait nomm\u00e9 le 19 novembre dernier Chakib Benmoussa \u00e0 la pr\u00e9sidence de la Commission Sp\u00e9ciale sur le Mod\u00e8le de D\u00e9veloppement.<\/strong><\/p>\n<div class=\"c10\"\/>\n<p>SM le roi Mohammed VI a d\u00e9sign\u00e9 ce jeudi les membres de la <strong>Commission Sp\u00e9ciale sur le Mod\u00e8le de D\u00e9veloppement<\/strong>.<\/p>\n<p>Outre le pr\u00e9sident, la Commission est compos\u00e9e de 35 membres ayant des parcours acad\u00e9miques et professionnels pluriels et une connaissance importante de la soci\u00e9t\u00e9 marocaine et des questions politiques, \u00e9conomiques et sociales, culturelles et environnementales. La Commission mobilise des comp\u00e9tences marocaines travaillant tant au Maroc qu\u2019\u00e0 l\u2019international, actives et engag\u00e9es dans les secteurs public, priv\u00e9 ou de la soci\u00e9t\u00e9 civile.<\/p>\n<p>Voici la composition de la Commission :<\/p>\n<p>\u2013 ADDIOUI Adnane : Co-fondateur de \u00ab Moroccan Center for Innovation and Social Entrepreneurship \u00bb et de la plateforme \u00ab Wuluj \u00bb relative \u00e0 la participation au financement de projets cr\u00e9atifs et innovants.<\/p>\n<p>\u2013 AGHZADI Rajae : Chirurgienne praticienne, pr\u00e9sidente de l\u2019Association marocaine \u00ab C\u0153ur des femmes \u00bb.<\/p>\n<p>\u2013 AMRANI BOUKHOBZA Mohamed : Doyen de la facult\u00e9 de droit de T\u00e9touan, Professeur d\u2019enseignement sup\u00e9rieur \u00e0 la facult\u00e9 de droit de Tanger.<\/p>\n<p>\u2013 BENLYAZID Farida : Critique de cin\u00e9ma, r\u00e9alisatrice et sc\u00e9nariste.\u00a0<\/p>\n<p>\u2013 BENALI Laila : Experte internationale en strat\u00e9gie \u00e9nerg\u00e9tique et durabilit\u00e9. \u00c9conomiste en Chef, Directrice de la Strat\u00e9gie, de l\u2019\u00c9conomie et de la durabilit\u00e9 \u00e0 l\u2019APICORP. Pr\u00e9sidente de l\u2019Arab Energy Club.\u00a0<\/p>\n<p>\u2013 BENMOUSSA Mohamed : \u00c9conomiste, ex-administrateur du Conseil D\u00e9ontologique des Valeurs Mobili\u00e8res, Vice-Pr\u00e9sident de l\u2019association Damir.<\/p>\n<p>\u2013 BENZINE Rachid : Professeur universitaire \u00e0 l\u2019Universit\u00e9 Catholique de Louvain et \u00e0 la Facult\u00e9 de th\u00e9ologie protestante de Paris.\u00a0<\/p>\n<p>\u2013 BOUCHIKHI Hamid : Expert en entrepreneuriat et innovation manag\u00e9riale. Doyen de SolBridge International School of Business bas\u00e9e \u00e0 Daejeon en Cor\u00e9e du Sud. Membre de l\u2019Institut marocain d\u2019intelligence strat\u00e9gique.\u00a0<\/p>\n<p>\u2013 BOUNFOUR Ahmed : Professeur universitaire, titulaire de la Chaire europ\u00e9enne de management de l\u2019immat\u00e9riel \u00e0 l\u2019Universit\u00e9 Paris Sud.\u00a0<\/p>\n<p>\u2013 CHAFIL Raja : Directrice du Centre de Comp\u00e9tences en Changement Climatique \u00ab 4C-Maroc \u00bb, charg\u00e9 d\u2019appui aux politiques climatiques au Maroc et en Afrique.<\/p>\n<p>\u2013 CHAMI Ahmed R\u00e9da : Ancien ministre. Ancien Ambassadeur. Pr\u00e9sident du Conseil \u00c9conomique, Social et Environnemental.<\/p>\n<p>\u2013 EL AOUFI Noureddine : Professeur de sciences \u00e9conomiques, Universit\u00e9 Mohammed V de Rabat. Pr\u00e9sident de l\u2019Association Marocaines des Sciences \u00c9conomiques.\u00a0<\/p>\n<p>\u2013 EL KADIRI Rita : Directrice G\u00e9n\u00e9rale de la Fondation \u00ab Zakoura \u00bb pour l\u2019\u00e9ducation, port\u00e9e sur l\u2019innovation sociale.\u00a0<\/p>\n<p>\u2013 EL KAMOUNY Khadija : Ing\u00e9nieur, chef de projet \u00e0 MASCIR, sp\u00e9cialis\u00e9 dans le d\u00e9veloppement vert.<\/p>\n<p>\u2013 FIKRAT Mohamed : Dirigeant d\u2019entreprise ; Pr\u00e9sident de la Commission investissement et comp\u00e9titivit\u00e9 de la CGEM.<\/p>\n<p>\u2013 GUERRAOUI Rachid : Professeur et Directeur du Laboratoire d\u2019Algorithmique R\u00e9partie \u00e0 l\u2019\u00c9cole Polytechnique de Lausanne, et \u00e0 l\u2019Universit\u00e9 Mohammed VI polytechnique.<\/p>\n<p>\u2013 HILALE Narjis : Professeure \u00e0 \u00ab l\u2019international University Geneva \u00bb port\u00e9e sur les questions de l\u2019intelligence artificielle et du d\u00e9veloppement des capacit\u00e9s des femmes.<\/p>\n<p>\u2013 HIMMICH Hakima : Professeur en m\u00e9decine ; acteur associatif dans le domaine de la sant\u00e9, membre du CESE.<\/p>\n<p>\u2013 JAIDI Larbi : \u00c9conomiste et Professeur universitaire. Senior Fellow au Policy Center for the New South.<\/p>\n<p>\u2013 JETTOU Driss : Ancien Premier Ministre, Pr\u00e9sident de la Cour des Comptes<\/p>\n<p>\u2013 JOUMANI Ahmed : Sociologue sp\u00e9cialiste de la Culture Hassani port\u00e9 sur le d\u00e9veloppement territorial.\u00a0<\/p>\n<p>\u2013 KSIKES Driss : \u00c9crivain, dramaturge et Directeur d\u2019Economia, centre de recherche d\u2019HEM.\u00a0<\/p>\n<p>\u2013 LAHLOU EL YACOUBI Ghita : Directrice de l\u2019\u00c9cole Centrale de Casablanca. Pr\u00e9sidente et Co-fondatrice du Mouvement \u00ab Les Citoyens \u00bb.<\/p>\n<p>\u2013 LAROUI Fouad : \u00c9crivain et Professeur universitaire \u00e0 la Facult\u00e9 des Sciences humaines \u00e0 l\u2019Universit\u00e9 d\u2019Amsterdam.\u00a0<\/p>\n<p>\u2013 MACHCHATE Khalid : Expert en Transformation Digitale, Gestion d\u2019Innovation en Entreprise, en Technologies Disruptives et en Smart Cities.\u00a0<\/p>\n<p>\u2013 MIRAOUI Abdellatif : Ancien Pr\u00e9sident de l\u2019Universit\u00e9 Cadi Ayyad \u00e0 Marrakech, Professeur des Universit\u00e9s \u00e0 l\u2019Universit\u00e9 de Technologie de Belfort Montb\u00e9liard (UTBM) \u2013 France<\/p>\n<p>\u2013 OMARY Noureddine : Inspecteur des Finances. Ancien Pr\u00e9sident de la BCP. Ancien Secr\u00e9taire G\u00e9n\u00e9rale du Minist\u00e8re de l\u2019\u00c9conomie et des Finances. Charg\u00e9 de Mission au Cabinet Royal.\u00a0<\/p>\n<p>\u2013 OUHAJOU Lakbir : Enseignant-chercheur en g\u00e9ographie \u00e0 l\u2019universit\u00e9 d\u2019Agadir. Expert en d\u00e9veloppement territorial et des Oasis\u00a0<\/p>\n<p>\u2013 RACHIK Hassan : Anthropologue, Sociologue et Professeur \u00e0 l\u2019Universit\u00e9 Hassan II de Casablanca<\/p>\n<p>\u2013 SAADANI Youssef : \u00c9conomiste, ancien cadre \u00e0 Bank Al Maghrib. Directeur des \u00c9tudes \u00c9conomiques \u00e0 la Caisse de D\u00e9p\u00f4t et de Gestion.<\/p>\n<p>\u2013 SLAOUI BENNANI Saadia : Pr\u00e9sidente Directrice G\u00e9n\u00e9rale d\u2019un cabinet de conseil ; pr\u00e9sidente de la Commission \u00ab Entreprise citoyenne \u00bb de la CGEM.<\/p>\n<p>\u2013 TAZI Karim : Homme d\u2019affaires, acteur associatif et Administrateur de soci\u00e9t\u00e9s.<\/p>\n<p>\u2013 TERRAB Mostafa : Pr\u00e9sident Directeur G\u00e9n\u00e9ral du Groupe OCP.<\/p>\n<p>\u2013 TOZY Mohamed : Expert sociologue, Professeur des Universit\u00e9s \u00e0 Sciences Po Aix-en-Provence. Pr\u00e9sident de l\u2019Association Targa Aide.<\/p>\n<p>\u2013 ZAOUI Michael : Banquier d\u2019Affaires \u00e0 Londres et Ancien Vice-Pr\u00e9sident de Morgan Stanley.<\/p>\n<div class=\"c17\">\n<fieldset class=\"c16\">\n<legend><strong><span class=\"c11\">Challenge<\/span><span class=\"c12\">news<\/span><\/strong><\/legend>\n<div class=\"c15\">Le meilleur de Challenge s\u00e9lectionn\u00e9 par la r\u00e9daction :<\/p>\n<\/div>\n<\/fieldset>\n<\/div>\n<p>Auteur: challenge<br \/>\n<a href=\"https:\/\/www.challenge.ma\/sm-la-roi-nomme-les-membres-de-la-commission-speciale-sur-le-modele-de-developpement-125505\/\">Cliquez ici pour lire l&rsquo;article depuis sa source.<\/a><\/p>\n","protected":false},"excerpt":{"rendered":"<p>SM le roi avait nomm\u00e9 le 19 novembre dernier Chakib Benmoussa \u00e0 la pr\u00e9sidence de la Commission Sp\u00e9ciale sur le Mod\u00e8le de D\u00e9veloppement. SM le roi Mohammed VI a d\u00e9sign\u00e9 ce jeudi les membres de la Commission Sp\u00e9ciale sur le Mod\u00e8le de D\u00e9veloppement. Outre le pr\u00e9sident, la Commission est compos\u00e9e de 35 membres ayant des [&hellip;]<\/p>\n","protected":false},"author":1787,"featured_media":0,"comment_status":"closed","ping_status":"closed","sticky":false,"template":"","format":"standard","meta":{"fifu_image_url":"","fifu_image_alt":"","footnotes":""},"categories":[78,54],"tags":[],"class_list":["post-70048","post","type-post","status-publish","format-standard","hentry","category-economie","category-maroc"],"_links":{"self":[{"href":"https:\/\/linitiative.ca\/International\/wp-json\/wp\/v2\/posts\/70048","targetHints":{"allow":["GET"]}}],"collection":[{"href":"https:\/\/linitiative.ca\/International\/wp-json\/wp\/v2\/posts"}],"about":[{"href":"https:\/\/linitiative.ca\/International\/wp-json\/wp\/v2\/types\/post"}],"author":[{"embeddable":true,"href":"https:\/\/linitiative.ca\/International\/wp-json\/wp\/v2\/users\/1787"}],"replies":[{"embeddable":true,"href":"https:\/\/linitiative.ca\/International\/wp-json\/wp\/v2\/comments?post=70048"}],"version-history":[{"count":0,"href":"https:\/\/linitiative.ca\/International\/wp-json\/wp\/v2\/posts\/70048\/revisions"}],"wp:attachment":[{"href":"https:\/\/linitiative.ca\/International\/wp-json\/wp\/v2\/media?parent=70048"}],"wp:term":[{"taxonomy":"category","embeddable":true,"href":"https:\/\/linitiative.ca\/International\/wp-json\/wp\/v2\/categories?post=70048"},{"taxonomy":"post_tag","embeddable":true,"href":"https:\/\/linitiative.ca\/International\/wp-json\/wp\/v2\/tags?post=70048"}],"curies":[{"name":"wp","href":"https:\/\/api.w.org\/{rel}","templated":true}]}}