{"id":70049,"date":"2019-12-12T14:04:27","date_gmt":"2019-12-12T19:04:27","guid":{"rendered":"https:\/\/linitiative.ca\/International\/tunisie-video-la-colere-couve-a-cause-du-probleme-de-la-fripe\/"},"modified":"2019-12-12T14:04:27","modified_gmt":"2019-12-12T19:04:27","slug":"tunisie-video-la-colere-couve-a-cause-du-probleme-de-la-fripe","status":"publish","type":"post","link":"https:\/\/linitiative.ca\/International\/tunisie-video-la-colere-couve-a-cause-du-probleme-de-la-fripe\/","title":{"rendered":"Tunisie \u2013 VIDEO\u00a0: La col\u00e8re couve \u00e0 cause du probl\u00e8me de la fripe"},"content":{"rendered":"<div class=\"post-cont-in left relative\">\n<div class=\"swp_social_panel swp_horizontal_panel swp_flat_fresh swp_default_full_color swp_individual_full_color swp_other_full_color scale-100 scale-\" data-min-width=\"1100\" data-float-color=\"#ffffff\" data-float=\"none\" data-float-mobile=\"none\" data-transition=\"slide\">\n<div class=\"nc_tweetContainer swp_share_button total_shares total_sharesalt\"><span class=\"swp_count\">17 <span class=\"swp_label\">Partages<\/span><\/span><\/div>\n<\/div>\n<p>La r\u00e9daction de Tunisienumerique est sortie \u00e0 la rencontre des commer\u00e7ants de la fripe, ainsi que leurs clients, pour \u00e9couter leur avis concernant l\u2019arr\u00eat de l\u2019activit\u00e9 de ce secteur, pour cause de harc\u00e8lement des commer\u00e7ants par les autorit\u00e9s.<\/p>\n<div class=\"code-block code-block-1 c3\"><ins class=\"adsbygoogle c2\" data-ad-layout=\"in-article\" data-ad-format=\"fluid\" data-ad-client=\"ca-pub-2102118777505746\" data-ad-slot=\"7301775417\"\/> <\/div>\n<p>Les commer\u00e7ants ont d\u00e9clar\u00e9 leur ras le bol des comportements des agents de la police municipale qui sont en train de les pers\u00e9cuter , alors qu\u2019ils ne repr\u00e9sentent que le maillon faible de la cha\u00eene de la friperie.<\/p>\n<p>Ils d\u00e9plorent que ce soit eux qui soient inqui\u00e9t\u00e9s et jamais les gros poissons qui s\u2019enrichissent sur leur dos et sur celui du consommateur. Ils ont ajout\u00e9 que ce probl\u00e8me va, non seulement, les priver de leur gagne-pain, mais il va aussi priver la quasi-totalit\u00e9 des tunisiens qui n\u2019ach\u00e8tent leurs habits\u00a0 qu\u2019\u00e0 la fripe.<\/p>\n<p>Le m\u00eame son de cloche est retrouv\u00e9 chez le client qui r\u00e2le qu\u2019on ne laisse pas ces pauvres gens travailler tranquillement, alors que ceux qui sont en train d\u2019importer les balles de fripe, par exemple, ne sont pas inqui\u00e9t\u00e9s. Les clients ont fait, aussi part de leur col\u00e8re du fait que l\u2019Etat veuille les priver, m\u00eame de s\u2019habiller, expliquant que plus personne ne peut se permettre de s\u2019acheter des v\u00eatements dans les boutiques de pr\u00eat-\u00e0-porter.<\/p>\n<p>Les tunisiens ont d\u00e9clar\u00e9 que le secteur fait travailler des milliers de personnes et permet aussi \u00e0 des millions personnes de s\u2019habiller, pr\u00e9cisant que les prix dans les boutiques sont hors de port\u00e9e du tunisien. Ils ont ajout\u00e9 que si on les privait de fripe, les tunisiens allaient rester nus!<\/p>\n<p>Certains citoyens sont all\u00e9s jusqu\u2019\u00e0 pr\u00e9dire une grande r\u00e9volte si jamais l\u2019Etat touchait au secteur de la fripe, expliquant que l\u2019Etat les a affam\u00e9 et il veut en plus les priver de leurs habits.<\/p>\n<p><strong>Que se passe-t-il en Tunisie?<\/strong><br \/>Nous expliquons sur notre <a href=\"https:\/\/www.youtube.com\/channel\/UCRzypVq0B_yBad5eGrwBx0Q?sub_confirmation=1\" target=\"_blank\" rel=\"noopener noreferrer\">cha\u00eene YouTube<\/a> . <a href=\"https:\/\/www.youtube.com\/channel\/UCRzypVq0B_yBad5eGrwBx0Q?sub_confirmation=1\" target=\"_blank\" rel=\"noopener noreferrer\">Abonnez-vous!<\/a><\/p>\n<div class=\"mvp-org-wrap mvp-org-logo\" itemprop=\"publisher\" itemscope=\"\" itemtype=\"https:\/\/schema.org\/Organization\"><img decoding=\"async\" src=\"https:\/\/www.tunisienumerique.com\/wp-content\/uploads\/2017\/02\/logo_tunisie_numerique.png\"\/><\/div>\n<div class=\"swp_social_panel swp_horizontal_panel swp_flat_fresh swp_default_full_color swp_individual_full_color swp_other_full_color scale-100 scale-\" data-min-width=\"1100\" data-float-color=\"#ffffff\" data-float=\"none\" data-float-mobile=\"none\" data-transition=\"slide\">\n<div class=\"nc_tweetContainer swp_share_button total_shares total_sharesalt\"><span class=\"swp_count\">17 <span class=\"swp_label\">Partages<\/span><\/span><\/div>\n<\/div>\n<div class=\"mvp-related-posts left relative\">\n<h4 class=\"post-header\"><span class=\"post-header\">Lire aussi<\/span><\/h4>\n<\/div>\n<\/div>\n<p>Auteur: LM<br \/>\n<a href=\"https:\/\/www.tunisienumerique.com\/tunisie-video-la-colere-couve-a-cause-du-probleme-de-la-fripe\/\">Cliquez ici pour lire l&rsquo;article depuis sa source.<\/a><\/p>\n","protected":false},"excerpt":{"rendered":"<p>17 Partages La r\u00e9daction de Tunisienumerique est sortie \u00e0 la rencontre des commer\u00e7ants de la fripe, ainsi que leurs clients, pour \u00e9couter leur avis concernant l\u2019arr\u00eat de l\u2019activit\u00e9 de ce secteur, pour cause de harc\u00e8lement des commer\u00e7ants par les autorit\u00e9s. Les commer\u00e7ants ont d\u00e9clar\u00e9 leur ras le bol des comportements des agents de la police [&hellip;]<\/p>\n","protected":false},"author":1789,"featured_media":70050,"comment_status":"closed","ping_status":"closed","sticky":false,"template":"","format":"standard","meta":{"fifu_image_url":"","fifu_image_alt":"","footnotes":""},"categories":[73,55],"tags":[],"class_list":["post-70049","post","type-post","status-publish","format-standard","has-post-thumbnail","hentry","category-actualite","category-tunisie"],"_links":{"self":[{"href":"https:\/\/linitiative.ca\/International\/wp-json\/wp\/v2\/posts\/70049","targetHints":{"allow":["GET"]}}],"collection":[{"href":"https:\/\/linitiative.ca\/International\/wp-json\/wp\/v2\/posts"}],"about":[{"href":"https:\/\/linitiative.ca\/International\/wp-json\/wp\/v2\/types\/post"}],"author":[{"embeddable":true,"href":"https:\/\/linitiative.ca\/International\/wp-json\/wp\/v2\/users\/1789"}],"replies":[{"embeddable":true,"href":"https:\/\/linitiative.ca\/International\/wp-json\/wp\/v2\/comments?post=70049"}],"version-history":[{"count":0,"href":"https:\/\/linitiative.ca\/International\/wp-json\/wp\/v2\/posts\/70049\/revisions"}],"wp:featuredmedia":[{"embeddable":true,"href":"https:\/\/linitiative.ca\/International\/wp-json\/"}],"wp:attachment":[{"href":"https:\/\/linitiative.ca\/International\/wp-json\/wp\/v2\/media?parent=70049"}],"wp:term":[{"taxonomy":"category","embeddable":true,"href":"https:\/\/linitiative.ca\/International\/wp-json\/wp\/v2\/categories?post=70049"},{"taxonomy":"post_tag","embeddable":true,"href":"https:\/\/linitiative.ca\/International\/wp-json\/wp\/v2\/tags?post=70049"}],"curies":[{"name":"wp","href":"https:\/\/api.w.org\/{rel}","templated":true}]}}