{"id":70051,"date":"2019-12-12T14:11:49","date_gmt":"2019-12-12T19:11:49","guid":{"rendered":"https:\/\/linitiative.ca\/International\/tunisie-abdellatif-makki-juge-que-ghannouchi-est-en-position-illegale\/"},"modified":"2019-12-12T14:11:49","modified_gmt":"2019-12-12T19:11:49","slug":"tunisie-abdellatif-makki-juge-que-ghannouchi-est-en-position-illegale","status":"publish","type":"post","link":"https:\/\/linitiative.ca\/International\/tunisie-abdellatif-makki-juge-que-ghannouchi-est-en-position-illegale\/","title":{"rendered":"Tunisie \u2013 Abdellatif Makki juge que Ghannouchi est en position ill\u00e9gale"},"content":{"rendered":"<div class=\"post-cont-in left relative\">\n<div class=\"swp_social_panel swp_horizontal_panel swp_flat_fresh swp_default_full_color swp_individual_full_color swp_other_full_color scale-100 scale-\" data-min-width=\"1100\" data-float-color=\"#ffffff\" data-float=\"none\" data-float-mobile=\"none\" data-transition=\"slide\">\n<div class=\"nc_tweetContainer swp_share_button total_shares total_sharesalt\"><span class=\"swp_count\">53 <span class=\"swp_label\">Partages<\/span><\/span><\/div>\n<\/div>\n<p>Le leader au sein du mouvement islamiste Ennahdha, Abdellatif Makki a annonc\u00e9 que le pr\u00e9sident du parti, du fait qu\u2019il\u00a0soit appel\u00e9 \u00e0 remplir ses fonctions de pr\u00e9sident de l\u2019ARP, n\u2019a pas le droit de cumuler cette\u00a0fonction avec celle de la pr\u00e9sidence du mouvement et qu\u2019il est donc en position ill\u00e9gale aux yeux du code du parti. L\u2019article 31,\u00a0lui interdit de cumuler une autre fonction avec la pr\u00e9sidence du mouvement.<\/p>\n<div class=\"code-block code-block-1 c3\"><ins class=\"adsbygoogle c2\" data-ad-layout=\"in-article\" data-ad-format=\"fluid\" data-ad-client=\"ca-pub-2102118777505746\" data-ad-slot=\"7301775417\"\/> <\/div>\n<p><strong>Que se passe-t-il en Tunisie?<\/strong><br \/>Nous expliquons sur notre <a href=\"https:\/\/www.youtube.com\/channel\/UCRzypVq0B_yBad5eGrwBx0Q?sub_confirmation=1\" target=\"_blank\" rel=\"noopener noreferrer\">cha\u00eene YouTube<\/a> . <a href=\"https:\/\/www.youtube.com\/channel\/UCRzypVq0B_yBad5eGrwBx0Q?sub_confirmation=1\" target=\"_blank\" rel=\"noopener noreferrer\">Abonnez-vous!<\/a><\/p>\n<div class=\"mvp-org-wrap mvp-org-logo\" itemprop=\"publisher\" itemscope=\"\" itemtype=\"https:\/\/schema.org\/Organization\"><img decoding=\"async\" src=\"https:\/\/www.tunisienumerique.com\/wp-content\/uploads\/2017\/02\/logo_tunisie_numerique.png\"\/><\/div>\n<div class=\"swp_social_panel swp_horizontal_panel swp_flat_fresh swp_default_full_color swp_individual_full_color swp_other_full_color scale-100 scale-\" data-min-width=\"1100\" data-float-color=\"#ffffff\" data-float=\"none\" data-float-mobile=\"none\" data-transition=\"slide\">\n<div class=\"nc_tweetContainer swp_share_button total_shares total_sharesalt\"><span class=\"swp_count\">53 <span class=\"swp_label\">Partages<\/span><\/span><\/div>\n<\/div>\n<div class=\"mvp-related-posts left relative\">\n<h4 class=\"post-header\"><span class=\"post-header\">Lire aussi<\/span><\/h4>\n<\/div>\n<\/div>\n<p>Auteur: LM<br \/>\n<a href=\"https:\/\/www.tunisienumerique.com\/tunisie-abdellatif-makki-juge-que-ghannouchi-est-en-position-illegale\/\">Cliquez ici pour lire l&rsquo;article depuis sa source.<\/a><\/p>\n","protected":false},"excerpt":{"rendered":"<p>53 Partages Le leader au sein du mouvement islamiste Ennahdha, Abdellatif Makki a annonc\u00e9 que le pr\u00e9sident du parti, du fait qu\u2019il\u00a0soit appel\u00e9 \u00e0 remplir ses fonctions de pr\u00e9sident de l\u2019ARP, n\u2019a pas le droit de cumuler cette\u00a0fonction avec celle de la pr\u00e9sidence du mouvement et qu\u2019il est donc en position ill\u00e9gale aux yeux du [&hellip;]<\/p>\n","protected":false},"author":1789,"featured_media":70052,"comment_status":"closed","ping_status":"closed","sticky":false,"template":"","format":"standard","meta":{"fifu_image_url":"","fifu_image_alt":"","footnotes":""},"categories":[73,55],"tags":[],"class_list":["post-70051","post","type-post","status-publish","format-standard","has-post-thumbnail","hentry","category-actualite","category-tunisie"],"_links":{"self":[{"href":"https:\/\/linitiative.ca\/International\/wp-json\/wp\/v2\/posts\/70051","targetHints":{"allow":["GET"]}}],"collection":[{"href":"https:\/\/linitiative.ca\/International\/wp-json\/wp\/v2\/posts"}],"about":[{"href":"https:\/\/linitiative.ca\/International\/wp-json\/wp\/v2\/types\/post"}],"author":[{"embeddable":true,"href":"https:\/\/linitiative.ca\/International\/wp-json\/wp\/v2\/users\/1789"}],"replies":[{"embeddable":true,"href":"https:\/\/linitiative.ca\/International\/wp-json\/wp\/v2\/comments?post=70051"}],"version-history":[{"count":0,"href":"https:\/\/linitiative.ca\/International\/wp-json\/wp\/v2\/posts\/70051\/revisions"}],"wp:featuredmedia":[{"embeddable":true,"href":"https:\/\/linitiative.ca\/International\/wp-json\/"}],"wp:attachment":[{"href":"https:\/\/linitiative.ca\/International\/wp-json\/wp\/v2\/media?parent=70051"}],"wp:term":[{"taxonomy":"category","embeddable":true,"href":"https:\/\/linitiative.ca\/International\/wp-json\/wp\/v2\/categories?post=70051"},{"taxonomy":"post_tag","embeddable":true,"href":"https:\/\/linitiative.ca\/International\/wp-json\/wp\/v2\/tags?post=70051"}],"curies":[{"name":"wp","href":"https:\/\/api.w.org\/{rel}","templated":true}]}}