{"id":70053,"date":"2019-12-12T14:50:32","date_gmt":"2019-12-12T19:50:32","guid":{"rendered":"https:\/\/linitiative.ca\/International\/tunisie-video-habib-jemli-chez-kais-saied-un-aveu-dechec-ou-une-tentative-de-gagner-du-temps\/"},"modified":"2019-12-12T14:50:32","modified_gmt":"2019-12-12T19:50:32","slug":"tunisie-video-habib-jemli-chez-kais-saied-un-aveu-dechec-ou-une-tentative-de-gagner-du-temps","status":"publish","type":"post","link":"https:\/\/linitiative.ca\/International\/tunisie-video-habib-jemli-chez-kais-saied-un-aveu-dechec-ou-une-tentative-de-gagner-du-temps\/","title":{"rendered":"Tunisie \u2013 VIDEO\u00a0: Habib Jemli chez Ka\u00efs Sa\u00efed\u00a0: Un aveu d\u2019\u00e9chec ou une tentative de gagner du temps\u00a0?"},"content":{"rendered":"<div class=\"post-cont-in left relative\">\n<div class=\"swp_social_panel swp_horizontal_panel swp_flat_fresh swp_default_full_color swp_individual_full_color swp_other_full_color scale-100 scale-\" data-min-width=\"1100\" data-float-color=\"#ffffff\" data-float=\"none\" data-float-mobile=\"none\" data-transition=\"slide\">\n<div class=\"nc_tweetContainer swp_share_button total_shares total_sharesalt\"><span class=\"swp_count\">16 <span class=\"swp_label\">Partages<\/span><\/span><\/div>\n<\/div>\n<p>Le chef du gouvernement d\u00e9sign\u00e9 par Ennahdha, Habib Jemli, a rencontr\u00e9 ce jeudi soir, le pr\u00e9sident de la R\u00e9publique, Ka\u00efs Sa\u00efed pour lui demander de lui accorder une prolongation d\u2019un mois suppl\u00e9mentaire du d\u00e9lai qui lui est imparti pour former son gouvernement.<\/p>\n<div class=\"code-block code-block-1 c4\"><ins class=\"adsbygoogle c3\" data-ad-layout=\"in-article\" data-ad-format=\"fluid\" data-ad-client=\"ca-pub-2102118777505746\" data-ad-slot=\"7301775417\"\/> <\/div>\n<p>Il a annonc\u00e9 avoir assur\u00e9 au pr\u00e9sident qu\u2019il n\u2019a pas perdu son temps, durant le mois \u00e9coul\u00e9, mais qu\u2019il se devait de rencontrer toutes les composantes du spectre politique dans le pays, car le prochain gouvernement sera celui de tous les tunisiens y compris ceux qui n\u2019y participent pas et m\u00eame ceux qui vont voter contre lui. Il a reconnu devant le pr\u00e9sident qu\u2019il a rencontr\u00e9 de nombreuses difficult\u00e9s pour f\u00e9d\u00e9rer les partis autour de son projet.<\/p>\n<p>Jemli a affirm\u00e9 avoir expliqu\u00e9 qu\u2019il \u00e9tait en train de suivre une nouvelle m\u00e9thodologie, in\u00e9dite, dans le choix des membres de son gouvernement, qui doivent \u00eatre int\u00e8gres, comp\u00e9tents et capables de diriger leurs \u00e9quipes. Ils seront capables de sortir le pays de la crise, en un temps record.<\/p>\n<p>De ce fait, on ne peut, en tant que tunisien, que se f\u00e9liciter de cette perle rare qui est en train de cr\u00e9er une nouvelle m\u00e9thodologie de travail et une nouvelle strat\u00e9gie de choix et non d\u2019actions. On peut d\u00e9sormais dormir sur\u00a0nos deux oreilles, avec un chef de gouvernement aussi comp\u00e9tent et innovant.<\/p>\n<p>Pourtant \u00e0 voir le stress l\u2019\u00e9trangler, lors de son allocution et \u00e0 entendre sa voix tremblotante, on comprend bien que le dialogue ne s\u2019est point d\u00e9roul\u00e9 comme il le pr\u00e9tend, dans la mesure o\u00f9 il aurait dit autre chose, pour expliquer son \u00e9chec ou que Ka\u00efs Sa\u00efed n\u2019aurait rien gob\u00e9 de ce qu\u2019il lui d\u00e9bitait.<\/p>\n<p>L\u2019impression g\u00e9n\u00e9rale qui ressort de cette allocution est que Jemli est d\u00e9sesp\u00e9r\u00e9ment en train d\u2019essayer de gagner du temps, pour affiner la mise en sc\u00e8ne \u00e9labor\u00e9e par Ennahdha qui va ratisser le terrain afin de pr\u00e9senter des pr\u00e9textes expliquant son parjure,\u00a0concernant sa\u00a0 plus que probable alliance avec 9alb Tounes.<\/p>\n<p><strong>Que se passe-t-il en Tunisie?<\/strong><br \/>Nous expliquons sur notre <a href=\"https:\/\/www.youtube.com\/channel\/UCRzypVq0B_yBad5eGrwBx0Q?sub_confirmation=1\" target=\"_blank\" rel=\"noopener noreferrer\">cha\u00eene YouTube<\/a> . <a href=\"https:\/\/www.youtube.com\/channel\/UCRzypVq0B_yBad5eGrwBx0Q?sub_confirmation=1\" target=\"_blank\" rel=\"noopener noreferrer\">Abonnez-vous!<\/a><\/p>\n<div class=\"mvp-org-wrap mvp-org-logo\" itemprop=\"publisher\" itemscope=\"\" itemtype=\"https:\/\/schema.org\/Organization\"><img decoding=\"async\" src=\"https:\/\/www.tunisienumerique.com\/wp-content\/uploads\/2017\/02\/logo_tunisie_numerique.png\"\/><\/div>\n<div class=\"swp_social_panel swp_horizontal_panel swp_flat_fresh swp_default_full_color swp_individual_full_color swp_other_full_color scale-100 scale-\" data-min-width=\"1100\" data-float-color=\"#ffffff\" data-float=\"none\" data-float-mobile=\"none\" data-transition=\"slide\">\n<div class=\"nc_tweetContainer swp_share_button total_shares total_sharesalt\"><span class=\"swp_count\">16 <span class=\"swp_label\">Partages<\/span><\/span><\/div>\n<\/div>\n<div class=\"mvp-related-posts left relative\">\n<h4 class=\"post-header\"><span class=\"post-header\">Lire aussi<\/span><\/h4>\n<\/div>\n<\/div>\n<p>Auteur: Ramsis<br \/>\n<a href=\"https:\/\/www.tunisienumerique.com\/tunisie-video-habib-jemli-chez-kais-saied-un-aveu-dechec-ou-une-tentative-de-gagner-du-temps\/\">Cliquez ici pour lire l&rsquo;article depuis sa source.<\/a><\/p>\n","protected":false},"excerpt":{"rendered":"<p>16 Partages Le chef du gouvernement d\u00e9sign\u00e9 par Ennahdha, Habib Jemli, a rencontr\u00e9 ce jeudi soir, le pr\u00e9sident de la R\u00e9publique, Ka\u00efs Sa\u00efed pour lui demander de lui accorder une prolongation d\u2019un mois suppl\u00e9mentaire du d\u00e9lai qui lui est imparti pour former son gouvernement. Il a annonc\u00e9 avoir assur\u00e9 au pr\u00e9sident qu\u2019il n\u2019a pas perdu [&hellip;]<\/p>\n","protected":false},"author":1789,"featured_media":70054,"comment_status":"closed","ping_status":"closed","sticky":false,"template":"","format":"standard","meta":{"fifu_image_url":"","fifu_image_alt":"","footnotes":""},"categories":[73,55],"tags":[],"class_list":["post-70053","post","type-post","status-publish","format-standard","has-post-thumbnail","hentry","category-actualite","category-tunisie"],"_links":{"self":[{"href":"https:\/\/linitiative.ca\/International\/wp-json\/wp\/v2\/posts\/70053","targetHints":{"allow":["GET"]}}],"collection":[{"href":"https:\/\/linitiative.ca\/International\/wp-json\/wp\/v2\/posts"}],"about":[{"href":"https:\/\/linitiative.ca\/International\/wp-json\/wp\/v2\/types\/post"}],"author":[{"embeddable":true,"href":"https:\/\/linitiative.ca\/International\/wp-json\/wp\/v2\/users\/1789"}],"replies":[{"embeddable":true,"href":"https:\/\/linitiative.ca\/International\/wp-json\/wp\/v2\/comments?post=70053"}],"version-history":[{"count":0,"href":"https:\/\/linitiative.ca\/International\/wp-json\/wp\/v2\/posts\/70053\/revisions"}],"wp:featuredmedia":[{"embeddable":true,"href":"https:\/\/linitiative.ca\/International\/wp-json\/"}],"wp:attachment":[{"href":"https:\/\/linitiative.ca\/International\/wp-json\/wp\/v2\/media?parent=70053"}],"wp:term":[{"taxonomy":"category","embeddable":true,"href":"https:\/\/linitiative.ca\/International\/wp-json\/wp\/v2\/categories?post=70053"},{"taxonomy":"post_tag","embeddable":true,"href":"https:\/\/linitiative.ca\/International\/wp-json\/wp\/v2\/tags?post=70053"}],"curies":[{"name":"wp","href":"https:\/\/api.w.org\/{rel}","templated":true}]}}