{"id":70055,"date":"2019-12-12T15:09:45","date_gmt":"2019-12-12T20:09:45","guid":{"rendered":"https:\/\/linitiative.ca\/International\/tunisie-mehdi-ben-gharbia-annonce-limminence-du-debut-du-projet-du-nouveau-pont-de-bizerte\/"},"modified":"2019-12-12T15:09:45","modified_gmt":"2019-12-12T20:09:45","slug":"tunisie-mehdi-ben-gharbia-annonce-limminence-du-debut-du-projet-du-nouveau-pont-de-bizerte","status":"publish","type":"post","link":"https:\/\/linitiative.ca\/International\/tunisie-mehdi-ben-gharbia-annonce-limminence-du-debut-du-projet-du-nouveau-pont-de-bizerte\/","title":{"rendered":"Tunisie \u2013 Mehdi Ben Gharbia annonce l\u2019imminence du d\u00e9but du projet du nouveau pont de Bizerte"},"content":{"rendered":"<div class=\"post-cont-in left relative\">\n<div class=\"swp_social_panel swp_horizontal_panel swp_flat_fresh swp_default_full_color swp_individual_full_color swp_other_full_color scale-100 scale-\" data-min-width=\"1100\" data-float-color=\"#ffffff\" data-float=\"none\" data-float-mobile=\"none\" data-transition=\"slide\">\n<div class=\"nc_tweetContainer swp_share_button total_shares total_sharesalt\"><span class=\"swp_count\">8 <span class=\"swp_label\">Partages<\/span><\/span><\/div>\n<\/div>\n<p>Le d\u00e9put\u00e9 du bloc Tahya Tounes, Mehdi Ben Gharbia a annonc\u00e9, cet apr\u00e8s midi, sur sa page Facebook, que suite \u00e0 l\u2019accord donn\u00e9 par la Banque Europ\u00e9enne d\u2019Investissement, le projet du nouveau pont de Bizerte verra bient\u00f4t le jour. Il a annonc\u00e9 pour les jours \u00e0 venir, la publication de l\u2019appel d\u2019offre international pour l\u2019\u00e9dification de ce pont qui va, selon ses termes, m\u00e9tamorphoser la ville et la r\u00e9gion.<\/p>\n<div class=\"code-block code-block-1 c3\"><ins class=\"adsbygoogle c2\" data-ad-layout=\"in-article\" data-ad-format=\"fluid\" data-ad-client=\"ca-pub-2102118777505746\" data-ad-slot=\"7301775417\"\/> <\/div>\n<p>Ben Gharbia a tenu, \u00e0 l\u2019occasion, \u00e0 remercier le chef du gouvernement, Youssef Chahed qui a cru en l\u2019importance et la l\u00e9gitimit\u00e9 de ce projet et qui a pouss\u00e9 vers sa r\u00e9alisation, malgr\u00e9 les difficult\u00e9s financi\u00e8res du pays. Comme il a tenu \u00e0 remercier le ministre de l\u2019Equipement, ainsi que les cadres de son d\u00e9partement, pour le travail colossal qu\u2019ils ont consenti\u00a0afin de r\u00e9aliser ce projet, report\u00e9 depuis des d\u00e9cennies.<\/p>\n<p><img loading=\"lazy\" decoding=\"async\" class=\"aligncenter size-full wp-image-481556\" src=\"https:\/\/www.tunisienumerique.com\/wp-content\/uploads\/2019\/12\/MBG.jpg\" alt=\"\" width=\"551\" height=\"833\"\/><\/p>\n<p><strong>Que se passe-t-il en Tunisie?<\/strong><br \/>Nous expliquons sur notre <a href=\"https:\/\/www.youtube.com\/channel\/UCRzypVq0B_yBad5eGrwBx0Q?sub_confirmation=1\" target=\"_blank\" rel=\"noopener noreferrer\">cha\u00eene YouTube<\/a> . <a href=\"https:\/\/www.youtube.com\/channel\/UCRzypVq0B_yBad5eGrwBx0Q?sub_confirmation=1\" target=\"_blank\" rel=\"noopener noreferrer\">Abonnez-vous!<\/a><\/p>\n<div class=\"mvp-org-wrap mvp-org-logo\" itemprop=\"publisher\" itemscope=\"\" itemtype=\"https:\/\/schema.org\/Organization\"><img decoding=\"async\" src=\"https:\/\/www.tunisienumerique.com\/wp-content\/uploads\/2017\/02\/logo_tunisie_numerique.png\"\/><\/div>\n<div class=\"swp_social_panel swp_horizontal_panel swp_flat_fresh swp_default_full_color swp_individual_full_color swp_other_full_color scale-100 scale-\" data-min-width=\"1100\" data-float-color=\"#ffffff\" data-float=\"none\" data-float-mobile=\"none\" data-transition=\"slide\">\n<div class=\"nc_tweetContainer swp_share_button total_shares total_sharesalt\"><span class=\"swp_count\">8 <span class=\"swp_label\">Partages<\/span><\/span><\/div>\n<\/div>\n<div class=\"mvp-related-posts left relative\">\n<h4 class=\"post-header\"><span class=\"post-header\">Lire aussi<\/span><\/h4>\n<\/div>\n<\/div>\n<p>Auteur: LM<br \/>\n<a href=\"https:\/\/www.tunisienumerique.com\/tunisie-mehdi-ben-gharbia-annonce-limminence-du-debut-du-projet-du-nouveau-pont-de-bizerte\/\">Cliquez ici pour lire l&rsquo;article depuis sa source.<\/a><\/p>\n","protected":false},"excerpt":{"rendered":"<p>8 Partages Le d\u00e9put\u00e9 du bloc Tahya Tounes, Mehdi Ben Gharbia a annonc\u00e9, cet apr\u00e8s midi, sur sa page Facebook, que suite \u00e0 l\u2019accord donn\u00e9 par la Banque Europ\u00e9enne d\u2019Investissement, le projet du nouveau pont de Bizerte verra bient\u00f4t le jour. Il a annonc\u00e9 pour les jours \u00e0 venir, la publication de l\u2019appel d\u2019offre international [&hellip;]<\/p>\n","protected":false},"author":1789,"featured_media":70056,"comment_status":"closed","ping_status":"closed","sticky":false,"template":"","format":"standard","meta":{"fifu_image_url":"","fifu_image_alt":"","footnotes":""},"categories":[73,55],"tags":[],"class_list":["post-70055","post","type-post","status-publish","format-standard","has-post-thumbnail","hentry","category-actualite","category-tunisie"],"_links":{"self":[{"href":"https:\/\/linitiative.ca\/International\/wp-json\/wp\/v2\/posts\/70055","targetHints":{"allow":["GET"]}}],"collection":[{"href":"https:\/\/linitiative.ca\/International\/wp-json\/wp\/v2\/posts"}],"about":[{"href":"https:\/\/linitiative.ca\/International\/wp-json\/wp\/v2\/types\/post"}],"author":[{"embeddable":true,"href":"https:\/\/linitiative.ca\/International\/wp-json\/wp\/v2\/users\/1789"}],"replies":[{"embeddable":true,"href":"https:\/\/linitiative.ca\/International\/wp-json\/wp\/v2\/comments?post=70055"}],"version-history":[{"count":0,"href":"https:\/\/linitiative.ca\/International\/wp-json\/wp\/v2\/posts\/70055\/revisions"}],"wp:featuredmedia":[{"embeddable":true,"href":"https:\/\/linitiative.ca\/International\/wp-json\/"}],"wp:attachment":[{"href":"https:\/\/linitiative.ca\/International\/wp-json\/wp\/v2\/media?parent=70055"}],"wp:term":[{"taxonomy":"category","embeddable":true,"href":"https:\/\/linitiative.ca\/International\/wp-json\/wp\/v2\/categories?post=70055"},{"taxonomy":"post_tag","embeddable":true,"href":"https:\/\/linitiative.ca\/International\/wp-json\/wp\/v2\/tags?post=70055"}],"curies":[{"name":"wp","href":"https:\/\/api.w.org\/{rel}","templated":true}]}}