{"id":70057,"date":"2019-12-12T15:28:58","date_gmt":"2019-12-12T20:28:58","guid":{"rendered":"https:\/\/linitiative.ca\/International\/libye-urgent-haftar-lheure-h-pour-lassaut-final-sur-tripoli-a-sonne\/"},"modified":"2019-12-12T15:28:58","modified_gmt":"2019-12-12T20:28:58","slug":"libye-urgent-haftar-lheure-h-pour-lassaut-final-sur-tripoli-a-sonne","status":"publish","type":"post","link":"https:\/\/linitiative.ca\/International\/libye-urgent-haftar-lheure-h-pour-lassaut-final-sur-tripoli-a-sonne\/","title":{"rendered":"Libye\u00a0:\u00a0URGENT : Haftar : L\u2019Heure \u00ab\u00a0H\u00a0\u00bb pour l\u2019assaut final sur Tripoli a sonn\u00e9!"},"content":{"rendered":"<div class=\"post-cont-in left relative\">\n<div class=\"swp_social_panel swp_horizontal_panel swp_flat_fresh swp_default_full_color swp_individual_full_color swp_other_full_color scale-100 scale-\" data-min-width=\"1100\" data-float-color=\"#ffffff\" data-float=\"none\" data-float-mobile=\"none\" data-transition=\"slide\">\n<div class=\"nc_tweetContainer swp_share_button total_shares total_sharesalt\"><span class=\"swp_count\">194 <span class=\"swp_label\">Partages<\/span><\/span><\/div>\n<\/div>\n<p>Le g\u00e9n\u00e9ral \u00e0 la retraite et chef de l\u2019arm\u00e9e libyenne, Khalifa Haftar, a prononc\u00e9 une allocution ce soir, \u00e0 l\u2019attention de ses soldats, annon\u00e7ant l\u2019arriv\u00e9e de l\u2019heure \u201cH\u201d pour l\u2019assaut final contre Tripoli contr\u00f4l\u00e9e par les milices terroristes qui terrifient les habitants et les spolient, pour le compte de leurs ma\u00eetres \u00e0 l\u2019\u00e9tranger.<\/p>\n<div class=\"code-block code-block-1 c4\"><ins class=\"adsbygoogle c3\" data-ad-layout=\"in-article\" data-ad-format=\"fluid\" data-ad-client=\"ca-pub-2102118777505746\" data-ad-slot=\"7301775417\"\/> <\/div>\n<p>Haftar a tenu \u00e0 saluer ses soldats et leurs sacrifices consentis pour \u00e9viter le morcellement du pays, sous l\u2019impulsion des terroristes. Comme il a remerci\u00e9 tous les libyens patriotes, ainsi que les tribus du pays qui ont refus\u00e9 de se soumettre au projet des milices.<\/p>\n<p>Haftar a annonc\u00e9 le d\u00e9but de la grande offensive finale sur le centre de Tripoli, pour la lib\u00e9rer des milices terroristes et rendre la qui\u00e9tude \u00e0 ses habitants.<\/p>\n<p>Il a appel\u00e9 ses soldats \u00e0 avancer imm\u00e9diatement, chacun vers l\u2019objectif qui lui a \u00e9t\u00e9 assign\u00e9. Il les a appel\u00e9, \u00e0 l\u2019occasion, \u00e0 respecter l\u2019intimit\u00e9 des foyers et l\u2019int\u00e9grit\u00e9 des biens publics et priv\u00e9s et de combattre\u00a0dans le respect des lois internationales en mati\u00e8re de guerre.<\/p>\n<p>Il a aussi lanc\u00e9 un dernier appel, qu\u2019il ne r\u00e9p\u00e9tera pas, a-t-il martel\u00e9, aux jeunes libyens endoctrin\u00e9s par les terroristes et qui ont pris les armes contre l\u2019arm\u00e9e de leur pays, \u00e0 jeter leurs armes et \u00e0 demeurer chez eux, leur promettant la vie sauve et une\u00a0nouvelle chance de travailler avec tous les libyens \u00e0 la reconstruction de leur nation.<\/p>\n<p><strong>Que se passe-t-il en Tunisie?<\/strong><br \/>Nous expliquons sur notre <a href=\"https:\/\/www.youtube.com\/channel\/UCRzypVq0B_yBad5eGrwBx0Q?sub_confirmation=1\" target=\"_blank\" rel=\"noopener noreferrer\">cha\u00eene YouTube<\/a> . <a href=\"https:\/\/www.youtube.com\/channel\/UCRzypVq0B_yBad5eGrwBx0Q?sub_confirmation=1\" target=\"_blank\" rel=\"noopener noreferrer\">Abonnez-vous!<\/a><\/p>\n<div class=\"mvp-org-wrap mvp-org-logo\" itemprop=\"publisher\" itemscope=\"\" itemtype=\"https:\/\/schema.org\/Organization\"><img decoding=\"async\" src=\"https:\/\/www.tunisienumerique.com\/wp-content\/uploads\/2017\/02\/logo_tunisie_numerique.png\"\/><\/div>\n<div class=\"swp_social_panel swp_horizontal_panel swp_flat_fresh swp_default_full_color swp_individual_full_color swp_other_full_color scale-100 scale-\" data-min-width=\"1100\" data-float-color=\"#ffffff\" data-float=\"none\" data-float-mobile=\"none\" data-transition=\"slide\">\n<div class=\"nc_tweetContainer swp_share_button total_shares total_sharesalt\"><span class=\"swp_count\">194 <span class=\"swp_label\">Partages<\/span><\/span><\/div>\n<\/div>\n<div class=\"mvp-related-posts left relative\">\n<h4 class=\"post-header\"><span class=\"post-header\">Lire aussi<\/span><\/h4>\n<\/div>\n<\/div>\n<p>Auteur: LM<br \/>\n<a href=\"https:\/\/www.tunisienumerique.com\/libye-urgent-haftar-lheure-h-pour-lassaut-final-sur-tripoli-a-sonne\/\">Cliquez ici pour lire l&rsquo;article depuis sa source.<\/a><\/p>\n","protected":false},"excerpt":{"rendered":"<p>194 Partages Le g\u00e9n\u00e9ral \u00e0 la retraite et chef de l\u2019arm\u00e9e libyenne, Khalifa Haftar, a prononc\u00e9 une allocution ce soir, \u00e0 l\u2019attention de ses soldats, annon\u00e7ant l\u2019arriv\u00e9e de l\u2019heure \u201cH\u201d pour l\u2019assaut final contre Tripoli contr\u00f4l\u00e9e par les milices terroristes qui terrifient les habitants et les spolient, pour le compte de leurs ma\u00eetres \u00e0 l\u2019\u00e9tranger. [&hellip;]<\/p>\n","protected":false},"author":1789,"featured_media":70058,"comment_status":"closed","ping_status":"closed","sticky":false,"template":"","format":"standard","meta":{"fifu_image_url":"","fifu_image_alt":"","footnotes":""},"categories":[73,55],"tags":[],"class_list":["post-70057","post","type-post","status-publish","format-standard","has-post-thumbnail","hentry","category-actualite","category-tunisie"],"_links":{"self":[{"href":"https:\/\/linitiative.ca\/International\/wp-json\/wp\/v2\/posts\/70057","targetHints":{"allow":["GET"]}}],"collection":[{"href":"https:\/\/linitiative.ca\/International\/wp-json\/wp\/v2\/posts"}],"about":[{"href":"https:\/\/linitiative.ca\/International\/wp-json\/wp\/v2\/types\/post"}],"author":[{"embeddable":true,"href":"https:\/\/linitiative.ca\/International\/wp-json\/wp\/v2\/users\/1789"}],"replies":[{"embeddable":true,"href":"https:\/\/linitiative.ca\/International\/wp-json\/wp\/v2\/comments?post=70057"}],"version-history":[{"count":0,"href":"https:\/\/linitiative.ca\/International\/wp-json\/wp\/v2\/posts\/70057\/revisions"}],"wp:featuredmedia":[{"embeddable":true,"href":"https:\/\/linitiative.ca\/International\/wp-json\/"}],"wp:attachment":[{"href":"https:\/\/linitiative.ca\/International\/wp-json\/wp\/v2\/media?parent=70057"}],"wp:term":[{"taxonomy":"category","embeddable":true,"href":"https:\/\/linitiative.ca\/International\/wp-json\/wp\/v2\/categories?post=70057"},{"taxonomy":"post_tag","embeddable":true,"href":"https:\/\/linitiative.ca\/International\/wp-json\/wp\/v2\/tags?post=70057"}],"curies":[{"name":"wp","href":"https:\/\/api.w.org\/{rel}","templated":true}]}}