{"id":70059,"date":"2019-12-12T14:51:04","date_gmt":"2019-12-12T19:51:04","guid":{"rendered":"https:\/\/linitiative.ca\/International\/uestion-a-qui-de-droit\/"},"modified":"2019-12-12T14:51:04","modified_gmt":"2019-12-12T19:51:04","slug":"uestion-a-qui-de-droit","status":"publish","type":"post","link":"https:\/\/linitiative.ca\/International\/uestion-a-qui-de-droit\/","title":{"rendered":"UESTION A QUI DE DROIT"},"content":{"rendered":"<div class=\"featured-area featured-area-inner\"><img loading=\"lazy\" decoding=\"async\" width=\"780\" height=\"436\" src=\"http:\/\/lepays.bf\/wp-content\/uploads\/2017\/07\/lepaysresponsive.png\" class=\"attachment-jannah-image-post default-featured-img\" alt=\"\" srcset=\"http:\/\/lepays.bf\/wp-content\/uploads\/2017\/07\/lepaysresponsive.png 1137w, http:\/\/lepays.bf\/wp-content\/uploads\/2017\/07\/lepaysresponsive-300x168.png 300w, http:\/\/lepays.bf\/wp-content\/uploads\/2017\/07\/lepaysresponsive-768x430.png 768w, http:\/\/lepays.bf\/wp-content\/uploads\/2017\/07\/lepaysresponsive-1024x573.png 1024w\" sizes=\"auto, (max-width: 780px) 100vw, 780px\"\/><\/div>\n<div class=\"entry-content entry clearfix\" readability=\"40\">\n<div class=\"stream-item stream-item-above-post-content\">\n<p><noscript><\/p>\n<p><a href=\"\/\/www3.smartadserver.com\/ac?jump=1&#038;nwid=2136&#038;siteid=240610&#038;pgname=rg&#038;fmtid=49046&#038;visit=m&#038;tmstp=[timestamp]&#038;out=nonrich\" target=\"_blank\" rel=\"noopener noreferrer\"><img decoding=\"async\" src=\"\/\/www3.smartadserver.com\/ac?out=nonrich&#038;nwid=2136&#038;siteid=240610&#038;pgname=rg&#038;fmtid=49046&#038;visit=m&#038;tmstp=[timestamp]\" border=\"0\" alt=\"\"\/><\/a><\/p>\n<p><\/noscript><\/div>\n<p>Que devient la remise \u00e0 plat des salaires que le gouvernement avait annonc\u00e9e \u00e0 grand renfort de tapage m\u00e9diatique et qui, on se rappelle, avait \u00e9t\u00e9 favorablement accueillie par bien des Burkinab\u00e8\u00a0? Cette question, je me la pose quand je sais qu\u2019il s\u2019est \u00e9coul\u00e9 d\u00e9j\u00e0 une ann\u00e9e sans que les lignes ne bougent. Que se passe-t-il alors\u00a0? Pourquoi \u00e7a coince\u00a0? Dois-je comprendre que la mesure a \u00e9t\u00e9 aussit\u00f4t abandonn\u00e9e face \u00e0 la r\u00e9sistance qu\u2019ont oppos\u00e9e certaines corporations\u00a0? Je souhaite que l\u2019on \u00e9claire ma lanterne.<\/p>\n<p><strong>Un agent de la Fonction publique<\/strong><\/p>\n<\/div>\n<p>Auteur: Le Pays<br \/>\n<a href=\"http:\/\/lepays.bf\/uestion-a-qui-de-droit\/\">Cliquez ici pour lire l&rsquo;article depuis sa source.<\/a><\/p>\n","protected":false},"excerpt":{"rendered":"<p>Que devient la remise \u00e0 plat des salaires que le gouvernement avait annonc\u00e9e \u00e0 grand renfort de tapage m\u00e9diatique et qui, on se rappelle, avait \u00e9t\u00e9 favorablement accueillie par bien des Burkinab\u00e8\u00a0? Cette question, je me la pose quand je sais qu\u2019il s\u2019est \u00e9coul\u00e9 d\u00e9j\u00e0 une ann\u00e9e sans que les lignes ne bougent. Que se [&hellip;]<\/p>\n","protected":false},"author":1813,"featured_media":70060,"comment_status":"closed","ping_status":"closed","sticky":false,"template":"","format":"standard","meta":{"fifu_image_url":"","fifu_image_alt":"","footnotes":""},"categories":[73,81],"tags":[],"class_list":["post-70059","post","type-post","status-publish","format-standard","has-post-thumbnail","hentry","category-actualite","category-burkina-faso"],"_links":{"self":[{"href":"https:\/\/linitiative.ca\/International\/wp-json\/wp\/v2\/posts\/70059","targetHints":{"allow":["GET"]}}],"collection":[{"href":"https:\/\/linitiative.ca\/International\/wp-json\/wp\/v2\/posts"}],"about":[{"href":"https:\/\/linitiative.ca\/International\/wp-json\/wp\/v2\/types\/post"}],"author":[{"embeddable":true,"href":"https:\/\/linitiative.ca\/International\/wp-json\/wp\/v2\/users\/1813"}],"replies":[{"embeddable":true,"href":"https:\/\/linitiative.ca\/International\/wp-json\/wp\/v2\/comments?post=70059"}],"version-history":[{"count":0,"href":"https:\/\/linitiative.ca\/International\/wp-json\/wp\/v2\/posts\/70059\/revisions"}],"wp:featuredmedia":[{"embeddable":true,"href":"https:\/\/linitiative.ca\/International\/wp-json\/"}],"wp:attachment":[{"href":"https:\/\/linitiative.ca\/International\/wp-json\/wp\/v2\/media?parent=70059"}],"wp:term":[{"taxonomy":"category","embeddable":true,"href":"https:\/\/linitiative.ca\/International\/wp-json\/wp\/v2\/categories?post=70059"},{"taxonomy":"post_tag","embeddable":true,"href":"https:\/\/linitiative.ca\/International\/wp-json\/wp\/v2\/tags?post=70059"}],"curies":[{"name":"wp","href":"https:\/\/api.w.org\/{rel}","templated":true}]}}