{"id":70061,"date":"2019-12-12T14:58:12","date_gmt":"2019-12-12T19:58:12","guid":{"rendered":"https:\/\/linitiative.ca\/International\/assassinat-de-norbert-zongo\/"},"modified":"2019-12-12T14:58:12","modified_gmt":"2019-12-12T19:58:12","slug":"assassinat-de-norbert-zongo","status":"publish","type":"post","link":"https:\/\/linitiative.ca\/International\/assassinat-de-norbert-zongo\/","title":{"rendered":"ASSASSINAT DE NORBERT ZONGO"},"content":{"rendered":"<div class=\"stream-item stream-item-above-post-content\">\n<p><noscript><\/p>\n<p><a href=\"\/\/www3.smartadserver.com\/ac?jump=1&#038;nwid=2136&#038;siteid=240610&#038;pgname=rg&#038;fmtid=49046&#038;visit=m&#038;tmstp=[timestamp]&#038;out=nonrich\" target=\"_blank\" rel=\"noopener noreferrer\"><img decoding=\"async\" src=\"\/\/www3.smartadserver.com\/ac?out=nonrich&#038;nwid=2136&#038;siteid=240610&#038;pgname=rg&#038;fmtid=49046&#038;visit=m&#038;tmstp=[timestamp]\" border=\"0\" alt=\"\"\/><\/a><\/p>\n<p><\/noscript><\/div>\n<p class=\"c3\">13 d\u00e9cembre 1998 \u2013 13 d\u00e9cembre 2019\u00a0! Cela fait exactement 21 ans, jour pour jour , que le journaliste Norbert Zongo et ses trois compagnons trouvaient la mort sur la route de Sapouy. Leurs corps ont \u00e9t\u00e9 retrouv\u00e9s calcin\u00e9s et carbonis\u00e9s si fait que certains n\u2019ont pas h\u00e9sit\u00e9 \u00e0 parler d\u2019autodaf\u00e9 de Sapouy. Je me rappelle comme si c\u2019\u00e9tait hier, le toll\u00e9 que ce drame avait provoqu\u00e9 au-del\u00e0 des fronti\u00e8res du Burkina\u00a0; tant le choc \u00e9tait \u00e9norme. Accul\u00e9 de toutes parts, le pouvoir de l\u2019\u00e9poque, avec \u00e0 sa t\u00eate Blaise Compaor\u00e9, avait ouvert une information judiciaire qui, on \u00a0s\u2019en souvient, avait abouti \u00e0 un non-lieu comme pour dire que Norbert Zongo et ses compagnons \u00e9taient morts des suites d\u2019un accident de la circulation. Toute chose qui avait irrit\u00e9 plus d\u2019un\u00a0; tant on y voyait\u00a0 une man\u0153uvre du r\u00e9gime d\u2019alors visant \u00e0 mettre hors de cause l\u2019ex-petit pr\u00e9sident, Fran\u00e7ois Compaor\u00e9, dont le nom \u00e9tait cit\u00e9 dans cette sombre affaire qui avait secou\u00e9 le Burkina. La suite, on la conna\u00eet. Les choses \u00e9taient rest\u00e9es en l\u2019\u00e9tat et la famille Zongo dans le d\u00e9sarroi\u00a0 puisque ne sachant pas exactement ce qui est arriv\u00e9 \u00e0 ses proches ce maudit 13 d\u00e9cembre 1998. Il a donc fallu l\u2019av\u00e8nement de la Transition politique pour que le dossier Norbert Zongo soit rouvert. Ce qui a permis d\u2019inculper certaines personnes, dont certaines croupissaient d\u00e9j\u00e0 en prison. Je crois, si ma m\u00e9moire est bonne , que le petit fr\u00e8re de l\u2019ex-pr\u00e9sident, c\u2019est-\u00e0-dire Fran\u00e7ois Compaor\u00e9, a \u00e9t\u00e9 aussi mis en examen. Et ce n\u2019est pas tout. Un mandat d\u2019arr\u00eat international a \u00e9t\u00e9 lanc\u00e9 contre lui par les autorit\u00e9s judiciaires qui souhaitent l\u2019entendre dans le cadre de la disparition tragique de Norbert Zongo et ses compagnons.<\/p>\n<p><strong>Je demande \u00e0 Fran\u00e7ois Compaor\u00e9 de prendre son courage \u00e0 deux mains pour venir r\u00e9pondre \u00e0 la convocation du juge<\/strong><\/p>\n<p><strong>\u00a0<\/strong><\/p>\n<p class=\"c3\">Moi, je n\u2019ai rien contre quelqu\u2019un. Mais mon souhait le plus ardent, est que v\u00e9rit\u00e9 et justice soient rendues \u00e0 Norbert Zongo, du nom de ce journaliste de renomm\u00e9e que je prenais du plaisir \u00e0 lire tous les mardis\u00a0; tant il \u00e9tait pertinent dans ses analyses.\u00a0 Je le dis parce que la famille a trop attendu tant et si bien qu\u2019elle en a gros sur le c\u0153ur. Et moi personnellement, je comprends son amertume. Car 21 ans d\u2019attente, ce n\u2019est pas 21 jours. Que chacun de nous essaie de se mettre un peu \u00e0 la place des parents des victimes et il comprendra que perdre un proche dans des circonstances pareilles, est difficile \u00e0 supporter. C\u2019est pourquoi, pour autant qu\u2019il n\u2019ait rien \u00e0 se reprocher, je demande \u00e0 Fran\u00e7ois Compaor\u00e9 de prendre son courage \u00e0 deux mains pour venir r\u00e9pondre \u00e0 la convocation du juge. Ce serait l\u2019occasion pour lui de s\u2019expliquer et de se d\u00e9fendre comme il se doit. S\u2019il est blanchi, cela le grandira politiquement et il pourrait saisir l\u2019occasion pour rabattre la caquet \u00e0 ses contempteurs qui l\u2019accusent de tous les p\u00e9ch\u00e9s du\u2026 Burkina. S\u2019il est aussi reconnu coupable, qu\u2019il accepte que force doit rester \u00e0 la loi. Peut-\u00eatre qu\u2019\u00e0 ce moment-l\u00e0, on pourra envisager une vraie proc\u00e9dure de r\u00e9conciliation nationale qui tranchera avec la farce organis\u00e9e le 31 mars 2001.<\/p>\n<p><strong><em>\u00ab\u00a0Le Fou\u00a0\u00bb<\/em><\/strong><\/p>\n<p>Auteur: Le Pays<br \/>\n<a href=\"http:\/\/lepays.bf\/assassinat-de-norbert-zongo\/\">Cliquez ici pour lire l&rsquo;article depuis sa source.<\/a><\/p>\n","protected":false},"excerpt":{"rendered":"<p>13 d\u00e9cembre 1998 \u2013 13 d\u00e9cembre 2019\u00a0! Cela fait exactement 21 ans, jour pour jour , que le journaliste Norbert Zongo et ses trois compagnons trouvaient la mort sur la route de Sapouy. Leurs corps ont \u00e9t\u00e9 retrouv\u00e9s calcin\u00e9s et carbonis\u00e9s si fait que certains n\u2019ont pas h\u00e9sit\u00e9 \u00e0 parler d\u2019autodaf\u00e9 de Sapouy. Je me [&hellip;]<\/p>\n","protected":false},"author":1813,"featured_media":0,"comment_status":"closed","ping_status":"closed","sticky":false,"template":"","format":"standard","meta":{"fifu_image_url":"","fifu_image_alt":"","footnotes":""},"categories":[73,81],"tags":[],"class_list":["post-70061","post","type-post","status-publish","format-standard","hentry","category-actualite","category-burkina-faso"],"_links":{"self":[{"href":"https:\/\/linitiative.ca\/International\/wp-json\/wp\/v2\/posts\/70061","targetHints":{"allow":["GET"]}}],"collection":[{"href":"https:\/\/linitiative.ca\/International\/wp-json\/wp\/v2\/posts"}],"about":[{"href":"https:\/\/linitiative.ca\/International\/wp-json\/wp\/v2\/types\/post"}],"author":[{"embeddable":true,"href":"https:\/\/linitiative.ca\/International\/wp-json\/wp\/v2\/users\/1813"}],"replies":[{"embeddable":true,"href":"https:\/\/linitiative.ca\/International\/wp-json\/wp\/v2\/comments?post=70061"}],"version-history":[{"count":0,"href":"https:\/\/linitiative.ca\/International\/wp-json\/wp\/v2\/posts\/70061\/revisions"}],"wp:attachment":[{"href":"https:\/\/linitiative.ca\/International\/wp-json\/wp\/v2\/media?parent=70061"}],"wp:term":[{"taxonomy":"category","embeddable":true,"href":"https:\/\/linitiative.ca\/International\/wp-json\/wp\/v2\/categories?post=70061"},{"taxonomy":"post_tag","embeddable":true,"href":"https:\/\/linitiative.ca\/International\/wp-json\/wp\/v2\/tags?post=70061"}],"curies":[{"name":"wp","href":"https:\/\/api.w.org\/{rel}","templated":true}]}}