{"id":70062,"date":"2019-12-12T17:08:20","date_gmt":"2019-12-12T22:08:20","guid":{"rendered":"https:\/\/linitiative.ca\/International\/developpement-du-centre-est-la-belgique-presente-son-programme-au-chef-de-letat\/"},"modified":"2019-12-12T17:08:20","modified_gmt":"2019-12-12T22:08:20","slug":"developpement-du-centre-est-la-belgique-presente-son-programme-au-chef-de-letat","status":"publish","type":"post","link":"https:\/\/linitiative.ca\/International\/developpement-du-centre-est-la-belgique-presente-son-programme-au-chef-de-letat\/","title":{"rendered":"D\u00e9veloppement du Centre-Est La Belgique pr\u00e9sente  son programme au chef de l\u2019Etat"},"content":{"rendered":"<div class=\"td-post-featured-image\"><a href=\"https:\/\/i0.wp.com\/www.sidwaya.info\/wp-content\/uploads\/2019\/12\/centeest.gif?fit=787%2C525&#038;ssl=1\" data-caption=\"\"><img loading=\"lazy\" decoding=\"async\" width=\"696\" height=\"464\" class=\"entry-thumb td-modal-image\" src=\"https:\/\/i0.wp.com\/www.sidwaya.info\/wp-content\/uploads\/2019\/12\/centeest.gif?resize=696%2C464&#038;ssl=1\" alt=\"\" title=\"centeest\"\/><\/a><\/div>\n<p><strong>Pr\u00e9sent \u00e0 Tenkodogo dans le cadre de la comm\u00e9moration du 59e anniversaire de l\u2019ind\u00e9pendance, le pr\u00e9sident du Faso, Roch Marc Christian Kabor\u00e9 a accord\u00e9 une audience \u00e0 l\u2019ambassadeur du royaume de Belgique au Burkina Faso, Lieven De La Marche, le mardi 10 d\u00e9cembre 2019.<\/strong><\/p>\n<p>Le programme bilat\u00e9ral, ex\u00e9cut\u00e9 par la coop\u00e9ration belge dans la r\u00e9gion du Centre-Est, a \u00e9t\u00e9 pr\u00e9sent\u00e9 au pr\u00e9sident du Faso, Roch Marc Christian Kabor\u00e9 par l\u2019ambassadeur du royaume de Belgique au Burkina Faso, Lieven De La Marche. C\u2019\u00e9tait le mardi 10 d\u00e9cembre 2019 \u00e0 Tenkodogo lors d\u2019une audience que lui a accord\u00e9e le chef de l\u2019Etat. A la sortie de l\u2019audience, le diplomate belge a fait savoir que le programme a \u00e9t\u00e9 lanc\u00e9, le 4 juin dernier, et s\u2019articule autour de quatre volets. Il a cit\u00e9 l\u2019entreprenariat et la cr\u00e9ation d\u2019emplois au profit des jeunes et des femmes, la police de proximit\u00e9 visant \u00e0 renforcer la pr\u00e9sence des forces de s\u00e9curit\u00e9 \u00e0 travers la consolidation de la confiance entre les populations et les forces de d\u00e9fense et de s\u00e9curit\u00e9. Lieven De La Marche a, en outre, \u00e9voqu\u00e9 la sant\u00e9 sexuelle et de la reproduction et le renforcement des capacit\u00e9s de tous les acteurs impliqu\u00e9s dans la mise en \u0153uvre du programme. \u00abC\u2019est un programme important avec un financement cons\u00e9quent qui se d\u00e9roulera sur cinq ans. C\u2019est pourquoi, nous avons estim\u00e9 que c\u2019\u00e9tait une belle opportunit\u00e9 de pr\u00e9senter notre programme au pr\u00e9sident du Faso, \u00e0 la veille de la comm\u00e9moration du 59e anniversaire de l\u2019accession du Burkina Faso \u00e0 son ind\u00e9pendance\u00bb, a-t-il conclu.<\/p>\n<div class=\"td-a-rec td-a-rec-id-content_inline tdi_30_1ed td_block_template_1\"><a href=\"https:\/\/www.sidwaya.info\/wp-content\/uploads\/2019\/12\/Bandeau-11-De%CC%81cembre-3.jpg\"><img loading=\"lazy\" decoding=\"async\" src=\"https:\/\/www.sidwaya.info\/wp-content\/uploads\/2019\/12\/Bandeau-11-De%CC%81cembre-3.jpg\" alt=\"\" width=\"720\" height=\"90\" class=\"aligncenter size-full wp-image-17180\"\/><\/a><\/div>\n<p>Souaibou NOMBRE<\/p>\n<div class=\"td-a-rec td-a-rec-id-content_bottom tdi_31_733 td_block_template_1\"><img loading=\"lazy\" decoding=\"async\" class=\"aligncenter size-full wp-image-9623\" src=\"https:\/\/www.sidwaya.info\/wp-content\/uploads\/2019\/06\/Projet-bannie%CC%80re-Orange-mobile.jpg\" alt=\"\" width=\"728\" height=\"81\"\/><\/div>\n<p>Auteur: BM. Sidwaya<br \/>\n<a href=\"https:\/\/www.sidwaya.info\/blog\/2019\/12\/12\/developpement-du-centre-est-la-belgique-presente-son-programme-au-chef-de-letat\/\">Cliquez ici pour lire l&rsquo;article depuis sa source.<\/a><\/p>\n","protected":false},"excerpt":{"rendered":"<p>Pr\u00e9sent \u00e0 Tenkodogo dans le cadre de la comm\u00e9moration du 59e anniversaire de l\u2019ind\u00e9pendance, le pr\u00e9sident du Faso, Roch Marc Christian Kabor\u00e9 a accord\u00e9 une audience \u00e0 l\u2019ambassadeur du royaume de Belgique au Burkina Faso, Lieven De La Marche, le mardi 10 d\u00e9cembre 2019. Le programme bilat\u00e9ral, ex\u00e9cut\u00e9 par la coop\u00e9ration belge dans la r\u00e9gion [&hellip;]<\/p>\n","protected":false},"author":1816,"featured_media":0,"comment_status":"closed","ping_status":"closed","sticky":false,"template":"","format":"standard","meta":{"fifu_image_url":"","fifu_image_alt":"","footnotes":""},"categories":[73,81],"tags":[],"class_list":["post-70062","post","type-post","status-publish","format-standard","hentry","category-actualite","category-burkina-faso"],"_links":{"self":[{"href":"https:\/\/linitiative.ca\/International\/wp-json\/wp\/v2\/posts\/70062","targetHints":{"allow":["GET"]}}],"collection":[{"href":"https:\/\/linitiative.ca\/International\/wp-json\/wp\/v2\/posts"}],"about":[{"href":"https:\/\/linitiative.ca\/International\/wp-json\/wp\/v2\/types\/post"}],"author":[{"embeddable":true,"href":"https:\/\/linitiative.ca\/International\/wp-json\/wp\/v2\/users\/1816"}],"replies":[{"embeddable":true,"href":"https:\/\/linitiative.ca\/International\/wp-json\/wp\/v2\/comments?post=70062"}],"version-history":[{"count":0,"href":"https:\/\/linitiative.ca\/International\/wp-json\/wp\/v2\/posts\/70062\/revisions"}],"wp:attachment":[{"href":"https:\/\/linitiative.ca\/International\/wp-json\/wp\/v2\/media?parent=70062"}],"wp:term":[{"taxonomy":"category","embeddable":true,"href":"https:\/\/linitiative.ca\/International\/wp-json\/wp\/v2\/categories?post=70062"},{"taxonomy":"post_tag","embeddable":true,"href":"https:\/\/linitiative.ca\/International\/wp-json\/wp\/v2\/tags?post=70062"}],"curies":[{"name":"wp","href":"https:\/\/api.w.org\/{rel}","templated":true}]}}