{"id":70063,"date":"2019-12-12T17:13:37","date_gmt":"2019-12-12T22:13:37","guid":{"rendered":"https:\/\/linitiative.ca\/International\/rencontre-de-pau-sur-le-sahel-un-emissaire-francais-a-kosyam\/"},"modified":"2019-12-12T17:13:37","modified_gmt":"2019-12-12T22:13:37","slug":"rencontre-de-pau-sur-le-sahel-un-emissaire-francais-a-kosyam","status":"publish","type":"post","link":"https:\/\/linitiative.ca\/International\/rencontre-de-pau-sur-le-sahel-un-emissaire-francais-a-kosyam\/","title":{"rendered":"Rencontre de Pau sur le Sahel: un \u00e9missaire fran\u00e7ais \u00e0 Kosyam"},"content":{"rendered":"<div class=\"td-post-featured-image\"><a href=\"https:\/\/i0.wp.com\/www.sidwaya.info\/wp-content\/uploads\/2019\/12\/prefaso13.gif?fit=578%2C386&#038;ssl=1\" data-caption=\"\"><img loading=\"lazy\" decoding=\"async\" width=\"578\" height=\"386\" class=\"entry-thumb td-modal-image\" src=\"https:\/\/i0.wp.com\/www.sidwaya.info\/wp-content\/uploads\/2019\/12\/prefaso13.gif?resize=578%2C386&#038;ssl=1\" alt=\"\" title=\"prefaso13\"\/><\/a><\/div>\n<p><strong>Le pr\u00e9sident du Faso, Roch Marc Christian Kabor\u00e9, a re\u00e7u le jeudi 12 d\u00e9cembre 2019 \u00e0 Kosyam, l\u2019envoy\u00e9 sp\u00e9cial de la France au Sahel, l\u2019ambassadeur Christophe Bigot. La question s\u00e9curitaire a \u00e9t\u00e9 le menu principal des \u00e9changes.<\/strong><\/p>\n<p>La France s\u2019active pour la pr\u00e9paration du sommet souhait\u00e9 par son pr\u00e9sident, Emmanuel Macron sur la coop\u00e9ration militaire avec les pays du G5 Sahel. A cet effet, l\u2019Hexagone a d\u00e9p\u00each\u00e9 son envoy\u00e9 sp\u00e9cial pour le Sahel, l\u2019ambassadeur Christophe Bigot aupr\u00e8s du pr\u00e9sident du Faso, Roch Marc Christian Kabor\u00e9, le jeudi 12 d\u00e9cembre 2019. A sa sortie d\u2019audience \u00e0 Kosyam, le diplomate fran\u00e7ais s\u2019est dit rassur\u00e9 par le contenu des \u00e9changes. \u00abLe pr\u00e9sident du Faso a eu des propos tr\u00e8s positifs sur la n\u00e9cessit\u00e9 de travailler ensemble sur les d\u00e9fis s\u00e9curitaires qui devaient \u00eatre l\u2019objet du sommet du lundi 16 d\u00e9cembre prochain. Mais compte tenu du malheur qui a frapp\u00e9 le Niger (une attaque qui a co\u00fbt\u00e9 la vie \u00e0 71 soldats nig\u00e9riens, ndlr), il a \u00e9t\u00e9 jug\u00e9 pr\u00e9f\u00e9rable de reporter le sommet au mois de janvier 2020\u00bb, a-t-il indiqu\u00e9. De son avis, le Burkina Faso, qui pr\u00e9side le G5 Sahel, aura un r\u00f4le important \u00e0 jouer dans la pr\u00e9paration de ce sommet. Cette rencontre, a poursuivi l\u2019\u00e9missaire, doit \u00e9voquer les difficult\u00e9s rencontr\u00e9es, d\u00e9gager les dispositifs s\u00e9curitaires et strat\u00e9giques pour r\u00e9pondre au mieux aux d\u00e9fis. M. Bigot dit \u00eatre conscient des exigences des populations, des d\u00e9plac\u00e9s et autres victimes qui appellent \u00e0 l\u2019action. \u00abCette crise a trop dur\u00e9. C\u2019est depuis 2013 que la r\u00e9gion a connu le terrorisme sans vision et sans \u00e2me\u00bb, a-t-il d\u00e9plor\u00e9. Puis de poursuivre que son pays et ceux du G5 Sahel \u0153uvreront dans la perspective de ce sommet, \u00e0 d\u00e9boucher sur des mesures concr\u00e8tes et des strat\u00e9gies communes pour vaincre l\u2019hydre terroriste. Concernant la pol\u00e9mique \u00e0 la suite de la forme de l\u2019invitation des chefs d\u2019Etat du G5 Sahel (par voie de presse \u00e0 l\u2019issue d\u2019une rencontre de l\u2019OTAN \u00e0 Londres), l\u2019envoy\u00e9 sp\u00e9cial de la France s\u2019est montr\u00e9 peu bavard sur la question.<br \/>\u00ab Le pr\u00e9sident Macron a adress\u00e9 une lettre aux cinq pr\u00e9sidents du G5 Sahel. Le pr\u00e9sident du Faso a re\u00e7u une lettre dans laquelle il est pr\u00e9cis\u00e9 tr\u00e8s clairement les termes que c\u2019est une invitation au dialogue, \u00e0 la r\u00e9flexion et \u00e0 l\u2019action face au p\u00e9ril terroriste \u00bb, a-t-il soutenu.<\/p>\n<div class=\"td-a-rec td-a-rec-id-content_inline tdi_30_ff5 td_block_template_1\"><a href=\"https:\/\/www.sidwaya.info\/wp-content\/uploads\/2019\/12\/Bandeau-11-De%CC%81cembre-3.jpg\"><img loading=\"lazy\" decoding=\"async\" src=\"https:\/\/www.sidwaya.info\/wp-content\/uploads\/2019\/12\/Bandeau-11-De%CC%81cembre-3.jpg\" alt=\"\" width=\"720\" height=\"90\" class=\"aligncenter size-full wp-image-17180\"\/><\/a><\/div>\n<p>Prendre en compte le d\u00e9veloppement<\/p>\n<p>Pour lui, le plus important est de savoir qu\u2019il y a urgence. \u00abNous avons eu 13 soldats fran\u00e7ais tu\u00e9s. Beaucoup de soldats des pays du G5 Sahel sont victimes de ces attaques. Outre les attentats comme au Liban, c\u2019est la premi\u00e8re fois que nous avons eu autant de morts au combat\u00bb, a expliqu\u00e9 M. Bigot tout en invitant \u00e0 comprendre l\u2019\u00e9motion des Fran\u00e7ais. C\u2019est un sentiment l\u00e9gitime qui commande une urgence dans l\u2019action, a-t-il signifi\u00e9. A ce propos, l\u2019envoy\u00e9 sp\u00e9cial a lanc\u00e9 un appel \u00e0 la mobilisation. \u00abNous sommes contents que le sommet de la CEDEAO se tienne sur la question. C\u2019est important de pouvoir se mobiliser dans le cadre du G7 et de l\u2019Union europ\u00e9enne afin qu\u2019on puisse apporter une aide \u00e0 la formation des gendarmes et des policiers qui m\u00e8nent des enqu\u00eates aupr\u00e8s de la population. Aussi, nous souhaitons que des pays europ\u00e9ens soient dispos\u00e9s \u00e0 envoyer des forces sp\u00e9ciales au Sahel pour marquer leur volont\u00e9 de combattre\u00bb, a-t-il not\u00e9. L\u2019ambassadeur fran\u00e7ais a, par ailleurs, insist\u00e9 sur la n\u00e9cessit\u00e9 de prendre en compte le d\u00e9veloppement dans la lutte contre l\u2019extr\u00e9misme au Sahel.<\/p>\n<p>Abdoulaye BALBONE<\/p>\n<div class=\"td-a-rec td-a-rec-id-content_bottom tdi_31_3cc td_block_template_1\"><img loading=\"lazy\" decoding=\"async\" class=\"aligncenter size-full wp-image-9623\" src=\"https:\/\/www.sidwaya.info\/wp-content\/uploads\/2019\/06\/Projet-bannie%CC%80re-Orange-mobile.jpg\" alt=\"\" width=\"728\" height=\"81\"\/><\/div>\n<p>Auteur: BM. Sidwaya<br \/>\n<a href=\"https:\/\/www.sidwaya.info\/blog\/2019\/12\/12\/rencontre-de-pau-sur-le-sahel-un-emissaire-francais-a-kosyam\/\">Cliquez ici pour lire l&rsquo;article depuis sa source.<\/a><\/p>\n","protected":false},"excerpt":{"rendered":"<p>Le pr\u00e9sident du Faso, Roch Marc Christian Kabor\u00e9, a re\u00e7u le jeudi 12 d\u00e9cembre 2019 \u00e0 Kosyam, l\u2019envoy\u00e9 sp\u00e9cial de la France au Sahel, l\u2019ambassadeur Christophe Bigot. La question s\u00e9curitaire a \u00e9t\u00e9 le menu principal des \u00e9changes. La France s\u2019active pour la pr\u00e9paration du sommet souhait\u00e9 par son pr\u00e9sident, Emmanuel Macron sur la coop\u00e9ration militaire [&hellip;]<\/p>\n","protected":false},"author":1816,"featured_media":0,"comment_status":"closed","ping_status":"closed","sticky":false,"template":"","format":"standard","meta":{"fifu_image_url":"","fifu_image_alt":"","footnotes":""},"categories":[73,81],"tags":[],"class_list":["post-70063","post","type-post","status-publish","format-standard","hentry","category-actualite","category-burkina-faso"],"_links":{"self":[{"href":"https:\/\/linitiative.ca\/International\/wp-json\/wp\/v2\/posts\/70063","targetHints":{"allow":["GET"]}}],"collection":[{"href":"https:\/\/linitiative.ca\/International\/wp-json\/wp\/v2\/posts"}],"about":[{"href":"https:\/\/linitiative.ca\/International\/wp-json\/wp\/v2\/types\/post"}],"author":[{"embeddable":true,"href":"https:\/\/linitiative.ca\/International\/wp-json\/wp\/v2\/users\/1816"}],"replies":[{"embeddable":true,"href":"https:\/\/linitiative.ca\/International\/wp-json\/wp\/v2\/comments?post=70063"}],"version-history":[{"count":0,"href":"https:\/\/linitiative.ca\/International\/wp-json\/wp\/v2\/posts\/70063\/revisions"}],"wp:attachment":[{"href":"https:\/\/linitiative.ca\/International\/wp-json\/wp\/v2\/media?parent=70063"}],"wp:term":[{"taxonomy":"category","embeddable":true,"href":"https:\/\/linitiative.ca\/International\/wp-json\/wp\/v2\/categories?post=70063"},{"taxonomy":"post_tag","embeddable":true,"href":"https:\/\/linitiative.ca\/International\/wp-json\/wp\/v2\/tags?post=70063"}],"curies":[{"name":"wp","href":"https:\/\/api.w.org\/{rel}","templated":true}]}}