{"id":70064,"date":"2019-12-12T17:17:44","date_gmt":"2019-12-12T22:17:44","guid":{"rendered":"https:\/\/linitiative.ca\/International\/securite-au-sahel-nous-devons-clarifier-la-cooperation-avec-barkhane-roch-kabore\/"},"modified":"2019-12-12T17:17:44","modified_gmt":"2019-12-12T22:17:44","slug":"securite-au-sahel-nous-devons-clarifier-la-cooperation-avec-barkhane-roch-kabore","status":"publish","type":"post","link":"https:\/\/linitiative.ca\/International\/securite-au-sahel-nous-devons-clarifier-la-cooperation-avec-barkhane-roch-kabore\/","title":{"rendered":"S\u00e9curit\u00e9 au Sahel \u00abNous devons clarifier la coop\u00e9ration avec Barkhane\u00bb, Roch Kabor\u00e9"},"content":{"rendered":"<div class=\"td-post-featured-image\"><a href=\"https:\/\/i1.wp.com\/www.sidwaya.info\/wp-content\/uploads\/2019\/12\/prefaso.gif?fit=579%2C319&#038;ssl=1\" data-caption=\"\"><img loading=\"lazy\" decoding=\"async\" width=\"579\" height=\"319\" class=\"entry-thumb td-modal-image\" src=\"https:\/\/i1.wp.com\/www.sidwaya.info\/wp-content\/uploads\/2019\/12\/prefaso.gif?resize=579%2C319&#038;ssl=1\" alt=\"\" title=\"prefaso\"\/><\/a><\/div>\n<p><strong>A l\u2019issue des festivit\u00e9s du 59e anniversaire de la comm\u00e9moration de l\u2019ind\u00e9pendance du Burkina Faso, le chef de l\u2019Etat, Roch Marc Christian Kabor\u00e9, a accord\u00e9 une interview \u00e0 la t\u00e9l\u00e9vision et radio du Burkina et \u00e0 Canal3. Avec les journalistes, le chef de l\u2019Etat a parl\u00e9 de la situation s\u00e9curitaire, de la politique nationale, de l\u2019invitation de Emmanuel Macron aux chefs d\u2019Etat des pays du G5 Sahel, la lutte contre la corruption, etc.<\/strong><\/p>\n<p>Plusieurs points \u00e9taient au menu des \u00e9changes entre le pr\u00e9sident Roch Kabor\u00e9 et des journalistes burkinab\u00e8. La question s\u00e9curitaire a \u00e9t\u00e9 un point essentiel lors de l\u2019interview. Se pronon\u00e7ant, le pr\u00e9sident du Faso, a fait savoir que chaque peuple a travers\u00e9 des moments difficiles. C\u2019est pourquoi, il encourage les Burkinab\u00e8 \u00e0 faire preuve de mental fort afin de rester debout dans l\u2019adversit\u00e9. Convaincu que les Forces de d\u00e9fense et de s\u00e9curit\u00e9 (FDS) consentent de grands efforts sur le th\u00e9\u00e2tre des op\u00e9rations, il les a f\u00e9licit\u00e9es, car pour lui, elles sont mont\u00e9es en puissance et se sont aguerries au fil du temps. \u00abNous devons, en toutes circonstances, soutenir nos FDS. C\u2019est une responsabilit\u00e9 individuelle et collective\u00bb, a-t-il expliqu\u00e9. De l\u2019avis du pr\u00e9sident Kabor\u00e9, la lutte contre le terrorisme passe aussi par la promotion du vivre-ensemble. Pour ce faire, il a insist\u00e9 sur la n\u00e9cessit\u00e9 d\u2019\u00e9viter la stigmatisation de l\u2019autre en favorisant le rapprochement et le renforcement de la communication entre les communaut\u00e9s. Pour lutter contre le terrorisme, M. Kabor\u00e9 a annonc\u00e9 le recrutement de volontaires. Abordant la question, il a dit que ces derniers seront encadr\u00e9s par les FDS dans les zones pour lesquelles ils seront mobilis\u00e9s. Mais avant, le chef de l\u2019Etat a pr\u00e9cis\u00e9 qu\u2019une loi va encadrer ce volontariat. \u00ab Les textes seront adopt\u00e9s par le conseil des ministres, puis transf\u00e9r\u00e9s \u00e0 l\u2019Assembl\u00e9e nationale pour l\u2019adoption d\u2019une loi y relative\u00bb, a-t-il signifi\u00e9.<br \/>La \u00abconvocation\u00bb des chefs d\u2019Etat du G5 Sahel \u00e0 Pau a \u00e9t\u00e9 abord\u00e9e par les journalistes. Sur ce sujet qui a cr\u00e9\u00e9 la pol\u00e9mique au sein de l\u2019opinion dans les pays du G5 Sahel, Roch Marc Christian Kabor\u00e9 a rappel\u00e9 que le Burkina est dans un partenariat avec un certain nombre de pays dont la France dans le cadre de la lutte contre le terrorisme qui est un combat international. \u00abMais, la forme et le contenu qui ont pr\u00e9c\u00e9d\u00e9 cette invite, ont fait couler beaucoup d\u2019encre et de salive. Ce, parce que le partenariat doit \u00eatre respectueux les uns et des autres. Cela est tr\u00e8s important. J\u2019estime que le ton et les termes qui ont \u00e9t\u00e9 utilis\u00e9s avant l\u2019invite posent des probl\u00e8mes, alors que c\u2019est le contenu du d\u00e9bat qu\u2019on doit examiner ensemble\u00bb, a-t-il clarifi\u00e9. Mais avant la rencontre de Pau, le pr\u00e9sident du Faso a confi\u00e9 aux journalistes qu\u2019une concertation aura lieu entre les pays membres du G5 Sahel. \u201cAvec mes pairs du G5 Sahel, nous avons convenu de nous concerter au cours d\u2019un sommet dimanche 15 d\u00e9cembre sur le partenariat avec Barkhane\u201d, a d\u00e9clar\u00e9 le pr\u00e9sident du Faso.<\/p>\n<div class=\"td-a-rec td-a-rec-id-content_inline tdi_30_e9e td_block_template_1\"><a href=\"https:\/\/www.sidwaya.info\/wp-content\/uploads\/2019\/12\/Bandeau-11-De%CC%81cembre-3.jpg\"><img loading=\"lazy\" decoding=\"async\" src=\"https:\/\/www.sidwaya.info\/wp-content\/uploads\/2019\/12\/Bandeau-11-De%CC%81cembre-3.jpg\" alt=\"\" width=\"720\" height=\"90\" class=\"aligncenter size-full wp-image-17180\"\/><\/a><\/div>\n<p>Bilan \u00abpositif\u00bb<\/p>\n<p>\u201cNous devons clarifier la coop\u00e9ration avec Barkhane pour renforcer l\u2019efficacit\u00e9 de notre action militaire dans le Sahel\u201d, a affirm\u00e9 le chef de l\u2019Etat avant d\u2019ajouter qu\u2019il est important que le partenariat avec la France soit \u00e9quitable et efficace dans l\u2019int\u00e9r\u00eat partag\u00e9 des populations. A la question de savoir si la France a bloqu\u00e9 une op\u00e9ration d\u2019achat d\u2019avions militaires pour le Burkina, il a d\u00e9clar\u00e9 : \u00ab Jamais ! La France n\u2019a jamais bloqu\u00e9 un achat d\u2019avions. \u00bb Pour lui, les r\u00e9seaux sociaux sont une zone de d\u00e9sinformation. Les Etats de la CEDEAO ont d\u00e9cid\u00e9 d\u2019abandonner le franc CFA pour utiliser l\u2019ECO en 2020. Le pr\u00e9sident du Faso a rappel\u00e9 que l\u2019ECO sera une monnaie flexible adoss\u00e9e \u00e0 un panier de devises. \u201cNous devons travailler au respect de crit\u00e8res de convergence pour y parvenir. Il ne s\u2019agira pas simplement d\u2019un changement de nom\u201d, a-t-il insist\u00e9. Un des sujets \u00abbr\u00fblant\u00bb au pays des Hommes int\u00e8gres est la lutte contre la corruption. Roch Kabor\u00e9 a dit aux journalistes : \u00abPersonne n\u2019est intouchable au Burkina Faso. Si des faits de corruption sont av\u00e9r\u00e9s, les concern\u00e9s seront sanctionn\u00e9s\u00bb. Le pr\u00e9sident du Faso est \u00e0 un an de la fin de son mandat. Interrog\u00e9 sur son bilan, il s\u2019est dit satisfait. \u00abDepuis 4 ans que je suis \u00e0 la t\u00eate du Burkina Faso, beaucoup d\u2019acquis ont \u00e9t\u00e9 engrang\u00e9s, mais certainement beaucoup restent \u00e0 faire. Nous sommes dans un contexte d\u2019adversit\u00e9. Et nous devons comprendre que malgr\u00e9 tout, le Burkina Faso avance. Sans rentrer dans les d\u00e9tails, chaque ministre aura l\u2019occasion d\u2019\u00e9grener les acquis lorsqu\u2019ils seront devant vous. Le bilan, pour ma part, est satisfaisant \u00bb, a-t-il d\u00e9clar\u00e9.<\/p>\n<p>Synth\u00e8se de Abdel Aziz NABALOUM<\/p>\n<div class=\"td-a-rec td-a-rec-id-content_bottom tdi_31_da5 td_block_template_1\"><img loading=\"lazy\" decoding=\"async\" class=\"aligncenter size-full wp-image-9623\" src=\"https:\/\/www.sidwaya.info\/wp-content\/uploads\/2019\/06\/Projet-bannie%CC%80re-Orange-mobile.jpg\" alt=\"\" width=\"728\" height=\"81\"\/><\/div>\n<p>Auteur: BM. Sidwaya<br \/>\n<a href=\"https:\/\/www.sidwaya.info\/blog\/2019\/12\/12\/securite-au-sahel-nous-devons-clarifier-la-cooperation-avec-barkhane-roch-kabore\/\">Cliquez ici pour lire l&rsquo;article depuis sa source.<\/a><\/p>\n","protected":false},"excerpt":{"rendered":"<p>A l\u2019issue des festivit\u00e9s du 59e anniversaire de la comm\u00e9moration de l\u2019ind\u00e9pendance du Burkina Faso, le chef de l\u2019Etat, Roch Marc Christian Kabor\u00e9, a accord\u00e9 une interview \u00e0 la t\u00e9l\u00e9vision et radio du Burkina et \u00e0 Canal3. Avec les journalistes, le chef de l\u2019Etat a parl\u00e9 de la situation s\u00e9curitaire, de la politique nationale, de [&hellip;]<\/p>\n","protected":false},"author":1816,"featured_media":0,"comment_status":"closed","ping_status":"closed","sticky":false,"template":"","format":"standard","meta":{"fifu_image_url":"","fifu_image_alt":"","footnotes":""},"categories":[73,81],"tags":[],"class_list":["post-70064","post","type-post","status-publish","format-standard","hentry","category-actualite","category-burkina-faso"],"_links":{"self":[{"href":"https:\/\/linitiative.ca\/International\/wp-json\/wp\/v2\/posts\/70064","targetHints":{"allow":["GET"]}}],"collection":[{"href":"https:\/\/linitiative.ca\/International\/wp-json\/wp\/v2\/posts"}],"about":[{"href":"https:\/\/linitiative.ca\/International\/wp-json\/wp\/v2\/types\/post"}],"author":[{"embeddable":true,"href":"https:\/\/linitiative.ca\/International\/wp-json\/wp\/v2\/users\/1816"}],"replies":[{"embeddable":true,"href":"https:\/\/linitiative.ca\/International\/wp-json\/wp\/v2\/comments?post=70064"}],"version-history":[{"count":0,"href":"https:\/\/linitiative.ca\/International\/wp-json\/wp\/v2\/posts\/70064\/revisions"}],"wp:attachment":[{"href":"https:\/\/linitiative.ca\/International\/wp-json\/wp\/v2\/media?parent=70064"}],"wp:term":[{"taxonomy":"category","embeddable":true,"href":"https:\/\/linitiative.ca\/International\/wp-json\/wp\/v2\/categories?post=70064"},{"taxonomy":"post_tag","embeddable":true,"href":"https:\/\/linitiative.ca\/International\/wp-json\/wp\/v2\/tags?post=70064"}],"curies":[{"name":"wp","href":"https:\/\/api.w.org\/{rel}","templated":true}]}}