{"id":70065,"date":"2019-12-12T17:21:39","date_gmt":"2019-12-12T22:21:39","guid":{"rendered":"https:\/\/linitiative.ca\/International\/21e-anniversaire-de-lassassinat-de-norbert-zongo\/"},"modified":"2019-12-12T17:21:39","modified_gmt":"2019-12-12T22:21:39","slug":"21e-anniversaire-de-lassassinat-de-norbert-zongo","status":"publish","type":"post","link":"https:\/\/linitiative.ca\/International\/21e-anniversaire-de-lassassinat-de-norbert-zongo\/","title":{"rendered":"21e anniversaire de l\u2019assassinat de Norbert Zongo"},"content":{"rendered":"<div class=\"td-post-featured-image\"><a href=\"https:\/\/i1.wp.com\/www.sidwaya.info\/wp-content\/uploads\/2019\/12\/diallo.gif?fit=787%2C525&#038;ssl=1\" data-caption=\"\"><img loading=\"lazy\" decoding=\"async\" width=\"696\" height=\"464\" class=\"entry-thumb td-modal-image\" src=\"https:\/\/i1.wp.com\/www.sidwaya.info\/wp-content\/uploads\/2019\/12\/diallo.gif?resize=696%2C464&#038;ssl=1\" alt=\"\" title=\"diallo\"\/><\/a><\/div>\n<p><strong>Aujourd\u2019hui, 13 d\u00e9cembre 2019, les organisations de journalistes comm\u00e9morent le 21e anniversaire de l\u2019assassinat du journaliste d\u2019investigation, Norbert Zongo. Dans cet entretien, le pr\u00e9sident du comit\u00e9 de pilotage du Centre national de presse Norbert-Zongo, Abdoulaye Diallo, donne les grandes lignes de la manifestation. Il invite, par ailleurs, la justice burkinab\u00e8 \u00e0 \u0153uvrer afin que le droit soit dit dans ce dossier.<\/strong><\/p>\n<p>Sidwaya (S) : Cela fait 21 ans que le journaliste Norbert Zongo a \u00e9t\u00e9 assassin\u00e9. Pour cette comm\u00e9moration, quelles sont les activit\u00e9s inscrites au programme ?<br \/>Abdoulaye Diallo (A.D.) : Plusieurs activit\u00e9s sont pr\u00e9vues pour la comm\u00e9moration des 21 ans de l\u2019assassinat de Norbert Zongo. Le collectif des organisations d\u00e9mocratiques de masses et des partis politiques pr\u00e9voit un recueillement \u00e0 7h au cimeti\u00e8re de Gounghin. Un meeting est \u00e9galement programm\u00e9 \u00e0 la bourse du travail. A 18h, il y aura une projection de film au Rond-point de la Patte d\u2019oie. Au centre national de presse Norbert-Zongo, nous pr\u00e9voyons \u00e0 15 h, la remise de l\u2019appel des journalistes africains aux autorit\u00e9s fran\u00e7aises pour l\u2019extradition de Fran\u00e7ois Compaor\u00e9. Cet appel sera remis \u00e0 l\u2019ambassadeur de France au Burkina Faso. Cin\u00e9 droit libre projette \u00e9galement, un film appel\u00e9 \u2018\u2019la voix des sans voix\u2019\u2019 sur le cas d\u2019un autre journaliste burundais qui \u00e9tait oblig\u00e9 de s\u2019exiler. Ce film pose la question de la libert\u00e9 de la presse. Une d\u00e9claration des organisations professionnelles de m\u00e9dias est publi\u00e9e dans la presse.<\/p>\n<div class=\"td-a-rec td-a-rec-id-content_inline tdi_30_7a7 td_block_template_1\"><a href=\"https:\/\/www.sidwaya.info\/wp-content\/uploads\/2019\/12\/Bandeau-11-De%CC%81cembre-3.jpg\"><img loading=\"lazy\" decoding=\"async\" src=\"https:\/\/www.sidwaya.info\/wp-content\/uploads\/2019\/12\/Bandeau-11-De%CC%81cembre-3.jpg\" alt=\"\" width=\"720\" height=\"90\" class=\"aligncenter size-full wp-image-17180\"\/><\/a><\/div>\n<p>S : Qu\u2019en est-il de l\u2019appel qui sera remis \u00e0 l\u2019ambassadeur de France ?<br \/>A. D. : Lors du dernier Festival pour la libert\u00e9 d\u2019expression et de presse (FILEP), l\u2019ensemble des journalistes africains avaient formul\u00e9 un appel. Le Centre national de presse Norbert Zongo \u00e9tait charg\u00e9 de remettre cet appel aux autorit\u00e9s fran\u00e7aises. Nous pensons que le 13 d\u00e9cembre est une date symbolique pour transmettre cet appel \u00e0 l\u2019ambassadeur de France. Il s\u2019agit de rappeler que la justice fran\u00e7aise a fait son travail depuis le 4 juin 2019. Il reste au gouvernement fran\u00e7ais de prendre un d\u00e9cret qui autorise l\u2019extradition de Fran\u00e7ois Compaor\u00e9.<br \/>S : Les suppos\u00e9es tensions entre le Burkina Faso et la France li\u00e9es \u00e0 la lutte contre le terrorisme ne peuvent-elles pas compromettre cette extradition?<br \/>A.D. : On n\u2019en sait rien. Seulement, nous sommes inquiets de la lenteur observ\u00e9e par les autorit\u00e9s fran\u00e7aises. C\u2019est pour cette raison, que nous avons d\u00e9cid\u00e9 de faire ce coup de gueule \u00e0 leur endroit.<\/p>\n<p>S : L\u2019affaire ne peut-elle pas \u00eatre jug\u00e9e en l\u2019absence de Fran\u00e7ois Compaor\u00e9 ?<br \/>A.D. : Oui. En m\u00eame temps que nous r\u00e9clamons Fran\u00e7ois Compaor\u00e9 au gouvernement fran\u00e7ais, nous interpelons \u00e9galement la justice burkinab\u00e8 \u00e0 faire son travail. Que ce dernier soit extrad\u00e9 ou non, le proc\u00e8s peut se tenir. C\u2019est important, il ne faut pas que l\u2019on lie le dossier \u00e0 l\u2019extradition de Fran\u00e7ois Compaor\u00e9.<\/p>\n<p>S : Comment \u00e9volue le dossier Norbert Zongo dans son fonds?<br \/>A.D. : Depuis les 20 ans, nous n\u2019avons pas eu un acte concernant le dossier, sauf la justice fran\u00e7aise qui a vid\u00e9 le dossier. C\u2019est l\u2019acte le plus important qui est pos\u00e9. C\u2019est le seul \u00e9l\u00e9ment nouveau. Sinon, en dehors de ceux qui ont \u00e9t\u00e9 inculp\u00e9s et d\u00e9tenus en prison, il n\u2019y a rien d\u2019autre.<\/p>\n<p>S : Quel est votre regard sur le nouveau Code p\u00e9nal, qui, selon certains professionnels, remet en cause la libert\u00e9 de la presse au Burkina Faso ?<br \/>A.D. : Nous avons men\u00e9 le d\u00e9bat lors du dernier FILEP. Nous avons d\u00e9montr\u00e9 que c\u2019est un code liberticide. Le minist\u00e8re de la Justice ainsi que certains professionnels ont dit le contraire. Pour ces derniers, la presse est r\u00e9gie par des lois et pour cela, on ne saurait utiliser le code p\u00e9nal pour sanctionner les journalistes. Nous continuons \u00e0 demander que ce code soit revu pour nous rassurer. En attendant, les lois sur la presse ne traitent pas des questions de terrorisme. Le seul texte de lois qui parle du terrorisme, c\u2019est le Code p\u00e9nal. Nous nous sentons donc vis\u00e9s. Il faut une d\u00e9rogation, comme \u00ab exception faite aux hommes de m\u00e9dias et chercheurs \u00bb. Ce qui voudrait dire que le code p\u00e9nal ne les concerne pas.<\/p>\n<p>S : Pourquoi, est-il n\u00e9cessaire de miser sur les m\u00e9dias nationaux pour soigner l\u2019image de l\u2019Afrique, comme nous le rappelle le th\u00e8me des derni\u00e8res Universit\u00e9s africaines de la communication (UACO) ?<br \/>A.D. : C\u2019est une bonne initiative ; mais est-ce que cela va fonctionner ? La plupart de nos dirigeants accordent une importance aux m\u00e9dias internationaux. Tr\u00e8s souvent, les m\u00e9dias locaux leur font plus mal parce que les vrais faits y sont relat\u00e9s. On esp\u00e8re que l\u2019appel des UACO va \u00eatre entendu mais cela ne sera pas pour demain. Car, les dirigeants vont continuer \u00e0 donner la primeur \u00e0 Jeune Afrique, Rfi, France 24\u2026 Ce sont des m\u00e9dias dominants, et nos dirigeants veulent se faire voir. C\u2019est un combat \u00e0 mener. Dans le monde entier, il faut changer le contenu des m\u00e9dias, car ils aiment ce qui est n\u00e9gatif. Pourtant, il faut mettre l\u2019accent sur le positif, des choses qui marchent. Cela aide les esprits \u00e0 \u00eatre en paix.<\/p>\n<p>S : Votre appel aux autorit\u00e9s et \u00e0 la population ?<br \/>L\u2019affaire Norbert Zongo est une affaire du Burkina. Le pays doit avoir le courage de la r\u00e9gler pour une bonne fois. Le peuple veut la justice. Tout r\u00e9gime qui va jouer avec cette affaire, r\u00e9coltera les cons\u00e9quences. J\u2019appelle enfin \u00e0 la tenue de ce proc\u00e8s, afin que les assassins soient jug\u00e9s et punis.<\/p>\n<p>R\u00e9alis\u00e9e par Adama SEDGO<\/p>\n<div class=\"td-a-rec td-a-rec-id-content_bottom tdi_31_f99 td_block_template_1\"><img loading=\"lazy\" decoding=\"async\" class=\"aligncenter size-full wp-image-9623\" src=\"https:\/\/www.sidwaya.info\/wp-content\/uploads\/2019\/06\/Projet-bannie%CC%80re-Orange-mobile.jpg\" alt=\"\" width=\"728\" height=\"81\"\/><\/div>\n<p>Auteur: BM. Sidwaya<br \/>\n<a href=\"https:\/\/www.sidwaya.info\/blog\/2019\/12\/12\/21e-anniversaire-de-lassassinat-de-norbert-zongo\/\">Cliquez ici pour lire l&rsquo;article depuis sa source.<\/a><\/p>\n","protected":false},"excerpt":{"rendered":"<p>Aujourd\u2019hui, 13 d\u00e9cembre 2019, les organisations de journalistes comm\u00e9morent le 21e anniversaire de l\u2019assassinat du journaliste d\u2019investigation, Norbert Zongo. Dans cet entretien, le pr\u00e9sident du comit\u00e9 de pilotage du Centre national de presse Norbert-Zongo, Abdoulaye Diallo, donne les grandes lignes de la manifestation. Il invite, par ailleurs, la justice burkinab\u00e8 \u00e0 \u0153uvrer afin que le [&hellip;]<\/p>\n","protected":false},"author":1816,"featured_media":0,"comment_status":"closed","ping_status":"closed","sticky":false,"template":"","format":"standard","meta":{"fifu_image_url":"","fifu_image_alt":"","footnotes":""},"categories":[73,81],"tags":[],"class_list":["post-70065","post","type-post","status-publish","format-standard","hentry","category-actualite","category-burkina-faso"],"_links":{"self":[{"href":"https:\/\/linitiative.ca\/International\/wp-json\/wp\/v2\/posts\/70065","targetHints":{"allow":["GET"]}}],"collection":[{"href":"https:\/\/linitiative.ca\/International\/wp-json\/wp\/v2\/posts"}],"about":[{"href":"https:\/\/linitiative.ca\/International\/wp-json\/wp\/v2\/types\/post"}],"author":[{"embeddable":true,"href":"https:\/\/linitiative.ca\/International\/wp-json\/wp\/v2\/users\/1816"}],"replies":[{"embeddable":true,"href":"https:\/\/linitiative.ca\/International\/wp-json\/wp\/v2\/comments?post=70065"}],"version-history":[{"count":0,"href":"https:\/\/linitiative.ca\/International\/wp-json\/wp\/v2\/posts\/70065\/revisions"}],"wp:attachment":[{"href":"https:\/\/linitiative.ca\/International\/wp-json\/wp\/v2\/media?parent=70065"}],"wp:term":[{"taxonomy":"category","embeddable":true,"href":"https:\/\/linitiative.ca\/International\/wp-json\/wp\/v2\/categories?post=70065"},{"taxonomy":"post_tag","embeddable":true,"href":"https:\/\/linitiative.ca\/International\/wp-json\/wp\/v2\/tags?post=70065"}],"curies":[{"name":"wp","href":"https:\/\/api.w.org\/{rel}","templated":true}]}}