{"id":70068,"date":"2019-12-12T15:50:06","date_gmt":"2019-12-12T20:50:06","guid":{"rendered":"https:\/\/linitiative.ca\/International\/fusillade-de-jersey-city-les-tueurs-motives-par-lantisemitisme-et-la-haine-de-la-police\/"},"modified":"2019-12-12T15:50:06","modified_gmt":"2019-12-12T20:50:06","slug":"fusillade-de-jersey-city-les-tueurs-motives-par-lantisemitisme-et-la-haine-de-la-police","status":"publish","type":"post","link":"https:\/\/linitiative.ca\/International\/fusillade-de-jersey-city-les-tueurs-motives-par-lantisemitisme-et-la-haine-de-la-police\/","title":{"rendered":"Fusillade de Jersey City: les tueurs motiv\u00e9s par l\u2019antis\u00e9mitisme et la haine de la police"},"content":{"rendered":"<div readability=\"32\">\n<p>Publi\u00e9 le 12.12.2019 \u00e0 21h50 par AFP<\/p>\n<\/div>\n<div readability=\"156\">\n<p>Deux jours apr\u00e8s une fusillade dans une \u00e9picerie casher de la banlieue new-yorkaise qui semblait initialement relever du banditisme, les autorit\u00e9s ont confirm\u00e9 jeudi traiter l\u2019affaire comme un acte \u00ab\u00a0aliment\u00e9 par l\u2019antis\u00e9mitisme\u00a0\u00bb et \u00ab\u00a0la haine de la police\u00a0\u00bb.<\/p>\n<p>Sur la base des \u00e9l\u00e9ments collect\u00e9s et des t\u00e9moins interrog\u00e9s, \u00ab\u00a0nous pensons que les suspects avaient des vues t\u00e9moignant d\u2019une haine des juifs et d\u2019une haine des forces de police\u00a0\u00bb, a d\u00e9clar\u00e9 le procureur de l\u2019Etat du New Jersey, Gurbir Grewal, lors d\u2019un point de presse \u00e0 Jersey City, la ville aux portes de New York o\u00f9 a eu lieu la fusillade.<\/p>\n<p>\u00ab\u00a0Je confirme que nous traitons cette affaire comme un acte de terrorisme int\u00e9rieur aliment\u00e9 par l\u2019antis\u00e9mitisme et par des vues anti-forces de l\u2019ordre\u00a0\u00bb, a-t-il ajout\u00e9.<\/p>\n<p>Quatre personnes ont \u00e9t\u00e9 tu\u00e9es, en plus des deux suspects, lors de cette fusillade qui a transform\u00e9 un quartier de cette proche banlieue new-yorkaise en sc\u00e8ne de guerre mardi apr\u00e8s-midi.<\/p>\n<p>Plus d\u2019une centaine de coups de feu ont \u00e9t\u00e9 \u00e9chang\u00e9s en plus de deux heures entre la police et les tireurs entr\u00e9s dans l\u2019\u00e9picerie, tandis que les \u00e9coles et h\u00f4pitaux du quartier \u00e9taient verrouill\u00e9s, leurs occupants retranch\u00e9s \u00e0 l\u2019int\u00e9rieur, jusqu\u2019\u00e0 la tomb\u00e9e de la nuit.<\/p>\n<p>Le procureur Grewal a par ailleurs indiqu\u00e9 que les tireurs \u2013 un homme et une femme, identifi\u00e9s comme David Anderson, 47 ans, et Francine Graham, 50 ans \u2013 avaient \u00ab\u00a0exprim\u00e9 un int\u00e9r\u00eat\u00a0\u00bb pour l\u2019organisation des \u00ab\u00a0Black Hebrew Israelites\u00a0\u00bb.<\/p>\n<p>Ce groupe, tr\u00e8s \u00e9clat\u00e9, a \u00e9t\u00e9 qualifi\u00e9 dans le pass\u00e9 d\u2019organisation extr\u00e9miste par le Southern Poverty Law Center, qui suit les activit\u00e9s extr\u00e9mistes am\u00e9ricaines.<\/p>\n<p>Il a cependant soulign\u00e9 n\u2019avoir pour l\u2019instant aucune preuve qu\u2019ils appartenaient \u00e0 cette organisation ou \u00e0 toute autre.<\/p>\n<p>\u2013 Lourdement arm\u00e9s \u2013<\/p>\n<p>Les tireurs, qui formaient un couple, selon des m\u00e9dias am\u00e9ricains, \u00e9taient lourdement arm\u00e9s: les enqu\u00eateurs ont retrouv\u00e9 cinq armes qu\u2019ils semblent avoir utilis\u00e9es, y compris une arme semi-automatique de type AR-15, qu\u2019aurait utilis\u00e9e David Anderson en entrant dans l\u2019\u00e9picerie, et un fusil mani\u00e9 par Francine Graham.<\/p>\n<p>La fusillade avait d\u00e9marr\u00e9 \u00e0 la mi-journ\u00e9e pr\u00e8s d\u2019un cimeti\u00e8re de la ville, lorsqu\u2019un d\u00e9tective qui enqu\u00eatait sur un homicide s\u2019\u00e9tait approch\u00e9 de la camionnette o\u00f9 se trouvaient les deux suspects. Il a \u00e9t\u00e9 le premier abattu.<\/p>\n<p>Les tireurs ont ensuite roul\u00e9 jusqu\u2019\u00e0 l\u2019\u00e9picerie, \u00e0 environ 1,5 km de l\u00e0. Une fois gar\u00e9s, ils se sont dirig\u00e9s imm\u00e9diatement vers l\u2019\u00e9picerie, a soulign\u00e9 le procureur.<\/p>\n<p>Les trois personnes qui ont \u00e9t\u00e9 retrouv\u00e9es mortes dans le magasin \u2013 la femme du propri\u00e9taire, Mindy Ferencz, un client, Moshe Deutsch, et un employ\u00e9, Douglas Miguel Rodriguez \u2013 ont selon les \u00e9l\u00e9ments disponibles \u00ab\u00a0\u00e9t\u00e9 abattus quelques minutes apr\u00e8s que les suspects ont p\u00e9n\u00e9tr\u00e9 dans le magasin\u00a0\u00bb, a-t-il ajout\u00e9.<\/p>\n<p>Une quatri\u00e8me personne qui \u00e9tait dans le magasin quand la fusillade a commenc\u00e9, a \u00e9t\u00e9 touch\u00e9e, mais ses blessures sont sans gravit\u00e9, avaient indiqu\u00e9 la veille les autorit\u00e9s.<\/p>\n<p>La fusillade a suscit\u00e9 une vive \u00e9motion \u00e0 Jersey City, une ville de 270.000 habitants \u00e0 la population tr\u00e8s m\u00e9lang\u00e9e, o\u00f9 s\u2019est install\u00e9e ces derni\u00e8res ann\u00e9es une petite communaut\u00e9 hassidique fuyant les loyers en hausse de Brooklyn.<\/p>\n<p>Des centaines de personnes ont assist\u00e9 mercredi soir \u00e0 une c\u00e9r\u00e9monie fun\u00e9raire pour Mindy Ferencz, 31 ans, visiblement connue dans le quartier. Une autre c\u00e9r\u00e9monie en hommage \u00e0 Moshe Deutsch, 24 ans, a eu lieu \u00e0 Brooklyn.<\/p>\n<p>Le maire de Jersey City, Steven Fulop, avait d\u00e8s mercredi matin parl\u00e9 d\u2019antis\u00e9mitisme et soulign\u00e9 que les tireurs avaient vis\u00e9 d\u00e9lib\u00e9r\u00e9ment l\u2019\u00e9picerie, mais les autorit\u00e9s \u00e9taient rest\u00e9es prudentes dans un premier temps, se gardant de qualifier l\u2019attaque.<\/p>\n<p>Le maire de New York, Bill de Blasio, avait lui aussi rapidement d\u00e9nonc\u00e9 l\u2019attaque comme le signe d&rsquo;\u00a0\u00bbune tendance croissante \u00e0 l\u2019antis\u00e9mitisme violent\u00a0\u00bb, et renforc\u00e9 la protection des sites de la communaut\u00e9 juive dans la capitale financi\u00e8re am\u00e9ricaine.<\/p>\n<p>Les attaques contre la communaut\u00e9 juive se sont multipli\u00e9es ces derni\u00e8res ann\u00e9es aux Etats-Unis et dans la r\u00e9gion new-yorkaise.<\/p>\n<p>Un supr\u00e9maciste blanc a tu\u00e9 11 personnes dans une synagogue de Pittsburgh (Pennsylvanie) en octobre 2018, attaque la plus meurtri\u00e8re jamais commise contre des juifs aux Etats-Unis.<\/p>\n<\/div>\n<p>Auteur: AFP<br \/>\n<a href=\"https:\/\/www.journalducameroun.com\/fusillade-de-jersey-city-les-tueurs-motives-par-lantisemitisme-et-la-haine-de-la-police\/\">Cliquez ici pour lire l&rsquo;article depuis sa source.<\/a><\/p>\n","protected":false},"excerpt":{"rendered":"<p>Publi\u00e9 le 12.12.2019 \u00e0 21h50 par AFP Deux jours apr\u00e8s une fusillade dans une \u00e9picerie casher de la banlieue new-yorkaise qui semblait initialement relever du banditisme, les autorit\u00e9s ont confirm\u00e9 jeudi traiter l\u2019affaire comme un acte \u00ab\u00a0aliment\u00e9 par l\u2019antis\u00e9mitisme\u00a0\u00bb et \u00ab\u00a0la haine de la police\u00a0\u00bb. Sur la base des \u00e9l\u00e9ments collect\u00e9s et des t\u00e9moins interrog\u00e9s, [&hellip;]<\/p>\n","protected":false},"author":1965,"featured_media":0,"comment_status":"closed","ping_status":"closed","sticky":false,"template":"","format":"standard","meta":{"fifu_image_url":"","fifu_image_alt":"","footnotes":""},"categories":[73,82],"tags":[],"class_list":["post-70068","post","type-post","status-publish","format-standard","hentry","category-actualite","category-cameroun"],"_links":{"self":[{"href":"https:\/\/linitiative.ca\/International\/wp-json\/wp\/v2\/posts\/70068","targetHints":{"allow":["GET"]}}],"collection":[{"href":"https:\/\/linitiative.ca\/International\/wp-json\/wp\/v2\/posts"}],"about":[{"href":"https:\/\/linitiative.ca\/International\/wp-json\/wp\/v2\/types\/post"}],"author":[{"embeddable":true,"href":"https:\/\/linitiative.ca\/International\/wp-json\/wp\/v2\/users\/1965"}],"replies":[{"embeddable":true,"href":"https:\/\/linitiative.ca\/International\/wp-json\/wp\/v2\/comments?post=70068"}],"version-history":[{"count":0,"href":"https:\/\/linitiative.ca\/International\/wp-json\/wp\/v2\/posts\/70068\/revisions"}],"wp:attachment":[{"href":"https:\/\/linitiative.ca\/International\/wp-json\/wp\/v2\/media?parent=70068"}],"wp:term":[{"taxonomy":"category","embeddable":true,"href":"https:\/\/linitiative.ca\/International\/wp-json\/wp\/v2\/categories?post=70068"},{"taxonomy":"post_tag","embeddable":true,"href":"https:\/\/linitiative.ca\/International\/wp-json\/wp\/v2\/tags?post=70068"}],"curies":[{"name":"wp","href":"https:\/\/api.w.org\/{rel}","templated":true}]}}