{"id":70069,"date":"2019-12-12T15:50:08","date_gmt":"2019-12-12T20:50:08","guid":{"rendered":"https:\/\/linitiative.ca\/International\/le-congres-americain-reconnait-le-genocide-armenien-et-fache-la-turquie\/"},"modified":"2019-12-12T15:50:08","modified_gmt":"2019-12-12T20:50:08","slug":"le-congres-americain-reconnait-le-genocide-armenien-et-fache-la-turquie","status":"publish","type":"post","link":"https:\/\/linitiative.ca\/International\/le-congres-americain-reconnait-le-genocide-armenien-et-fache-la-turquie\/","title":{"rendered":"Le Congr\u00e8s am\u00e9ricain reconna\u00eet le g\u00e9nocide arm\u00e9nien et f\u00e2che la Turquie"},"content":{"rendered":"<div readability=\"32\">\n<p>Publi\u00e9 le 12.12.2019 \u00e0 21h50 par AFP<\/p>\n<\/div>\n<div readability=\"142\">\n<p>Le Congr\u00e8s des Etats-Unis a formellement reconnu jeudi le \u00ab\u00a0g\u00e9nocide arm\u00e9nien\u00a0\u00bb lors d\u2019un vote symbolique qui a encore renforc\u00e9 le courroux de la Turquie \u00e0 un moment crucial pour l\u2019avenir des relations entre Washington et Ankara.<\/p>\n<p>Apr\u00e8s la Chambre des repr\u00e9sentants \u00e0 une \u00e9crasante majorit\u00e9 fin octobre, le S\u00e9nat a adopt\u00e9 \u00e0 l\u2019unanimit\u00e9 une r\u00e9solution pour \u00ab\u00a0comm\u00e9morer le g\u00e9nocide arm\u00e9nien en le reconnaissant officiellement\u00a0\u00bb.<\/p>\n<p>Il appelle aussi \u00e0 \u00ab\u00a0rejeter les tentatives (\u2026) d\u2019associer le gouvernement am\u00e9ricain \u00e0 la n\u00e9gation du g\u00e9nocide arm\u00e9nien\u00a0\u00bb, dans ce texte promu par des s\u00e9nateurs des deux bords politiques mais qui avait \u00e9t\u00e9 bloqu\u00e9 \u00e0 plusieurs reprises par des alli\u00e9s r\u00e9publicains de Donald Trump.<\/p>\n<p>\u00ab\u00a0Je suis heureux que cette r\u00e9solution ait \u00e9t\u00e9 adopt\u00e9e \u00e0 une \u00e9poque o\u00f9 il y a encore des survivants du g\u00e9nocide\u00a0\u00bb, a d\u00e9clar\u00e9 dans l\u2019h\u00e9micycle l\u2019un de ses auteurs, le s\u00e9nateur d\u00e9mocrate Bob Menendez, avant d\u2019\u00eatre saisi par l\u2019\u00e9motion et de s\u2019efforcer de contenir ses larmes.<\/p>\n<p>Comme en octobre, le Premier ministre arm\u00e9nien Nikol Pachinian a salu\u00e9 \u00ab\u00a0une victoire pour la justice et la v\u00e9rit\u00e9\u00a0\u00bb. \u00ab\u00a0Au nom des Arm\u00e9niens, j\u2019exprime ma gratitude au Congr\u00e8s am\u00e9ricain\u00a0\u00bb, a-t-il tweet\u00e9.<\/p>\n<p>Et comme en octobre, la Turquie a d\u00e9nonc\u00e9 sans tarder un vote qui \u00ab\u00a0met en p\u00e9ril l\u2019avenir des relations\u00a0\u00bb turco-am\u00e9ricaines.<\/p>\n<p>\u2013 Appel \u00e0 Trump \u2013<\/p>\n<p>Bien que ces r\u00e9solutions ne soient pas contraignantes, des parlementaires exhortent le locataire de la Maison Blanche \u00e0 leur embo\u00eeter le pas.<\/p>\n<p>\u00ab\u00a0Le Congr\u00e8s est d\u00e9sormais uni pour dire la v\u00e9rit\u00e9 au sujet du g\u00e9nocide. Il est temps que le pr\u00e9sident en fasse autant\u00a0\u00bb, a lanc\u00e9 sur Twitter l\u2019\u00e9lu d\u00e9mocrate Adam Schiff.<\/p>\n<p>Au d\u00e9but de son mandat, Donald Trump avait qualifi\u00e9 le massacre des Arm\u00e9niens en 1915 d&rsquo;\u00a0\u00bbune des pires atrocit\u00e9s de masse du XXe si\u00e8cle\u00a0\u00bb, se gardant d\u2019employer le terme de \u00ab\u00a0g\u00e9nocide\u00a0\u00bb.<\/p>\n<p>Le g\u00e9nocide arm\u00e9nien est reconnu par une trentaine de pays et la communaut\u00e9 des historiens. Selon les estimations, entre 1,2 million et 1,5 million d\u2019Arm\u00e9niens ont \u00e9t\u00e9 tu\u00e9s pendant la Premi\u00e8re Guerre mondiale par les troupes de l\u2019Empire ottoman, alors alli\u00e9 \u00e0 Allemagne et \u00e0 l\u2019Autriche-Hongrie.<\/p>\n<p>Mais Ankara refuse l\u2019utilisation du terme \u00ab\u00a0g\u00e9nocide\u00a0\u00bb, \u00e9voquant des massacres r\u00e9ciproques sur fond de guerre civile et de famine ayant fait des centaines de milliers de morts dans les deux camps.<\/p>\n<p>Or, les relations entre les Etats-Unis et la Turquie, alli\u00e9s au sein de l\u2019Otan, traversent une p\u00e9riode de fortes turbulences, et sont \u00e0 la crois\u00e9e des chemins.<\/p>\n<p>A Washington, l\u2019immense majorit\u00e9 de la classe politique ne d\u00e9col\u00e8re pas face \u00e0 ce qu\u2019elle consid\u00e8re \u00eatre des outrances du pr\u00e9sident turc Recep Tayyip Erdogan. Surtout depuis que l\u2019arm\u00e9e turque a achet\u00e9 des syst\u00e8mes russes de d\u00e9fense antia\u00e9rienne jug\u00e9s incompatibles avec son adh\u00e9sion \u00e0 l\u2019Alliance atlantique, puis qu\u2019elle a lanc\u00e9 en octobre une offensive en Syrie contre les forces kurdes alli\u00e9es des Occidentaux dans la guerre antijihadistes.<\/p>\n<p>\u2013 Sanctions anti-Turquie en vue \u2013<\/p>\n<p>Nouveau signe d\u2019une rupture in\u00e9dite, la commission des Affaires \u00e9trang\u00e8res du S\u00e9nat am\u00e9ricain a adopt\u00e9 mercredi une proposition de loi soutenue par les d\u00e9mocrates comme par les r\u00e9publicains qui pr\u00e9voit des sanctions draconiennes contre la Turquie et ses dirigeants.<\/p>\n<p>S\u2019il passe les prochaines \u00e9tapes, ce texte, encore plus que celui sur le g\u00e9nocide arm\u00e9nien, risque de placer Donald Trump en porte-\u00e0-faux.<\/p>\n<p>Le 45e pr\u00e9sident des Etats-Unis, en effet, met lui volontiers l\u2019accent sur son \u00ab\u00a0amiti\u00e9\u00a0\u00bb avec son homologue turc, qu\u2019il a re\u00e7u en grande pompe il y a un mois dans le Bureau ovale.<\/p>\n<p>L\u2019ex-homme d\u2019affaires new-yorkais a m\u00eame \u00e9t\u00e9 accus\u00e9, jusque dans son propre camp, d\u2019avoir \u00ab\u00a0abandonn\u00e9\u00a0\u00bb ses alli\u00e9s kurdes en laissant le champ libre \u00e0 l\u2019attaque turque en Syrie.<\/p>\n<p>Son ex-\u00e9missaire pour la lutte contre le groupe jihadiste Etat islamique, Brett McGurk, a relev\u00e9 jeudi sur Twitter qu\u2019un mois apr\u00e8s la rencontre controvers\u00e9e \u00e0 la Maison Blanche, Recep Tayyip Erdogan s\u2019\u00e9tait encore davantage \u00e9loign\u00e9 des Occidentaux pour se rapprocher de la Russie.<\/p>\n<p>\u00ab\u00a0Voil\u00e0 les cons\u00e9quences quand Trump fait plaisir \u00e0 Erdogan sans demander absolument rien en \u00e9change\u00a0\u00bb, a dit celui qui est devenu un f\u00e9roce d\u00e9tracteur de la politique \u00e9trang\u00e8re du pr\u00e9sident am\u00e9ricain. \u00ab\u00a0La relation de Trump avec Erdogan a sap\u00e9 tout effort s\u00e9rieux pour pousser la Turquie \u00e0 \u00eatre plus constructive.\u00a0\u00bb<\/p>\n<\/div>\n<p>Auteur: AFP<br \/>\n<a href=\"https:\/\/www.journalducameroun.com\/le-congres-americain-reconnait-le-genocide-armenien-et-fache-la-turquie\/\">Cliquez ici pour lire l&rsquo;article depuis sa source.<\/a><\/p>\n","protected":false},"excerpt":{"rendered":"<p>Publi\u00e9 le 12.12.2019 \u00e0 21h50 par AFP Le Congr\u00e8s des Etats-Unis a formellement reconnu jeudi le \u00ab\u00a0g\u00e9nocide arm\u00e9nien\u00a0\u00bb lors d\u2019un vote symbolique qui a encore renforc\u00e9 le courroux de la Turquie \u00e0 un moment crucial pour l\u2019avenir des relations entre Washington et Ankara. Apr\u00e8s la Chambre des repr\u00e9sentants \u00e0 une \u00e9crasante majorit\u00e9 fin octobre, le [&hellip;]<\/p>\n","protected":false},"author":1965,"featured_media":0,"comment_status":"closed","ping_status":"closed","sticky":false,"template":"","format":"standard","meta":{"fifu_image_url":"","fifu_image_alt":"","footnotes":""},"categories":[73,82],"tags":[],"class_list":["post-70069","post","type-post","status-publish","format-standard","hentry","category-actualite","category-cameroun"],"_links":{"self":[{"href":"https:\/\/linitiative.ca\/International\/wp-json\/wp\/v2\/posts\/70069","targetHints":{"allow":["GET"]}}],"collection":[{"href":"https:\/\/linitiative.ca\/International\/wp-json\/wp\/v2\/posts"}],"about":[{"href":"https:\/\/linitiative.ca\/International\/wp-json\/wp\/v2\/types\/post"}],"author":[{"embeddable":true,"href":"https:\/\/linitiative.ca\/International\/wp-json\/wp\/v2\/users\/1965"}],"replies":[{"embeddable":true,"href":"https:\/\/linitiative.ca\/International\/wp-json\/wp\/v2\/comments?post=70069"}],"version-history":[{"count":0,"href":"https:\/\/linitiative.ca\/International\/wp-json\/wp\/v2\/posts\/70069\/revisions"}],"wp:attachment":[{"href":"https:\/\/linitiative.ca\/International\/wp-json\/wp\/v2\/media?parent=70069"}],"wp:term":[{"taxonomy":"category","embeddable":true,"href":"https:\/\/linitiative.ca\/International\/wp-json\/wp\/v2\/categories?post=70069"},{"taxonomy":"post_tag","embeddable":true,"href":"https:\/\/linitiative.ca\/International\/wp-json\/wp\/v2\/tags?post=70069"}],"curies":[{"name":"wp","href":"https:\/\/api.w.org\/{rel}","templated":true}]}}