{"id":70071,"date":"2019-12-12T17:18:03","date_gmt":"2019-12-12T22:18:03","guid":{"rendered":"https:\/\/linitiative.ca\/International\/algerie-le-taux-de-participation-devrait-avoisiner-ou-depasser-les-50-anie\/"},"modified":"2019-12-12T17:18:03","modified_gmt":"2019-12-12T22:18:03","slug":"algerie-le-taux-de-participation-devrait-avoisiner-ou-depasser-les-50-anie","status":"publish","type":"post","link":"https:\/\/linitiative.ca\/International\/algerie-le-taux-de-participation-devrait-avoisiner-ou-depasser-les-50-anie\/","title":{"rendered":"Alg\u00e9rie : Le taux de participation devrait \u00ab avoisiner ou d\u00e9passer les 50% \u00bb (ANIE)"},"content":{"rendered":"<div readability=\"32\">\n<p>Publi\u00e9 le 12.12.2019 \u00e0 23h18 par APA News<\/p>\n<\/div>\n<div readability=\"101\">\n<p>Le taux de participation \u00e0 l\u2019\u00e9lection pr\u00e9sidentielle en Alg\u00e9rie devrait avoisiner ou d\u00e9passer les 50%, a estim\u00e9 le pr\u00e9sident de l\u2019Autorit\u00e9 nationale ind\u00e9pendante des \u00e9lections (ANIE), Mohamed Charfi.A 17H00, le taux de participation a atteint 33,06% \u00e0 17h00, a fait savoir Charfi. Les bureaux ont ferm\u00e9 \u00e0 19H00 locales mais aucun chiffre provisoire n\u2019\u00e9tait imm\u00e9diatement disponible.<\/p>\n<p>Dans ce scrutin, 24.474.161 \u00e9lecteurs \u00e9taient appel\u00e9s \u00e0 \u00e9lire le successeur d\u2019Abdelaziz Bouteflika au niveau des 61.014 bureaux de vote r\u00e9partis \u00e0 travers le territoire national.<\/p>\n<p>En course pour la magistrature supr\u00eame du pays figurent l\u2019ancien Premier ministre et pr\u00e9sident du parti \u00ab Talaie el Hourriyet \u00bb, Ali Benflis, l\u2019ancien chef de gouvernement, Abdelmadjid Tebboune, l\u2019ancien ministre de la Culture et actuel secr\u00e9taire g\u00e9n\u00e9ral par int\u00e9rim du Rassemblement National D\u00e9mocratique (RND), Azzedine Mihoubi, l\u2019ancien ministre de Tourisme et pr\u00e9sident du Mouvement El-Bina, Abdelkader Bengrina et le pr\u00e9sident du parti \u00ab Front Al-Moustakbel \u00bb, Abdelaziz Belaid.<\/p>\n<p>Le \u00ab Hirak \u00bb, qui a obtenu la d\u00e9mission en avril de M. Bouteflika, \u00e9tait farouchement oppos\u00e9 \u00e0 ce scrutin que le pouvoir, aux mains de l\u2019arm\u00e9e, a tenu \u00e0 organiser co\u00fbte que co\u00fbte.<\/p>\n<p>Ce mouvement exige la fin du \u00ab syst\u00e8me \u00bb, aux manettes depuis l\u2019ind\u00e9pendance en 1962, et le d\u00e9part de tous les anciens soutiens ou collaborateurs des 20 ans de pr\u00e9sidence Bouteflika.<\/p>\n<p>C\u2019est le troisi\u00e8me scrutin pr\u00e9sidentiel que les autorit\u00e9s tentent d\u2019organiser cette ann\u00e9e, apr\u00e8s ceux du 18 avril dernier qui devait ouvrir la voie au cinqui\u00e8me mandat d\u2019Abdelaziz Bouteflika, avant qu\u2019il ne soit contraint \u00e0 d\u00e9missionner, et du 4 juillet 2019 qui avait d\u00fb \u00eatre annul\u00e9e, aucun candidat ne s\u2019\u00e9tant d\u00e9clar\u00e9 face \u00e0 l\u2019ampleur de la contestation sociale.<\/p>\n<p>Ce scrutin pr\u00e9sidentiel est organis\u00e9, pour la premi\u00e8re fois, par l\u2019Autorit\u00e9 nationale ind\u00e9pendante des \u00e9lections, une instance cr\u00e9\u00e9e dans le sillage des revendications du mouvement populaire enclench\u00e9 le 22 f\u00e9vrier dernier. Cette instance \u00e9lectorale est charg\u00e9e de \u00ab\u00a0superviser toutes les \u00e9tapes du processus \u00e9lectoral, depuis la convocation du corps \u00e9lectoral jusqu\u2019\u00e0 l\u2019annonce des r\u00e9sultats pr\u00e9liminaires\u00a0\u00bb.<\/p>\n<p>En Alg\u00e9rie, l\u2019\u00e9lection pr\u00e9sidentielle a lieu au scrutin uninominal, \u00e0 deux tours, \u00e0 la majorit\u00e9 absolue des suffrages exprim\u00e9s. Si au premier tour du scrutin, aucun candidat n\u2019obtient la majorit\u00e9 absolue des suffrages exprim\u00e9s, un deuxi\u00e8me tour est alors organis\u00e9 dans un d\u00e9lai qui ne doit pas d\u00e9passer les 30 jours.<\/p>\n<p>Les deux candidats ayant obtenu le plus grand nombre de voix au premier tour, participent au second tour.<\/p>\n<\/div>\n<p>Auteur: APA News<br \/>\n<a href=\"https:\/\/www.journalducameroun.com\/algerie-le-taux-de-participation-devrait-avoisiner-ou-depasser-les-50-anie\/\">Cliquez ici pour lire l&rsquo;article depuis sa source.<\/a><\/p>\n","protected":false},"excerpt":{"rendered":"<p>Publi\u00e9 le 12.12.2019 \u00e0 23h18 par APA News Le taux de participation \u00e0 l\u2019\u00e9lection pr\u00e9sidentielle en Alg\u00e9rie devrait avoisiner ou d\u00e9passer les 50%, a estim\u00e9 le pr\u00e9sident de l\u2019Autorit\u00e9 nationale ind\u00e9pendante des \u00e9lections (ANIE), Mohamed Charfi.A 17H00, le taux de participation a atteint 33,06% \u00e0 17h00, a fait savoir Charfi. Les bureaux ont ferm\u00e9 \u00e0 [&hellip;]<\/p>\n","protected":false},"author":1965,"featured_media":0,"comment_status":"closed","ping_status":"closed","sticky":false,"template":"","format":"standard","meta":{"fifu_image_url":"","fifu_image_alt":"","footnotes":""},"categories":[73,82],"tags":[],"class_list":["post-70071","post","type-post","status-publish","format-standard","hentry","category-actualite","category-cameroun"],"_links":{"self":[{"href":"https:\/\/linitiative.ca\/International\/wp-json\/wp\/v2\/posts\/70071","targetHints":{"allow":["GET"]}}],"collection":[{"href":"https:\/\/linitiative.ca\/International\/wp-json\/wp\/v2\/posts"}],"about":[{"href":"https:\/\/linitiative.ca\/International\/wp-json\/wp\/v2\/types\/post"}],"author":[{"embeddable":true,"href":"https:\/\/linitiative.ca\/International\/wp-json\/wp\/v2\/users\/1965"}],"replies":[{"embeddable":true,"href":"https:\/\/linitiative.ca\/International\/wp-json\/wp\/v2\/comments?post=70071"}],"version-history":[{"count":0,"href":"https:\/\/linitiative.ca\/International\/wp-json\/wp\/v2\/posts\/70071\/revisions"}],"wp:attachment":[{"href":"https:\/\/linitiative.ca\/International\/wp-json\/wp\/v2\/media?parent=70071"}],"wp:term":[{"taxonomy":"category","embeddable":true,"href":"https:\/\/linitiative.ca\/International\/wp-json\/wp\/v2\/categories?post=70071"},{"taxonomy":"post_tag","embeddable":true,"href":"https:\/\/linitiative.ca\/International\/wp-json\/wp\/v2\/tags?post=70071"}],"curies":[{"name":"wp","href":"https:\/\/api.w.org\/{rel}","templated":true}]}}