{"id":70073,"date":"2019-12-12T06:58:13","date_gmt":"2019-12-12T11:58:13","guid":{"rendered":"https:\/\/linitiative.ca\/International\/a-quoi-va-servir-la-session-parlementaire-extraordinaire-convoquee-par-biya\/"},"modified":"2019-12-12T06:58:13","modified_gmt":"2019-12-12T11:58:13","slug":"a-quoi-va-servir-la-session-parlementaire-extraordinaire-convoquee-par-biya","status":"publish","type":"post","link":"https:\/\/linitiative.ca\/International\/a-quoi-va-servir-la-session-parlementaire-extraordinaire-convoquee-par-biya\/","title":{"rendered":"A quoi va servir la session parlementaire extraordinaire convoqu\u00e9e par Biya ?"},"content":{"rendered":"<div class=\"featured-area featured-area-inner\"><img loading=\"lazy\" decoding=\"async\" width=\"500\" height=\"286\" src=\"https:\/\/ecomatin.net\/wp-content\/uploads\/2019\/12\/Paul-Biya.jpg\" class=\"attachment-jannah-image-post size-jannah-image-post wp-post-image\" alt=\"\" srcset=\"https:\/\/ecomatin.net\/wp-content\/uploads\/2019\/12\/Paul-Biya.jpg 500w, https:\/\/ecomatin.net\/wp-content\/uploads\/2019\/12\/Paul-Biya-300x172.jpg 300w\" sizes=\"auto, (max-width: 500px) 100vw, 500px\"\/><\/div>\n<div class=\"entry-content entry clearfix\" readability=\"68.277486911\">\n<p class=\"yiv7306097334MsoNormal\"><span lang=\"FR\">Alors que les parlementaires bouclaient la session budg\u00e9taire 2019, le 11 d\u00e9cembre 2019, le pr\u00e9sident de la R\u00e9publique du Cameroun leur a demand\u00e9 de rester quelques jours de plus \u00e0 l\u2019Assembl\u00e9e nationale et au S\u00e9nat. <strong>Paul Biya<\/strong>, conform\u00e9ment au texte constitutionnel qui lui conf\u00e8re cette pr\u00e9rogative, a en effet convoqu\u00e9 en session extraordinaire les d\u00e9put\u00e9s et les s\u00e9nateurs pour ce vendredi 13 d\u00e9cembre 2019 \u00e0 partir de 11 heures. Aucune pr\u00e9cision sur l\u2019ordre du jour dans l\u2019arr\u00eat\u00e9 du pr\u00e9sident de l\u2019Assembl\u00e9e nationale, <strong>Cavay\u00e9 Y\u00e9gui\u00e9 Djibril<\/strong>. Toujours est-il que les acteurs et observateurs de la sc\u00e8ne politique camerounaise \u00e9mettent diff\u00e9rentes hypoth\u00e8ses, la plupart \u00e9troitement li\u00e9es au contexte sociopolitique actuel.<\/span><\/p>\n<p class=\"yiv7306097334MsoNormal\"><span lang=\"FR\">La premi\u00e8re est que les parlementaires devraient plancher sur des textes de loi devant d\u00e9finir de mani\u00e8re sp\u00e9cifique sur le statut sp\u00e9cial \u00e0 accorder aux r\u00e9gions du Nord-ouest et du Sud-ouest, o\u00f9 s\u00e9vit encore l\u2019ins\u00e9curit\u00e9 \u00e0 cause de groupes arm\u00e9s qui revendiquent la s\u00e9cession depuis trois ann\u00e9es. Au cours du Grand Dialogue National qui s\u2019\u00e9tait d\u00e9roul\u00e9 entre le 30 septembre et le 4 octobre dernier, l\u2019une des principales recommandations \u00e9tait d\u2019accorder \u00e0 ces deux r\u00e9gions ce statut sp\u00e9cial. Une disposition pr\u00e9vue dans la Constitution, qui laisse la latitude au chef de l\u2019Etat d\u2019y mettre un contenu. Il devrait donc s\u2019agir de d\u00e9finir avec certitude les contours de ce statut sp\u00e9cial.<\/span><\/p>\n<p class=\"yiv7306097334MsoNormal\"><span lang=\"FR\">La seconde, toujours li\u00e9e au regard du contexte, est que la session extraordinaire devrait donner la possibilit\u00e9 \u00e0 l\u2019ex\u00e9cutif d\u2019introduire au Parlement des amendements \u00e0 la loi portant Code \u00e9lectoral au Cameroun. A quelque deux mois des \u00e9lections l\u00e9gislatives et municipales pr\u00e9vues le 9 f\u00e9vrier 2020, des voix continuent de s\u2019\u00e9lever pour contester la loi \u00e9lectorale jug\u00e9e in\u00e9quitable entre les diff\u00e9rentes forces politiques. Au sein de l\u2019opposition camerounaise et m\u00eame de la soci\u00e9t\u00e9 civile, l\u2019on r\u00e9clame une r\u00e9vision <em>\u00ab\u00a0consensuelle\u00a0\u00bb<\/em> de ce code. Des partis politiques ont d\u2019ailleurs d\u00e9cid\u00e9 de ne pas participer \u00e0 ces \u00e9lections tant qu\u2019il ne serait pas modifier.<\/span><\/p>\n<p class=\"yiv7306097334MsoNormal\"><span lang=\"FR\">Les analyses sont pouss\u00e9es plus loin par certains qui estiment que les <em>\u00ab\u00a0d\u00e9cisions prises lors de cette\u00a0session extraordinaire \u00e0 l\u2019Assembl\u00e9e nationale devrait aboutir au report des \u00e9lections l\u00e9gislatives et municipales\u00a0\u00bb<\/em>. Cela permettrait, soutient-on, de mieux impl\u00e9menter les d\u00e9cisions que l\u2019on annonce fortes \u00e0 l\u2019issue de ces travaux. Toujours est-il que, comme \u00e0 l\u2019accoutum\u00e9e, le pouvoir ex\u00e9cutif tenu par <strong>Paul Biya<\/strong>, qui aime prendre l\u2019opinion public \u00e0 contre-courant, pourrait n\u2019avoir pas pr\u00e9vu tout cela. Laissant le soin au peuple camerounais de d\u00e9couvrir s\u2019il s\u2019est fourvoy\u00e9\u2026\u00a0\u00a0<\/span><\/p>\n<\/div>\n<div class=\"toggle-post-content clearfix\"><a id=\"toggle-post-button\" class=\"button\" href=\"#\">Afficher plus <\/a><\/div>\n<p>Auteur: Francky<br \/>\n<a href=\"https:\/\/ecomatin.net\/a-quoi-va-servir-la-session-parlementaire-extraordinaire-convoquee-par-biya\/\">Cliquez ici pour lire l&rsquo;article depuis sa source.<\/a><\/p>\n","protected":false},"excerpt":{"rendered":"<p>Alors que les parlementaires bouclaient la session budg\u00e9taire 2019, le 11 d\u00e9cembre 2019, le pr\u00e9sident de la R\u00e9publique du Cameroun leur a demand\u00e9 de rester quelques jours de plus \u00e0 l\u2019Assembl\u00e9e nationale et au S\u00e9nat. Paul Biya, conform\u00e9ment au texte constitutionnel qui lui conf\u00e8re cette pr\u00e9rogative, a en effet convoqu\u00e9 en session extraordinaire les d\u00e9put\u00e9s [&hellip;]<\/p>\n","protected":false},"author":1969,"featured_media":70074,"comment_status":"closed","ping_status":"closed","sticky":false,"template":"","format":"standard","meta":{"fifu_image_url":"","fifu_image_alt":"","footnotes":""},"categories":[82,78],"tags":[],"class_list":["post-70073","post","type-post","status-publish","format-standard","has-post-thumbnail","hentry","category-cameroun","category-economie"],"_links":{"self":[{"href":"https:\/\/linitiative.ca\/International\/wp-json\/wp\/v2\/posts\/70073","targetHints":{"allow":["GET"]}}],"collection":[{"href":"https:\/\/linitiative.ca\/International\/wp-json\/wp\/v2\/posts"}],"about":[{"href":"https:\/\/linitiative.ca\/International\/wp-json\/wp\/v2\/types\/post"}],"author":[{"embeddable":true,"href":"https:\/\/linitiative.ca\/International\/wp-json\/wp\/v2\/users\/1969"}],"replies":[{"embeddable":true,"href":"https:\/\/linitiative.ca\/International\/wp-json\/wp\/v2\/comments?post=70073"}],"version-history":[{"count":0,"href":"https:\/\/linitiative.ca\/International\/wp-json\/wp\/v2\/posts\/70073\/revisions"}],"wp:featuredmedia":[{"embeddable":true,"href":"https:\/\/linitiative.ca\/International\/wp-json\/"}],"wp:attachment":[{"href":"https:\/\/linitiative.ca\/International\/wp-json\/wp\/v2\/media?parent=70073"}],"wp:term":[{"taxonomy":"category","embeddable":true,"href":"https:\/\/linitiative.ca\/International\/wp-json\/wp\/v2\/categories?post=70073"},{"taxonomy":"post_tag","embeddable":true,"href":"https:\/\/linitiative.ca\/International\/wp-json\/wp\/v2\/tags?post=70073"}],"curies":[{"name":"wp","href":"https:\/\/api.w.org\/{rel}","templated":true}]}}