{"id":70079,"date":"2019-12-12T15:57:28","date_gmt":"2019-12-12T20:57:28","guid":{"rendered":"https:\/\/linitiative.ca\/International\/tradex-a-un-nouveau-directeur-general\/"},"modified":"2019-12-12T15:57:28","modified_gmt":"2019-12-12T20:57:28","slug":"tradex-a-un-nouveau-directeur-general","status":"publish","type":"post","link":"https:\/\/linitiative.ca\/International\/tradex-a-un-nouveau-directeur-general\/","title":{"rendered":"Tradex a un nouveau Directeur G\u00e9n\u00e9ral"},"content":{"rendered":"<div class=\"featured-area featured-area-inner\"><img loading=\"lazy\" decoding=\"async\" width=\"486\" height=\"405\" src=\"https:\/\/ecomatin.net\/wp-content\/uploads\/2019\/12\/IMG-20191212-WA0203-486x405.jpg\" class=\"attachment-jannah-image-post size-jannah-image-post wp-post-image\" alt=\"\"\/><\/div>\n<div class=\"entry-content entry clearfix\" readability=\"36\">\n<p>Il sappelle Simon Paley, et il est le nouveaux DG de Tradex, jusque-l\u00e0 il etait Directeur Commercial de la SNH. Que s\u2019est t\u2019il pass\u00e9 dans cette entreprise fleuron de la distribution des produits p\u00e9troliers..? Plus de d\u00e9veloppements dans les prochaines heures<\/p>\n<\/div>\n<div class=\"toggle-post-content clearfix\"><a id=\"toggle-post-button\" class=\"button\" href=\"#\">Afficher plus <\/a><\/div>\n<p>Auteur: Emile FIDIECK<br \/>\n<a href=\"https:\/\/ecomatin.net\/tradex-a-un-nouveau-directeur-general\/\">Cliquez ici pour lire l&rsquo;article depuis sa source.<\/a><\/p>\n","protected":false},"excerpt":{"rendered":"<p>Il sappelle Simon Paley, et il est le nouveaux DG de Tradex, jusque-l\u00e0 il etait Directeur Commercial de la SNH. Que s\u2019est t\u2019il pass\u00e9 dans cette entreprise fleuron de la distribution des produits p\u00e9troliers..? Plus de d\u00e9veloppements dans les prochaines heures Afficher plus Auteur: Emile FIDIECK Cliquez ici pour lire l&rsquo;article depuis sa source.<\/p>\n","protected":false},"author":1969,"featured_media":70080,"comment_status":"closed","ping_status":"closed","sticky":false,"template":"","format":"standard","meta":{"fifu_image_url":"","fifu_image_alt":"","footnotes":""},"categories":[82,78],"tags":[],"class_list":["post-70079","post","type-post","status-publish","format-standard","has-post-thumbnail","hentry","category-cameroun","category-economie"],"_links":{"self":[{"href":"https:\/\/linitiative.ca\/International\/wp-json\/wp\/v2\/posts\/70079","targetHints":{"allow":["GET"]}}],"collection":[{"href":"https:\/\/linitiative.ca\/International\/wp-json\/wp\/v2\/posts"}],"about":[{"href":"https:\/\/linitiative.ca\/International\/wp-json\/wp\/v2\/types\/post"}],"author":[{"embeddable":true,"href":"https:\/\/linitiative.ca\/International\/wp-json\/wp\/v2\/users\/1969"}],"replies":[{"embeddable":true,"href":"https:\/\/linitiative.ca\/International\/wp-json\/wp\/v2\/comments?post=70079"}],"version-history":[{"count":0,"href":"https:\/\/linitiative.ca\/International\/wp-json\/wp\/v2\/posts\/70079\/revisions"}],"wp:featuredmedia":[{"embeddable":true,"href":"https:\/\/linitiative.ca\/International\/wp-json\/"}],"wp:attachment":[{"href":"https:\/\/linitiative.ca\/International\/wp-json\/wp\/v2\/media?parent=70079"}],"wp:term":[{"taxonomy":"category","embeddable":true,"href":"https:\/\/linitiative.ca\/International\/wp-json\/wp\/v2\/categories?post=70079"},{"taxonomy":"post_tag","embeddable":true,"href":"https:\/\/linitiative.ca\/International\/wp-json\/wp\/v2\/tags?post=70079"}],"curies":[{"name":"wp","href":"https:\/\/api.w.org\/{rel}","templated":true}]}}