{"id":70081,"date":"2019-12-13T07:00:19","date_gmt":"2019-12-13T12:00:19","guid":{"rendered":"https:\/\/linitiative.ca\/International\/atlantic-dialogues-400-experts-reunis-pour-debattre-des-problemes-des-pays-du-sud\/"},"modified":"2019-12-13T07:00:19","modified_gmt":"2019-12-13T12:00:19","slug":"atlantic-dialogues-400-experts-reunis-pour-debattre-des-problemes-des-pays-du-sud","status":"publish","type":"post","link":"https:\/\/linitiative.ca\/International\/atlantic-dialogues-400-experts-reunis-pour-debattre-des-problemes-des-pays-du-sud\/","title":{"rendered":"\u00abAtlantic Dialogues\u00bb : 400 experts r\u00e9unis pour d\u00e9battre des probl\u00e8mes des pays du Sud"},"content":{"rendered":"<p><img decoding=\"async\" class=\"post_layout_5_img\" src=\"http:\/\/aujourdhui.ma\/wp-content\/uploads\/2019\/12\/Marrakech-Atlantic-Dialogues.jpg?x29840\" alt=\"\u00abAtlantic Dialogues\u00bb : 400 experts r\u00e9unis pour d\u00e9battre des probl\u00e8mes des pays du Sud\"\/><\/p>\n<p class=\"p1\"><span class=\"c5\"><strong><span class=\"c4\"><em>La 8<sup>\u00e8me<\/sup> \u00e9dition d\u00e9marre ses travaux \u00e0 Marrakech<\/em><\/span><\/strong><\/span><span id=\"more-326648\"\/><\/p>\n<div class=\"base-box mom_box_sc_custom mom_box_sc clear c7\" readability=\"17\">\n<p class=\"p1\"><span class=\"c6\"><em><strong>Conflits, menaces terroristes, faible taux de croissance, manifestations sociales, in\u00e9galit\u00e9s, opportunit\u00e9s d\u2019emplois en recul, exode rural, l\u2019urbanisation qui se fait au d\u00e9triment de l\u2019environnement\u2026 les d\u00e9fis du monde actuel sont multiples n\u00e9cessitant l\u2019implication de tous afin d\u2019\u00e9viter les points de rupture.<\/strong><\/em><\/span><\/p>\n<\/div>\n<p class=\"p2\"><span class=\"s1\">A l\u2019heure o\u00f9 les tensions \u00e9conomiques et g\u00e9opolitiques rythment les relations entre les Etats, il est plus que jamais n\u00e9cessaire d\u2019instaurer un dialogue serein, un \u00e9change apais\u00e9 et une coop\u00e9ration renforc\u00e9e. C\u2019est l\u2019approche adopt\u00e9e par Policy Center for the New South en organisant les \u00abAtlantic Dialogues\u00bb qui ont d\u00e9marr\u00e9 leur 8\u00e8me \u00e9dition le 12 d\u00e9cembre 2019 \u00e0 Marrakech. Sous le th\u00e8me \u00abLe Sud en p\u00e9riode de tourmente\u00bb, cette \u00e9dition s\u2019inscrit dans la continuit\u00e9 de l\u2019ann\u00e9e pr\u00e9c\u00e9dente qui a trait\u00e9 des \u00abDynamiques atlantiques : surmonter les points de rupture\u00bb.<\/span><\/p>\n<p class=\"p2\"><span class=\"s1\">Conflits, menaces terroristes, faible taux de croissance, manifestations sociales, in\u00e9galit\u00e9s, opportunit\u00e9s d\u2019emplois en recul, exode rural, l\u2019urbanisation qui se fait au d\u00e9triment de l\u2019environnement\u2026 les d\u00e9fis du monde actuel sont multiples n\u00e9cessitant l\u2019implication de tous afin d\u2019\u00e9viter les points de rupture. Les pays du continent africain et l\u2019ensemble des pays du Sud observent avec inqui\u00e9tude la mont\u00e9e grimpante du populisme et du nationalisme un peu partout dans le monde. Une progression qui met en danger le syst\u00e8me de gouvernance mondiale qui maintient la paix dans une grande partie du monde.<\/span><\/p>\n<p class=\"p2\"><span class=\"s1\">Partant de l\u00e0, cette conf\u00e9rence tend \u00e0 tracer pendant 3 jours des pistes de r\u00e9flexion pour aider les d\u00e9cideurs \u00e0 repenser leurs visions et leurs strat\u00e9gies. En effet, 400 experts de 66 nationalit\u00e9s prennent part \u00e0 cette \u00e9dition dont 23% sont du Moyen-Orient et de l\u2019Afrique du Nord, 21% sont d\u2019Afrique subsaharienne, 24% d\u2019Europe, 15% d\u2019Am\u00e9rique du Nord et 9% d\u2019Am\u00e9rique du Sud.<\/span><\/p>\n<p class=\"p2\"><span class=\"s1\">Par secteur, les participants viennent de diff\u00e9rents horizons : du monde des affaires (13%), des cabinets conseil (6%), de la recherche (13%) et des think tanks (20%), du secteur public (15%), des organisations internationales (10%), de la soci\u00e9t\u00e9 civile (11 %) et des m\u00e9dias (8%). Parmi les responsables politiques annonc\u00e9s on compte cinq anciens chefs d\u2019Etat et de gouvernement et 15 ministres et anciens ministres.\u00a0<\/span><\/p>\n<p class=\"p3\"><strong>6<sup>\u00e8me<\/sup> \u00e9dition du rapport \u00abAtlantic Currents\u00bb : Regards crois\u00e9s sur\u00a0les enjeux de la\u00a0g\u00e9opolitique mondiale<\/strong><\/p>\n<p class=\"p1\"><span class=\"Apple-converted-space\">\u00a0\u00a0<\/span><span class=\"s1\">Comme \u00e0 l\u2019accoutum\u00e9e, le rapport \u00abAtlantic Currents\u00bb a \u00e9t\u00e9 pr\u00e9sent\u00e9 en pr\u00e9lude de la conf\u00e9rence d\u2019ouverture dans la matin\u00e9e du 12 d\u00e9cembre. Lanc\u00e9 depuis 2014, ce document signe sa 6\u00e8me \u00e9dition. Cet ouvrage collectif, pr\u00e9fac\u00e9 par Aminata Tour\u00e9, ancienne Premier ministre du S\u00e9n\u00e9gal, est le fruit de la collaboration entre des chercheurs africains et non africains, membres de l\u2019\u00e9quipe d\u2019experts du Policy Center et attach\u00e9s \u00e0 d\u2019autres organisations.<\/span><\/p>\n<p class=\"p1\"><span class=\"s1\">Il met en exergue les voix du Sud dans le d\u00e9bat g\u00e9opolitique mondial. Dans leur introduction, Karim El Aynaoui, pr\u00e9sident du Policy Center for the New South, et Bouchra Rahmouni, directrice de la recherche, des partenariats et des \u00e9v\u00e8nements, rel\u00e8vent que <em>\u00ables \u00e9ditions pr\u00e9c\u00e9dentes ont expliqu\u00e9 comment cette r\u00e9gion peu \u00e9tudi\u00e9e se trouve divis\u00e9e entre une zone tourment\u00e9e au Nord et un territoire marqu\u00e9 par une vuln\u00e9rabilit\u00e9 \u00e9conomique, politique et sociale, au Sud. Promouvoir le dialogue et une meilleure compr\u00e9hension sont des \u00e9l\u00e9ments majeurs pour mieux aider les pays de l\u2019Atlantique \u00e0 surmonter ces divisions et ces points de rupture et \u00e0 marcher ensemble sur la voie du d\u00e9veloppement durable\u00bb<\/em>.<\/span><\/p>\n<p class=\"p1\"><span class=\"s1\">Le rapport est r\u00e9parti en 9 chapitres. A la lecture de ce document de 160 pages, il ressort une analyse des principales probl\u00e9matiques des pays du Sud accompagn\u00e9e d\u2019une projection vers l\u2019avenir. Innovation, autonomisation des femmes, diplomatie culturelle, dialogue interculturel, r\u00e9volution digitale, renforcement de coop\u00e9ration\u2026 autant de propositions faites par les chercheurs ayant \u00e9labor\u00e9 ce rapport.<span class=\"Apple-converted-space\">\u00a0<\/span><\/span><\/p>\n<p class=\"p1\"><span class=\"s1\">Il traite entre autres des th\u00e9matiques comme le monde post-am\u00e9ricain, les chances de survie de l\u2019actuel syst\u00e8me commercial r\u00e9gul\u00e9 par l\u2019OMC et l\u2019avenir de l\u2019Union europ\u00e9enne. A cela s\u2019ajoutent le leadership f\u00e9minin, l\u2019expansion des groupes arm\u00e9s au Sahel et les signaux d\u2019alerte pour le littoral ouest-africain ou encore la Chine et l\u2019Afrique en temps de tourmente.<\/span><\/p>\n<p class=\"p3\"><strong>Les femmes\u00a0\u00e0 l\u2019avant-garde<\/strong><\/p>\n<p class=\"p2\"><span class=\"s1\">Dans la nouvelle \u00e9dition de ce rapport, les femmes sont mises en avant. Ainsi, Nouzha Chekrouni (Maroc), chercheure associ\u00e9e au Policy Center, apporte son analyse sur \u00able leadership des femmes en Afrique\u00bb. Pour sa part, Len Ishmael (Saint Lucia), ancienne ambassadrice des Etats aux Cara\u00efbes orientales aupr\u00e8s du Royaume de Belgique et de l\u2019Union europ\u00e9enne m\u00e8ne<span class=\"Apple-converted-space\">\u00a0<\/span> la r\u00e9flexion sur \u00abla gouvernance mondiale dans le monde poste-am\u00e9ricain\u00bb et donne son point de vue sur le retrait am\u00e9ricain du leadership occidental et ses cons\u00e9quences pour le Sud.<\/span><\/p>\n<p class=\"p2\"><span class=\"s1\"><em>\u00abAlors que la structure internationale continue de prendre forme et d\u2019\u00e9voluer, le message des pays du Sud est simple : Ne nous obligez pas \u00e0 choisir ! Le changement des dynamiques du pouvoir et la perception des Etats-Unis et de la Chine comme concurrents et menaces au lieu de partenaires, poussent de nombreux pays \u00e0 choisir entre l\u2019un ou l\u2019autre\u00bb<\/em>, indique-t-elle. De son c\u00f4t\u00e9, Anabel Gonzalez, ancienne ministre du commerce du Costa Rica, fait une analyse d\u00e9taill\u00e9e des enjeux de l\u2019OMC et tend vers une \u00abgouvernance mondiale renouvel\u00e9e\u00bb.<\/span><\/p>\n<p>Auteur: Ouchagour Leila<br \/>\n<a href=\"http:\/\/aujourdhui.ma\/economie\/atlantic-dialogues-400-experts-reunis-pour-debattre-des-problemes-des-pays-du-sud\">Cliquez ici pour lire l&rsquo;article depuis sa source.<\/a><\/p>\n","protected":false},"excerpt":{"rendered":"<p>La 8\u00e8me \u00e9dition d\u00e9marre ses travaux \u00e0 Marrakech Conflits, menaces terroristes, faible taux de croissance, manifestations sociales, in\u00e9galit\u00e9s, opportunit\u00e9s d\u2019emplois en recul, exode rural, l\u2019urbanisation qui se fait au d\u00e9triment de l\u2019environnement\u2026 les d\u00e9fis du monde actuel sont multiples n\u00e9cessitant l\u2019implication de tous afin d\u2019\u00e9viter les points de rupture. A l\u2019heure o\u00f9 les tensions \u00e9conomiques [&hellip;]<\/p>\n","protected":false},"author":1759,"featured_media":0,"comment_status":"closed","ping_status":"closed","sticky":false,"template":"","format":"standard","meta":{"fifu_image_url":"","fifu_image_alt":"","footnotes":""},"categories":[73,54],"tags":[],"class_list":["post-70081","post","type-post","status-publish","format-standard","hentry","category-actualite","category-maroc"],"_links":{"self":[{"href":"https:\/\/linitiative.ca\/International\/wp-json\/wp\/v2\/posts\/70081","targetHints":{"allow":["GET"]}}],"collection":[{"href":"https:\/\/linitiative.ca\/International\/wp-json\/wp\/v2\/posts"}],"about":[{"href":"https:\/\/linitiative.ca\/International\/wp-json\/wp\/v2\/types\/post"}],"author":[{"embeddable":true,"href":"https:\/\/linitiative.ca\/International\/wp-json\/wp\/v2\/users\/1759"}],"replies":[{"embeddable":true,"href":"https:\/\/linitiative.ca\/International\/wp-json\/wp\/v2\/comments?post=70081"}],"version-history":[{"count":0,"href":"https:\/\/linitiative.ca\/International\/wp-json\/wp\/v2\/posts\/70081\/revisions"}],"wp:attachment":[{"href":"https:\/\/linitiative.ca\/International\/wp-json\/wp\/v2\/media?parent=70081"}],"wp:term":[{"taxonomy":"category","embeddable":true,"href":"https:\/\/linitiative.ca\/International\/wp-json\/wp\/v2\/categories?post=70081"},{"taxonomy":"post_tag","embeddable":true,"href":"https:\/\/linitiative.ca\/International\/wp-json\/wp\/v2\/tags?post=70081"}],"curies":[{"name":"wp","href":"https:\/\/api.w.org\/{rel}","templated":true}]}}