{"id":70082,"date":"2019-12-13T08:00:17","date_gmt":"2019-12-13T13:00:17","guid":{"rendered":"https:\/\/linitiative.ca\/International\/latifa-yaacoubi-plus-de-500-articles-scientifiques-ont-ete-publies-dans-le-cadre-du-congres-international-de-larganier\/"},"modified":"2019-12-13T08:00:17","modified_gmt":"2019-12-13T13:00:17","slug":"latifa-yaacoubi-plus-de-500-articles-scientifiques-ont-ete-publies-dans-le-cadre-du-congres-international-de-larganier","status":"publish","type":"post","link":"https:\/\/linitiative.ca\/International\/latifa-yaacoubi-plus-de-500-articles-scientifiques-ont-ete-publies-dans-le-cadre-du-congres-international-de-larganier\/","title":{"rendered":"Latifa Yaacoubi : \u00abPlus de 500 articles scientifiques ont \u00e9t\u00e9 publi\u00e9s dans le cadre du Congr\u00e8s international de l\u2019arganier\u00bb"},"content":{"rendered":"<p><img decoding=\"async\" class=\"post_layout_5_img\" src=\"http:\/\/aujourdhui.ma\/wp-content\/uploads\/2019\/12\/Latifa-Yaacoubi-directrice-de-l%E2%80%99ANDZOA.jpg?x29840\" alt=\"Latifa Yaacoubi : \u00abPlus de 500 articles scientifiques ont \u00e9t\u00e9 publi\u00e9s dans le cadre du Congr\u00e8s international de l\u2019arganier\u00bb\"\/><\/p>\n<p class=\"p1\"><span class=\"c4\"><strong>Entretien avec Latifa Yaacoubi, d<em>irectrice de l\u2019ANDZOA<\/em><\/strong><\/span><span id=\"more-326647\"\/><\/p>\n<div class=\"base-box mom_box_sc_custom mom_box_sc clear c6\" readability=\"9\">\n<p class=\"p1\"><em><span class=\"c5\"><strong>La directrice de l\u2019Agence nationale pour le d\u00e9veloppement des zones oasiennes et de l\u2019arganier revient sur les moments forts de la 5\u00e8me \u00e9dition du Congr\u00e8s international de l\u2019arganier tenu \u00e0 Agadir du 10 au 12 d\u00e9cembre.<\/strong><\/span><\/em><\/p>\n<\/div>\n<p class=\"p2\"><span class=\"s1\"><strong>ALM : Quelles sont les nouveaut\u00e9s qui ont marqu\u00e9 cette cinqui\u00e8me \u00e9dition du Congr\u00e8s international de l\u2019arganier ?<\/strong><\/span><\/p>\n<p class=\"p2\"><span class=\"s1\"><strong>Latifa Yaacoubi :<\/strong> Les nouveaut\u00e9s c\u2019est que pour le congr\u00e8s on a continu\u00e9 sur la m\u00eame vision des choses, c\u2019est-\u00e0-dire les chercheurs qui travaillent pendant deux ans, et qui font donc le bilan de leur travail. On est \u00e9galement \u00e0 la dixi\u00e8me ann\u00e9e et ce n\u2019est pas rien. La nouveaut\u00e9 aussi c\u2019est que nous avons organis\u00e9 en parall\u00e8le un salon de l\u2019arganier pour les professionnels et pour les coop\u00e9ratives et les ayants droit. On a ouvert ce dernier sur toutes les forces vives de la ville dont les \u00e9l\u00e8ves des \u00e9tablissements scolaires qui ont particip\u00e9 pas uniquement \u00e0 travers des visites sur place mais ont contribu\u00e9 aux diff\u00e9rentes activit\u00e9s du salon \u00e0 travers des cr\u00e9ations artistiques que nous avons expos\u00e9es lors de cet \u00e9v\u00e8nement qui ont \u00e9t\u00e9 prim\u00e9es par Monsieur le ministre Aziz Akhannouch en personne. Nous avons \u00e9galement eu la participation des artistes plasticiens qui ont fait des cr\u00e9ations artistiques autour de la th\u00e9matique de l\u2019arganier, ainsi que les photographes qui ont fait la m\u00eame chose, et on a quand m\u00eame au niveau du salon r\u00e9serv\u00e9 une partie purement professionnelle et digitalis\u00e9e dans laquelle tous les messages sont autour de l\u2019arganier, notamment au niveau de la pr\u00e9servation et de la dynamique du Plan Maroc Vert.<\/span><\/p>\n<p class=\"p2\"><span class=\"s1\">Cette \u00e9dition a \u00e9t\u00e9 marqu\u00e9e par l\u2019ouverture de six places autour de la ville dans lesquelles les coop\u00e9ratives exposent et vendent leurs produits, et o\u00f9 nous avons reconstitu\u00e9 l\u2019esprit et la th\u00e9matique du village amazigh et rural et o\u00f9 il y a des femmes qui pr\u00e9parent du th\u00e9 et du pain chaud toute la journ\u00e9e, tout le monde a \u00e9t\u00e9 servi, et les touristes \u00e9taient contents de trouver cette animation. Au total on a permis \u00e0 140 coop\u00e9ratives issues des huit provinces de l\u2019arganeraire d\u2019exposer et de vendre leurs produits pendant cinq jours.<\/span><\/p>\n<p class=\"p2\"><span class=\"s1\"><strong>Quel bilan dressez-vous des cinq \u00e9ditions pass\u00e9es du Congr\u00e8s ?<\/strong><\/span><\/p>\n<p class=\"p2\"><span class=\"s1\">Il y a pratiquement 500 articles scientifiques qui ont \u00e9t\u00e9 publi\u00e9s, plus de 2.000 participants et un parterre de journalistes locaux nationaux et \u00e9trangers y ont \u00e9galement collabor\u00e9. Nous avons instaur\u00e9 depuis la premi\u00e8re \u00e9dition un esprit d\u2019encouragement des jeunes chercheurs \u00e0 travers des bourses qui sont donn\u00e9es par des soci\u00e9t\u00e9s priv\u00e9es qui nous accompagnent, il y a \u00e9galement un jury qui suit le travail des jeunes au niveau du Master et du doctorat, et \u00e0 l\u2019occasion du congr\u00e8s des prix pour les encourager leur ont \u00e9t\u00e9 d\u00e9cern\u00e9s des mains de Monsieur le ministre pour les pousser \u00e0 aller plus loin dans la recherche scientifique dans le domaine de l\u2019arganier.<\/span><\/p>\n<p class=\"p2\"><span class=\"s1\"><strong>Quelles sont les retomb\u00e9es de cet \u00e9v\u00e9nement bimensuel sur le d\u00e9veloppement de la fili\u00e8re de l\u2019arganier ?<\/strong><\/span><\/p>\n<p class=\"p2\"><span class=\"s1\">C\u2019est clair que la fili\u00e8re a besoin aujourd\u2019hui de la recherche scientifique, les chercheurs sont amen\u00e9s \u00e0 travailler sur plusieurs choses, et c\u2019est le principal objectif de ce congr\u00e8s, et ce pour orienter la recherche scientifique et faire converger les synergies. Il faut que la recherche scientifique puisse r\u00e9pondre \u00e0 des besoins que ce soit au niveau du capital naturel qui est la th\u00e9matique de cette ann\u00e9e, ou au niveau de l\u2019organisation et de la valorisation, et au niveau de la plantation. D\u2019ailleurs on a commenc\u00e9 un projet tr\u00e8s ambitieux de 10 mille hectares dans le cadre du Plan Maroc Vert et on ambitionne de faire plus \u00e0 partir de l\u2019ann\u00e9e 2021-2022, c\u2019est-\u00e0-dire pratiquement 40 mille hectares au total. Tous ces volets-l\u00e0 ont besoin de recherche pour d\u00e9velopper des vari\u00e9t\u00e9s performantes qui puissent encourager les grands investisseurs et agriculteurs pour pouvoir planter l\u2019arganier et en conna\u00eetre la rentabilit\u00e9, ce qui est tr\u00e8s important, un investisseur a besoin de cela, il y a donc \u00e9norm\u00e9ment de volets qui restent \u00e0 d\u00e9couvrir. L\u2019arganeraie nous a d\u00e9voil\u00e9 peu de ses facettes.<\/span><\/p>\n<p class=\"p2\"><span class=\"s1\"><strong>Un mot pour pr\u00e9senter le projet de l\u2019arganier durable?<\/strong><\/span><\/p>\n<p class=\"p2\"><span class=\"s1\">Ce projet est une initiative \u00e0 travers laquelle nous souhaitons, comme c\u2019est d\u00e9j\u00e0 le cas \u00e0 travers la reconnaissance de la R\u00e9serve biosph\u00e8re de l\u2019arganeraie par l\u2019Unesco set la reconnaissance des pratiques et savoir-faire li\u00e9s \u00e0 l\u2019arganier en tant que patrimoine mat\u00e9riel et immat\u00e9riel de l\u2019humanit\u00e9, attirer l\u2019attention du monde comme nous l\u2019avons fait au niveau de l\u2019ANDZOA sur la partie oasienne sur le fait que l\u2019arganier est une solution incontournable pour les changements climatiques.<\/span><\/p>\n<p class=\"p2\"><span class=\"s1\">De ce fait il faut constituer des lobbies et des groupes forts pour qu\u2019on puisse d\u00e9fendre cela \u00e0 l\u2019\u00e9chelle internationale, et pouvoir capter tout le travail<span class=\"Apple-converted-space\">\u00a0<\/span> et toute la dynamique et le financement au niveau international pour qu\u2019on puisse continuer au niveau du Maroc \u00e0 pr\u00e9server cette arganeraie pour le monde entier. C\u2019est le dernier rempart contre la d\u00e9sertification et c\u2019est un univers dans lequel op\u00e8rent \u00e9norm\u00e9ment de synergies et d\u2019acteurs.<\/span><\/p>\n<p class=\"p2\"><span class=\"s1\">Aujourd\u2019hui l\u2019initiative arganier durable sera un point fort et une plate-forme \u00e0 travers laquelle nous allons pouvoir capitaliser et capter les synergies mais \u00e9galement trouver des solutions pour tout ce qui est changement climatique.<\/span><\/p>\n<p>Auteur: Mohamed Laabid<br \/>\n<a href=\"http:\/\/aujourdhui.ma\/economie\/latifa-yaacoubi-plus-de-500-articles-scientifiques-ont-ete-publies-dans-le-cadre-du-congres-international-de-larganier\">Cliquez ici pour lire l&rsquo;article depuis sa source.<\/a><\/p>\n","protected":false},"excerpt":{"rendered":"<p>Entretien avec Latifa Yaacoubi, directrice de l\u2019ANDZOA La directrice de l\u2019Agence nationale pour le d\u00e9veloppement des zones oasiennes et de l\u2019arganier revient sur les moments forts de la 5\u00e8me \u00e9dition du Congr\u00e8s international de l\u2019arganier tenu \u00e0 Agadir du 10 au 12 d\u00e9cembre. ALM : Quelles sont les nouveaut\u00e9s qui ont marqu\u00e9 cette cinqui\u00e8me \u00e9dition [&hellip;]<\/p>\n","protected":false},"author":1759,"featured_media":0,"comment_status":"closed","ping_status":"closed","sticky":false,"template":"","format":"standard","meta":{"fifu_image_url":"","fifu_image_alt":"","footnotes":""},"categories":[73,54],"tags":[],"class_list":["post-70082","post","type-post","status-publish","format-standard","hentry","category-actualite","category-maroc"],"_links":{"self":[{"href":"https:\/\/linitiative.ca\/International\/wp-json\/wp\/v2\/posts\/70082","targetHints":{"allow":["GET"]}}],"collection":[{"href":"https:\/\/linitiative.ca\/International\/wp-json\/wp\/v2\/posts"}],"about":[{"href":"https:\/\/linitiative.ca\/International\/wp-json\/wp\/v2\/types\/post"}],"author":[{"embeddable":true,"href":"https:\/\/linitiative.ca\/International\/wp-json\/wp\/v2\/users\/1759"}],"replies":[{"embeddable":true,"href":"https:\/\/linitiative.ca\/International\/wp-json\/wp\/v2\/comments?post=70082"}],"version-history":[{"count":0,"href":"https:\/\/linitiative.ca\/International\/wp-json\/wp\/v2\/posts\/70082\/revisions"}],"wp:attachment":[{"href":"https:\/\/linitiative.ca\/International\/wp-json\/wp\/v2\/media?parent=70082"}],"wp:term":[{"taxonomy":"category","embeddable":true,"href":"https:\/\/linitiative.ca\/International\/wp-json\/wp\/v2\/categories?post=70082"},{"taxonomy":"post_tag","embeddable":true,"href":"https:\/\/linitiative.ca\/International\/wp-json\/wp\/v2\/tags?post=70082"}],"curies":[{"name":"wp","href":"https:\/\/api.w.org\/{rel}","templated":true}]}}