{"id":70083,"date":"2019-12-13T08:31:03","date_gmt":"2019-12-13T13:31:03","guid":{"rendered":"https:\/\/linitiative.ca\/International\/le-salon-national-de-la-poterie-et-du-zellije-artisanal-du-20-au-29-decembre-a-fes\/"},"modified":"2019-12-13T08:31:03","modified_gmt":"2019-12-13T13:31:03","slug":"le-salon-national-de-la-poterie-et-du-zellije-artisanal-du-20-au-29-decembre-a-fes","status":"publish","type":"post","link":"https:\/\/linitiative.ca\/International\/le-salon-national-de-la-poterie-et-du-zellije-artisanal-du-20-au-29-decembre-a-fes\/","title":{"rendered":"Le Salon national de la poterie et du zellije artisanal du 20 au 29 d\u00e9cembre \u00e0 F\u00e8s"},"content":{"rendered":"<header readability=\"1.36196319018\">\n<div class=\"entry-post-meta\" readability=\"6.55737704918\">\n<div class=\"author-link\">Publi\u00e9 par <a itemprop=\"author\" itemscope=\"\" itemtype=\"https:\/\/schema.org\/Person\" href=\"http:\/\/aujourdhui.ma\/profile\/kaid\" rel=\"author\"><span itemprop=\"name\">ALM<\/span><\/a><\/div>\n<p>Date\u00a0:<time content=\"2019-12-13T14:31:03+00:00\" class=\"entry-date updated\" datetime=\"2019-12-13T14:31:03+00:00\">d\u00e9cembre 13, 2019<\/time><\/p>\n<div class=\"entry-cat\">dans:<a href=\"http:\/\/aujourdhui.ma\/category\/economie\" rel=\"category tag\">Economie<\/a><\/div>\n<p>1Vues<\/p>\n<\/div>\n<\/header>\n<div class=\"entry-content clearfix\" readability=\"55\"><img decoding=\"async\" class=\"post_layout_5_img\" src=\"http:\/\/aujourdhui.ma\/wp-content\/uploads\/2019\/12\/zellije-artisanal.jpg?x29840\" alt=\"Le Salon national de la poterie et du zellije artisanal du 20 au 29 d\u00e9cembre \u00e0 F\u00e8s\"\/><\/p>\n<p class=\"p1\"><span class=\"s1\"><span class=\"c4\"><strong>La premi\u00e8re \u00e9dition du Salon national de la poterie et du zellije artisanal aura lieu du 20 au 29 d\u00e9cembre \u00e0 F\u00e8s, autour du th\u00e8me \u00abLa fili\u00e8re de la poterie et du zellije artisanal, une contribution ind\u00e9niable \u00e0 l\u2019\u00e9cosyst\u00e8me national\u00bb.<\/strong><\/span><\/span> <span id=\"more-326474\"\/><\/p>\n<p class=\"p1\"><span class=\"s1\">Organis\u00e9 par la Chambre de l\u2019artisanat de la r\u00e9gion F\u00e8s-Mekn\u00e8s, ce Salon, qui s\u2019\u00e9tendra sur une superficie de plus de 4.000 m\u00b2, conna\u00eetra la participation de plus de 120 exposants professionnels, dont des artisans, des petites et moyennes entreprises, des coop\u00e9ratives professionnelles et des acteurs sp\u00e9cialis\u00e9s dans les \u00e9quipements de travail de la poterie et du zellije artisanal.<\/span><\/p>\n<p class=\"p1\"><span class=\"s1\">Cette \u00e9dition vise dans un premier lieu \u00e0 valoriser les produits de la poterie et du zellije artisanal, faire conna\u00eetre ses m\u00e9tiers au public, promouvoir la commercialisation des produits et \u00e0 dynamiser les \u00e9changes d\u2019id\u00e9es et d\u2019exp\u00e9riences entre les professionnels de la fili\u00e8re, selon les organisateurs. Elle sera \u00e9galement une occasion pour sensibiliser les artisans aux d\u00e9fis environnementaux li\u00e9s \u00e0 l\u2019exploitation de l\u2019argile. Le Salon sera agenc\u00e9 en plusieurs espaces.<\/span><\/p>\n<\/div>\n<p>Auteur: ALM<br \/>\n<a href=\"http:\/\/aujourdhui.ma\/economie\/le-salon-national-de-la-poterie-et-du-zellije-artisanal-du-20-au-29-decembre-a-fes\">Cliquez ici pour lire l&rsquo;article depuis sa source.<\/a><\/p>\n","protected":false},"excerpt":{"rendered":"<p>Publi\u00e9 par ALM Date\u00a0:d\u00e9cembre 13, 2019 dans:Economie 1Vues La premi\u00e8re \u00e9dition du Salon national de la poterie et du zellije artisanal aura lieu du 20 au 29 d\u00e9cembre \u00e0 F\u00e8s, autour du th\u00e8me \u00abLa fili\u00e8re de la poterie et du zellije artisanal, une contribution ind\u00e9niable \u00e0 l\u2019\u00e9cosyst\u00e8me national\u00bb. Organis\u00e9 par la Chambre de l\u2019artisanat de [&hellip;]<\/p>\n","protected":false},"author":1759,"featured_media":0,"comment_status":"closed","ping_status":"closed","sticky":false,"template":"","format":"standard","meta":{"fifu_image_url":"","fifu_image_alt":"","footnotes":""},"categories":[73,54],"tags":[],"class_list":["post-70083","post","type-post","status-publish","format-standard","hentry","category-actualite","category-maroc"],"_links":{"self":[{"href":"https:\/\/linitiative.ca\/International\/wp-json\/wp\/v2\/posts\/70083","targetHints":{"allow":["GET"]}}],"collection":[{"href":"https:\/\/linitiative.ca\/International\/wp-json\/wp\/v2\/posts"}],"about":[{"href":"https:\/\/linitiative.ca\/International\/wp-json\/wp\/v2\/types\/post"}],"author":[{"embeddable":true,"href":"https:\/\/linitiative.ca\/International\/wp-json\/wp\/v2\/users\/1759"}],"replies":[{"embeddable":true,"href":"https:\/\/linitiative.ca\/International\/wp-json\/wp\/v2\/comments?post=70083"}],"version-history":[{"count":0,"href":"https:\/\/linitiative.ca\/International\/wp-json\/wp\/v2\/posts\/70083\/revisions"}],"wp:attachment":[{"href":"https:\/\/linitiative.ca\/International\/wp-json\/wp\/v2\/media?parent=70083"}],"wp:term":[{"taxonomy":"category","embeddable":true,"href":"https:\/\/linitiative.ca\/International\/wp-json\/wp\/v2\/categories?post=70083"},{"taxonomy":"post_tag","embeddable":true,"href":"https:\/\/linitiative.ca\/International\/wp-json\/wp\/v2\/tags?post=70083"}],"curies":[{"name":"wp","href":"https:\/\/api.w.org\/{rel}","templated":true}]}}