{"id":70084,"date":"2019-12-13T09:00:51","date_gmt":"2019-12-13T14:00:51","guid":{"rendered":"https:\/\/linitiative.ca\/International\/les-foires-educatives-du-maroc-une-opportunite-dechange-autour-des-competences\/"},"modified":"2019-12-13T09:00:51","modified_gmt":"2019-12-13T14:00:51","slug":"les-foires-educatives-du-maroc-une-opportunite-dechange-autour-des-competences","status":"publish","type":"post","link":"https:\/\/linitiative.ca\/International\/les-foires-educatives-du-maroc-une-opportunite-dechange-autour-des-competences\/","title":{"rendered":"Les Foires \u00e9ducatives du Maroc\u00a0: Une opportunit\u00e9 d\u2019\u00e9change autour des comp\u00e9tences"},"content":{"rendered":"<p><img decoding=\"async\" class=\"post_layout_5_img\" src=\"http:\/\/aujourdhui.ma\/wp-content\/uploads\/2019\/12\/Hassan-Obaid-Al-Mheiri.jpg?x29840\" alt=\"Les Foires \u00e9ducatives du Maroc\u00a0: Une opportunit\u00e9 d\u2019\u00e9change autour des comp\u00e9tences\"\/><\/p>\n<p class=\"p1\"><span class=\"c4\"><strong><em>Entretien avec<\/em> Hassan Obaid Al Mheiri<em>, sous-secr\u00e9taire adjoint pour l\u2019accr\u00e9ditation\u00a0<\/em><em>et pour les services \u00e9ducatifs au minist\u00e8re de l\u2019\u00e9ducation<\/em><\/strong><\/span><span id=\"more-326672\"\/><\/p>\n<div class=\"base-box mom_box_sc_custom mom_box_sc clear c6\" readability=\"11\">\n<p class=\"p1\"><span class=\"c5\"><em><strong>Apr\u00e8s avoir pris part aux foires \u00e9ducatives du Maroc qui se sont tenues en novembre dernier \u00e0 Casablanca et Tanger, Hassan Obaid Al Mheiri partage dans cet entretien l\u2019exp\u00e9rience \u00e9miraties en mati\u00e8re d\u2019enseignement sup\u00e9rieur. Un mod\u00e8le inspirant ayant permis de mettre en \u0153uvre des dispositifs innovants tel que la plate-forme \u00abStudy in UAE\u00bb. Le d\u00e9tail de cette vision d\u00e9voil\u00e9e ci-apr\u00e8s.<\/strong><\/em><\/span><\/p>\n<\/div>\n<p class=\"p1\"><strong>ALM\u00a0: Pourquoi avoir choisi l\u2019\u00e9dition 2019 des Foires \u00e9ducatives du Maroc\u00a0?<\/strong><\/p>\n<p class=\"p1\"><strong>Hassan Obaid Al Mheiri\u00a0:<\/strong> Nous consid\u00e9rons le Maroc comme un pays strat\u00e9gique. Il repr\u00e9sente en Afrique la plus grande proportion d\u2019\u00e9tudiants partant \u00e0 l\u2019\u00e9tranger, que ce soit en France, aux \u00c9tats-Unis et de plus en plus aux \u00c9mirats Arabes Unis.<\/p>\n<p class=\"p1\">Les Foires \u00e9ducatives du Maroc ont attir\u00e9 cette ann\u00e9e plus de 4.500 visiteurs et 26 institutions de 13 pays. Il s\u2019agit donc de plates-formes id\u00e9ales pour cr\u00e9er des opportunit\u00e9s d\u2019\u00e9change autour des comp\u00e9tences et des exp\u00e9riences r\u00e9ussies dans le secteur de l\u2019\u00e9ducation. C\u2019est pr\u00e9cis\u00e9ment ce que nous avons fait \u00e0 travers notre plate-forme Study in UAE, qui r\u00e9unit tous nos partenaires des \u00e9tablissements d\u2019enseignement sup\u00e9rieur aux \u00c9mirats Arabes Unis.<\/p>\n<p class=\"p1\">De plus nous avons d\u00e9j\u00e0 une petite communaut\u00e9 de Marocains qui vit, travaille et \u00e9tudie d\u00e9j\u00e0 aux Emirats Arabes Unis.<\/p>\n<p class=\"p1\"><strong>A quoi ressemble le secteur de l\u2019enseignement sup\u00e9rieur aux \u00c9mirats Arabes Unis\u00a0?<\/strong><\/p>\n<p class=\"p1\">Au cours des deux derni\u00e8res d\u00e9cennies, les \u00c9mirats Arabes Unis ont connu une croissance consid\u00e9rable dans le secteur de l\u2019enseignement sup\u00e9rieur, avec pas moins de huit universit\u00e9s qui figurent parmi les plus importantes au monde. Deux de nos universit\u00e9s ont aussi r\u00e9cemment r\u00e9ussi \u00e0 se classer, pour la premi\u00e8re fois, parmi les 50 meilleures en Asie, selon les Times Higher Education Asia University Rankings 2019. Aujourd\u2019hui, le pays poss\u00e8de \u00e0 son actif plus de 70 \u00e9tablissements d\u2019enseignement sup\u00e9rieur qui sont accr\u00e9dit\u00e9s par le minist\u00e8re de l\u2019\u00e9ducation.<\/p>\n<p class=\"p1\">Elles forment la plus grande plaque tournante de campus d\u00e9di\u00e9s aux \u00e9tudes au niveau de la r\u00e9gion, avec des noms prestigieux comme l\u2019Universit\u00e9 de New York-Abu Dhabi et La Sorbonne-Abu Dhabi. Le nombre d\u2019\u00e9tudiants \u00e9trangers a d\u2019ailleurs augment\u00e9 de mani\u00e8re substantielle au cours des dix derni\u00e8res ann\u00e9es. Cette tendance devrait se poursuivre avec une augmentation pr\u00e9vue des inscriptions\u00a0: elles devraient atteindre 21.000 \u00e9tudiants \u00e0 l\u2019horizon 2021.<\/p>\n<p class=\"p1\"><strong>Qu\u2019est-ce qui explique l\u2019attrait des \u00c9mirats Arabes Unis aupr\u00e8s des \u00e9tudiants \u00e9trangers\u00a0?<\/strong><\/p>\n<p class=\"p1\">Les \u00c9mirats Arabes Unis sont une destination attrayante pour les jeunes et les \u00e9tudiants. Le pays offre des programmes \u00e9ducatifs de renomm\u00e9e mondiale, combin\u00e9s \u00e0 une exp\u00e9rience culturelle in\u00e9gal\u00e9e qui repose sur la coexistence pacifique de plus de 200 nationalit\u00e9s, cultures et religions. Le pays est aussi l\u2019un des plus s\u00fbrs au monde, c\u2019est \u00e9galement un incubateur mondial pour l\u2019innovation et l\u2019esprit d\u2019entreprise. Tout au long de leur s\u00e9jour, les \u00e9tudiants peuvent d\u00e9couvrir la richesse de la culture \u00e9miratie et profiter de l\u2019une des meilleures destinations mondiales, avec des attractions qui figurent parmi les plus spectaculaires de la plan\u00e8te.<\/p>\n<p class=\"p1\"><strong>Quels sont les objectifs en mati\u00e8re d\u2019attractivit\u00e9\u00a0?<\/strong><\/p>\n<p class=\"p1\">Notre objectif principal est de consolider la position des \u00c9mirats Arabes Unis en tant que destination de choix pour les jeunes et les \u00e9tudiants du monde entier. Le pays a fait de l\u2019\u00e9ducation une priorit\u00e9 et un pilier de son programme national Vision 2021 et de sa strat\u00e9gie 2071 du centenaire. Au Maroc, nous avons souhait\u00e9 pr\u00e9senter une image compl\u00e8te de notre exp\u00e9rience \u00e9ducative et de son d\u00e9veloppement, tout en fournissant un aper\u00e7u clair sur les derni\u00e8res tendances et projections \u00e0 m\u00eame d\u2019aider les \u00e9tudiants \u00e0 comprendre les possibilit\u00e9s \u00e9ducatives de tr\u00e8s haut niveau que nous leur offrons.<\/p>\n<p>Auteur: ALM<br \/>\n<a href=\"http:\/\/aujourdhui.ma\/societe\/les-foires-educatives-du-maroc-une-opportunite-dechange-autour-des-competences\">Cliquez ici pour lire l&rsquo;article depuis sa source.<\/a><\/p>\n","protected":false},"excerpt":{"rendered":"<p>Entretien avec Hassan Obaid Al Mheiri, sous-secr\u00e9taire adjoint pour l\u2019accr\u00e9ditation\u00a0et pour les services \u00e9ducatifs au minist\u00e8re de l\u2019\u00e9ducation Apr\u00e8s avoir pris part aux foires \u00e9ducatives du Maroc qui se sont tenues en novembre dernier \u00e0 Casablanca et Tanger, Hassan Obaid Al Mheiri partage dans cet entretien l\u2019exp\u00e9rience \u00e9miraties en mati\u00e8re d\u2019enseignement sup\u00e9rieur. Un mod\u00e8le inspirant [&hellip;]<\/p>\n","protected":false},"author":1759,"featured_media":0,"comment_status":"closed","ping_status":"closed","sticky":false,"template":"","format":"standard","meta":{"fifu_image_url":"","fifu_image_alt":"","footnotes":""},"categories":[73,54],"tags":[],"class_list":["post-70084","post","type-post","status-publish","format-standard","hentry","category-actualite","category-maroc"],"_links":{"self":[{"href":"https:\/\/linitiative.ca\/International\/wp-json\/wp\/v2\/posts\/70084","targetHints":{"allow":["GET"]}}],"collection":[{"href":"https:\/\/linitiative.ca\/International\/wp-json\/wp\/v2\/posts"}],"about":[{"href":"https:\/\/linitiative.ca\/International\/wp-json\/wp\/v2\/types\/post"}],"author":[{"embeddable":true,"href":"https:\/\/linitiative.ca\/International\/wp-json\/wp\/v2\/users\/1759"}],"replies":[{"embeddable":true,"href":"https:\/\/linitiative.ca\/International\/wp-json\/wp\/v2\/comments?post=70084"}],"version-history":[{"count":0,"href":"https:\/\/linitiative.ca\/International\/wp-json\/wp\/v2\/posts\/70084\/revisions"}],"wp:attachment":[{"href":"https:\/\/linitiative.ca\/International\/wp-json\/wp\/v2\/media?parent=70084"}],"wp:term":[{"taxonomy":"category","embeddable":true,"href":"https:\/\/linitiative.ca\/International\/wp-json\/wp\/v2\/categories?post=70084"},{"taxonomy":"post_tag","embeddable":true,"href":"https:\/\/linitiative.ca\/International\/wp-json\/wp\/v2\/tags?post=70084"}],"curies":[{"name":"wp","href":"https:\/\/api.w.org\/{rel}","templated":true}]}}