{"id":70085,"date":"2019-12-13T09:20:19","date_gmt":"2019-12-13T14:20:19","guid":{"rendered":"https:\/\/linitiative.ca\/International\/agriculture-resiliente-aux-changements-climatiques-des-experts-allemands-ouvrent-la-voie-de-ladaptation\/"},"modified":"2019-12-13T09:20:19","modified_gmt":"2019-12-13T14:20:19","slug":"agriculture-resiliente-aux-changements-climatiques-des-experts-allemands-ouvrent-la-voie-de-ladaptation","status":"publish","type":"post","link":"https:\/\/linitiative.ca\/International\/agriculture-resiliente-aux-changements-climatiques-des-experts-allemands-ouvrent-la-voie-de-ladaptation\/","title":{"rendered":"Agriculture r\u00e9siliente aux changements climatiques : Des experts allemands ouvrent la voie de l\u2019adaptation"},"content":{"rendered":"<p><img decoding=\"async\" class=\"post_layout_5_img\" src=\"http:\/\/aujourdhui.ma\/wp-content\/uploads\/2019\/12\/Agriculture-Marocaine.jpg?x29840\" alt=\"Agriculture r\u00e9siliente aux changements climatiques : Des experts allemands ouvrent la voie de l\u2019adaptation\"\/><\/p>\n<p class=\"p1\"><span class=\"s1\"><span class=\"c4\"><strong><em>\u00abSachant qu\u2019il sera difficile de freiner le changement climatique, il est tr\u00e8s important de s\u2019y adapter\u00bb.<\/em><\/strong><\/span><\/span> <span id=\"more-326658\"\/><\/p>\n<p class=\"p1\"><span class=\"s1\">La perspective est lanc\u00e9e, jeudi \u00e0 Rabat, par l\u2019ambassadeur d\u2019Allemagne au Maroc, G\u00f6tz Schmidt-Bremme, lue en son nom par sa conseill\u00e8re, lors de la conf\u00e9rence internationale \u00abAgriculture r\u00e9siliente aux changements climatiques : voies d\u2019adaptation\u00bb. Pour le diplomate, les agriculteurs doivent r\u00e9agir aux changements climatiques et structurels. La capacit\u00e9 de s\u2019adapter et de faire face \u00e0 l\u2019impr\u00e9vu \u00e9tant, selon ses dires, cruciale pour toute exploitation agricole.<\/span><\/p>\n<p class=\"p1\"><span class=\"s1\">M. Schmidt-Bremme ne manque pas \u00e9galement de faire des pr\u00e9visions lors de cet \u00e9v\u00e9nement organis\u00e9 par le Centre d\u2019excellence et de conseil agricole maroco-allemand (Cecama), en collaboration avec l\u2019Institut agronomique et v\u00e9t\u00e9rinaire Hassan II (IAV), avec l\u2019appui de l\u2019Office national du conseil agricole (ONCA) et du minist\u00e8re f\u00e9d\u00e9ral allemand de l\u2019alimentation et de l\u2019agriculture.<\/span><\/p>\n<p class=\"p3\"><strong><span class=\"s1\">Des mesures allemandes\u00a0<\/span><span class=\"s1\">jusqu\u2019en 2050<\/span><\/strong><\/p>\n<p class=\"p1\"><span class=\"s1\">\u00ab<em>Jusqu\u2019en 2050, les mesures allemandes de protection du climat vont se concentrer sur la r\u00e9duction des \u00e9missions et sur l\u2019utilisation plus efficace des ressources pour une production plus durable\u00bb<\/em>, pr\u00e9cise l\u2019ambassadeur. Il conduit l\u2019exemple de la part des \u00e9missions dans le domaine agricole, dans son pays, qui s\u2019\u00e9l\u00e8ve \u00e0 environ 7% de l\u2019ensemble des \u00e9missions des gaz \u00e0 effet de serre. <em>\u00abDe nos jours, 800 millions de personnes souffrent de faim sur notre plan\u00e8te. Et selon les estimations, la population va s\u2019accro\u00eetre de deux milliards jusqu\u2019en 2050\u00bb,<\/em> ajoute-t-il. Par l\u2019occasion, l\u2019orateur \u00e9voque sa visite au Centre international de recherche agricole dans les zones arides (Icarda) \u00e0 Rabat o\u00f9 des chercheurs marocains et internationaux travaillent sur la r\u00e9sistance des plantes agricoles \u00e0 la s\u00e9cheresse due au changement climatique.<\/span><\/p>\n<p class=\"p3\"><strong><span class=\"s1\">Pour la valorisation des eaux\u00a0<\/span><span class=\"s1\">de pluie au Maroc<\/span><\/strong><\/p>\n<p class=\"p1\"><span class=\"s1\">De son c\u00f4t\u00e9, le directeur de l\u2019IAV, Ali Hammani, indique que des <em>\u00abefforts sont \u00e0 faire en valorisation de l\u2019eau de pluie\u00bb. \u00abC\u2019est une voie d\u2019adaptation assez int\u00e9ressante\u00bb<\/em>. L\u2019intervenant n\u2019h\u00e9site pas \u00e0 avancer des chiffres importants. <em>\u00ab108 milliards de m\u00e8tres cubes, sur 140 milliards, partent par \u00e9vaporation\u00bb<\/em>, d\u00e9taille-t-il. Le responsable fait \u00e9galement des propositions. <em>\u00abNous devons travailler sur des techniques de captage de ces eaux\u00bb,<\/em> commente M. Hammani. Cela \u00e9tant, cet \u00e9v\u00e9nement se veut, selon Klaus Goldnik, directeur du Cecama, de montrer au secteur agricole marocain les mesures d\u2019adaptation au changement climatique, voire \u00e0 la s\u00e9cheresse.<\/span><\/p>\n<p class=\"p1\"><span class=\"s1\">Pour l\u2019heure, ce centre, sis \u00e0 Sidi Slimane, a, \u00e0 ce jour, dispens\u00e9 230 formations pour 900 b\u00e9n\u00e9ficiaires, soit des techniciens, agriculteurs et techniciens priv\u00e9s. Pour l\u2019heure, cette structure rev\u00eatira, selon l\u2019ONCA, le statut de groupement d\u2019int\u00e9r\u00eat public. Une forme juridique en circuit d\u2019approbation pour publication au BO. De plus, le Cecama veille \u00e9galement \u00e0 \u00e9taler son exp\u00e9rience sur le continent africain.<\/span><\/p>\n<p>Auteur: Salima Guisser<br \/>\n<a href=\"http:\/\/aujourdhui.ma\/economie\/agriculture-resiliente-aux-changements-climatiques-des-experts-allemands-ouvrent-la-voie-de-ladaptation\">Cliquez ici pour lire l&rsquo;article depuis sa source.<\/a><\/p>\n","protected":false},"excerpt":{"rendered":"<p>\u00abSachant qu\u2019il sera difficile de freiner le changement climatique, il est tr\u00e8s important de s\u2019y adapter\u00bb. La perspective est lanc\u00e9e, jeudi \u00e0 Rabat, par l\u2019ambassadeur d\u2019Allemagne au Maroc, G\u00f6tz Schmidt-Bremme, lue en son nom par sa conseill\u00e8re, lors de la conf\u00e9rence internationale \u00abAgriculture r\u00e9siliente aux changements climatiques : voies d\u2019adaptation\u00bb. Pour le diplomate, les agriculteurs [&hellip;]<\/p>\n","protected":false},"author":1759,"featured_media":0,"comment_status":"closed","ping_status":"closed","sticky":false,"template":"","format":"standard","meta":{"fifu_image_url":"","fifu_image_alt":"","footnotes":""},"categories":[73,54],"tags":[],"class_list":["post-70085","post","type-post","status-publish","format-standard","hentry","category-actualite","category-maroc"],"_links":{"self":[{"href":"https:\/\/linitiative.ca\/International\/wp-json\/wp\/v2\/posts\/70085","targetHints":{"allow":["GET"]}}],"collection":[{"href":"https:\/\/linitiative.ca\/International\/wp-json\/wp\/v2\/posts"}],"about":[{"href":"https:\/\/linitiative.ca\/International\/wp-json\/wp\/v2\/types\/post"}],"author":[{"embeddable":true,"href":"https:\/\/linitiative.ca\/International\/wp-json\/wp\/v2\/users\/1759"}],"replies":[{"embeddable":true,"href":"https:\/\/linitiative.ca\/International\/wp-json\/wp\/v2\/comments?post=70085"}],"version-history":[{"count":0,"href":"https:\/\/linitiative.ca\/International\/wp-json\/wp\/v2\/posts\/70085\/revisions"}],"wp:attachment":[{"href":"https:\/\/linitiative.ca\/International\/wp-json\/wp\/v2\/media?parent=70085"}],"wp:term":[{"taxonomy":"category","embeddable":true,"href":"https:\/\/linitiative.ca\/International\/wp-json\/wp\/v2\/categories?post=70085"},{"taxonomy":"post_tag","embeddable":true,"href":"https:\/\/linitiative.ca\/International\/wp-json\/wp\/v2\/tags?post=70085"}],"curies":[{"name":"wp","href":"https:\/\/api.w.org\/{rel}","templated":true}]}}