{"id":70086,"date":"2019-12-13T06:30:04","date_gmt":"2019-12-13T11:30:04","guid":{"rendered":"https:\/\/linitiative.ca\/International\/efficacite-limitee-et-predominance-dune-vision-negative\/"},"modified":"2019-12-13T06:30:04","modified_gmt":"2019-12-13T11:30:04","slug":"efficacite-limitee-et-predominance-dune-vision-negative","status":"publish","type":"post","link":"https:\/\/linitiative.ca\/International\/efficacite-limitee-et-predominance-dune-vision-negative\/","title":{"rendered":"Efficacit\u00e9  limit\u00e9e et pr\u00e9dominance d\u2019une vision n\u00e9gative"},"content":{"rendered":"<p class=\"has-text-color has-vivid-cyan-blue-color\"><strong>Quelle appr\u00e9ciation ont les Marocains des syst\u00e8mes de protection sociale au Maroc ? L\u2019enqu\u00eate du Haut-commissariat au Plan (HCP) indique que les deux tiers des Marocains ne sont pas au courant des programmes sociaux de lutte contre la pauvret\u00e9, la vuln\u00e9rabilit\u00e9 et l\u2019exclusion. Seuls quelques programmes sont connus de tous,\u00a0 \u00e0 savoir l\u2019INDH, le programme \u00abun million de cartables\u00bb, celui de l\u2019aide accord\u00e9e aux veuves et Tayssir.<\/strong><\/p>\n<p>La perception varie selon qu\u2019il s\u2019agisse du milieu urbain ou rural, annonce le Haut Commissariat au Plan dans sa derni\u00e8re publication. \u00a0L\u2019enqu\u00eate en question souligne que la protection sociale a depuis longtemps \u00e9t\u00e9 consid\u00e9r\u00e9e comme un instrument peu appropri\u00e9 pour les pays en d\u00e9veloppement. Le Marocain est peu conscient de l\u2019existence de ces programmes, notamment la cat\u00e9gorie des ouvriers non qualifi\u00e9s, les exploitants agricoles et les p\u00eacheurs et artisans. Sont plus au moins conscients des diff\u00e9rents syst\u00e8mes de protection sociale les ouvriers qualifi\u00e9s, les ch\u00f4meurs et les commer\u00e7ants et les interm\u00e9diaires (49,9%) suivis des cadres moyens et cadres sup\u00e9rieurs \u00e0 hauteur de 33,7% et 20,9%.<\/p>\n<p>La connaissance ou la m\u00e9connaissance de ces programmes ne r\u00e9duit en rien leur conviction que les pauvres n\u2019en b\u00e9n\u00e9ficient que peu 65,5% contre 23,5%\u00a0 qui ne b\u00e9n\u00e9ficient jamais des diff\u00e9rents syst\u00e8mes. En fait, plusieurs raisons expliquent le faible impact et le manque d\u2019efficacit\u00e9 de ces programmes, particuli\u00e8rement le client\u00e9lisme, la faiblesse des services et les difficult\u00e9s d\u2019acc\u00e8s aux services. Le client\u00e9lisme arrive en premi\u00e8re position des causes de la faiblesse de ces programmes dans le monde urbain, soit 43,8%. En milieu rural, l\u2019inefficience des programmes de protection sociale reste li\u00e9e aux gains limit\u00e9s et \u00e0 la faible qualit\u00e9 des services.<\/p>\n<p>D\u2019autres cat\u00e9gories sociales et les cadres sup\u00e9rieurs pointent du doigt la qualit\u00e9 des services fournis et l\u2019insuffisance de l\u2019offre. Les services de sant\u00e9 et de couverture m\u00e9dicale sont tax\u00e9s d\u2019une vision n\u00e9gative en permanence. L\u2019accent est mis sur la faiblesse des infrastructures et des ressources et sur le poids des d\u00e9penses m\u00e9dicales des m\u00e9nages consid\u00e9r\u00e9es comme une cause d\u2019appauvrissement des m\u00e9nages les plus d\u00e9munis. Ainsi, 50% des enqu\u00eat\u00e9s soulignent \u00ab la mauvaise qualit\u00e9 des services \u00bb et \u00able faible encadrement m\u00e9dical\u00bb en tant que principales causes de ce faible acc\u00e8s aux services de sant\u00e9. Parall\u00e8lement, 60,3 % des Marocains\u00a0 jugent les d\u00e9penses de sant\u00e9 comme \u00abexceptionnellement \u00e9lev\u00e9es\u00bb, et que l\u2019endettement reste \u00e0 hauteur de 37,1% la solution pour financer les prestations de sant\u00e9.<\/p>\n<p>La r\u00e9partition selon le sexe place les femmes \u00a0parmi les plus critiques par rapport aux hommes. 56,2% d\u2019entre elles jugent la couverture m\u00e9dicale faible contre 43,2% des hommes. Cela \u00e9tant, plus de 47% se d\u00e9clarent pour la privatisation des services de sant\u00e9. Les retrait\u00e9s continuent de travailler en raison de l\u2019ins\u00e9curit\u00e9 et la faiblesse du syst\u00e8me de protection sociale (r\u00e9gime de retraite, allocations de ch\u00f4mage). Les jeunes sont aussi tr\u00e8s nombreux \u00e0 faire part de leur sentiment d\u2019ins\u00e9curit\u00e9 vis-\u00e0-vis de l\u2019offre d\u2019emploi.\u00a0 Ce sentiment d\u2019ins\u00e9curit\u00e9 est attribu\u00e9 \u00e0 \u00ab\u00a0la faible capacit\u00e9 de l\u2019\u00e9conomie nationale \u00e0 cr\u00e9er de l\u2019emploi\u00bb, au \u00abn\u00e9potisme \u00bb et \u00e0 \u00abla faiblesse du niveau de formation\u00bb. Les jeunes Marocains mettent le doigt aussi sur l\u2019inad\u00e9quation formation\/emploi. L\u2019enqu\u00eate du HCP indique que les trois quarts des Marocains (75,1%) ne sont pas inscrits dans une caisse de retraite.<\/p>\n<p>Les solutions propos\u00e9es pour lutter contre les in\u00e9galit\u00e9s sociales touchent \u00e0 l\u2019am\u00e9lioration de la qualit\u00e9 de l\u2019emploi et la valorisation des salaires et des allocations de ch\u00f4mage et \u00e0 l\u2019appui social public aux pauvres, la g\u00e9n\u00e9ralisation de la couverture sociale (34,5%) et l\u2019am\u00e9lioration des conditions d\u2019habitat et de l\u2019acc\u00e8s aux services sociaux de base (10,3%).<\/p>\n<p class=\"c2\"><strong>Fairouz El Mouden<\/strong><\/p>\n<p>Auteur: M&rsquo;hammed rahal<br \/>\n<a href=\"http:\/\/albayane.press.ma\/efficacite-limitee-et-predominance-dune-vision-negative.html\">Cliquez ici pour lire l&rsquo;article depuis sa source.<\/a><\/p>\n","protected":false},"excerpt":{"rendered":"<p>Quelle appr\u00e9ciation ont les Marocains des syst\u00e8mes de protection sociale au Maroc ? L\u2019enqu\u00eate du Haut-commissariat au Plan (HCP) indique que les deux tiers des Marocains ne sont pas au courant des programmes sociaux de lutte contre la pauvret\u00e9, la vuln\u00e9rabilit\u00e9 et l\u2019exclusion. Seuls quelques programmes sont connus de tous,\u00a0 \u00e0 savoir l\u2019INDH, le programme [&hellip;]<\/p>\n","protected":false},"author":1760,"featured_media":0,"comment_status":"closed","ping_status":"closed","sticky":false,"template":"","format":"standard","meta":{"fifu_image_url":"","fifu_image_alt":"","footnotes":""},"categories":[73,54],"tags":[],"class_list":["post-70086","post","type-post","status-publish","format-standard","hentry","category-actualite","category-maroc"],"_links":{"self":[{"href":"https:\/\/linitiative.ca\/International\/wp-json\/wp\/v2\/posts\/70086","targetHints":{"allow":["GET"]}}],"collection":[{"href":"https:\/\/linitiative.ca\/International\/wp-json\/wp\/v2\/posts"}],"about":[{"href":"https:\/\/linitiative.ca\/International\/wp-json\/wp\/v2\/types\/post"}],"author":[{"embeddable":true,"href":"https:\/\/linitiative.ca\/International\/wp-json\/wp\/v2\/users\/1760"}],"replies":[{"embeddable":true,"href":"https:\/\/linitiative.ca\/International\/wp-json\/wp\/v2\/comments?post=70086"}],"version-history":[{"count":0,"href":"https:\/\/linitiative.ca\/International\/wp-json\/wp\/v2\/posts\/70086\/revisions"}],"wp:attachment":[{"href":"https:\/\/linitiative.ca\/International\/wp-json\/wp\/v2\/media?parent=70086"}],"wp:term":[{"taxonomy":"category","embeddable":true,"href":"https:\/\/linitiative.ca\/International\/wp-json\/wp\/v2\/categories?post=70086"},{"taxonomy":"post_tag","embeddable":true,"href":"https:\/\/linitiative.ca\/International\/wp-json\/wp\/v2\/tags?post=70086"}],"curies":[{"name":"wp","href":"https:\/\/api.w.org\/{rel}","templated":true}]}}