{"id":70089,"date":"2019-12-12T15:28:52","date_gmt":"2019-12-12T20:28:52","guid":{"rendered":"https:\/\/linitiative.ca\/International\/demarrage-de-la-3-eme-edition-du-forum-de-lexport-tunisia-business-export-organise-par-la-chambre-de-commerce-et-dindustrie-de-sfax-les-12-et-13-decembre-2019\/"},"modified":"2019-12-12T15:28:52","modified_gmt":"2019-12-12T20:28:52","slug":"demarrage-de-la-3-eme-edition-du-forum-de-lexport-tunisia-business-export-organise-par-la-chambre-de-commerce-et-dindustrie-de-sfax-les-12-et-13-decembre-2019","status":"publish","type":"post","link":"https:\/\/linitiative.ca\/International\/demarrage-de-la-3-eme-edition-du-forum-de-lexport-tunisia-business-export-organise-par-la-chambre-de-commerce-et-dindustrie-de-sfax-les-12-et-13-decembre-2019\/","title":{"rendered":"D\u00e9marrage de la 3 \u00e8me \u00e9dition du Forum de l\u2019export \u00ab Tunisia Business Export \u00bb organis\u00e9 par la Chambre de Commerce et d\u2019Industrie de Sfax les 12 et 13 d\u00e9cembre 2019:"},"content":{"rendered":"<p><em><strong>42 entreprises exportatrices tunisiennes rencontrent 60 importateurs et centrales d\u2019achat de 15 pays<br \/><\/strong><\/em> Les travaux de la troisi\u00e8me \u00e9dition du Forum TBE \u00abTunisia Business Export\u00a0\u00bb ont d\u00e9marr\u00e9 aujourd\u2019hui<br \/>jeudi 12 d\u00e9cembre et se poursuivront durant deux jours en pr\u00e9sence de 60 importateurs \u00e9trangers et de<br \/>centrales d\u2019achat de 15 pays (Africains, Europ\u00e9ens, Asiatiques et Am\u00e9ricains) et avec la participation de<br \/>42 entreprises tunisiennes sp\u00e9cialis\u00e9es dans la production et l\u2019exportation des produits agroalimentaires<br \/>tels que l\u2019huile d\u2019olives, les dattes, les agrumes, les fruits de mer, les \u00e9pices, la p\u00e2te alimentaire et les<br \/>produits du terroir\u00a0.<br \/>Organis\u00e9e par la Chambre de Commerce et d\u2019Industrie de Sfax (CCIS) avec le soutien de la Coop\u00e9ration<br \/>Internationale Allemande GIZ et du projet am\u00e9ricain JOBS, cette manifestation ambitionne, en effet, de<br \/>contribuer \u00e0 l\u2019am\u00e9lioration du positionnement des produits alimentaires tunisiens sur les march\u00e9s<br \/>internationaux.<br \/>La s\u00e9ance de d\u00e9marrage des travaux du forum pr\u00e9sid\u00e9e par le Gouverneur de Sfax Anis Oueslati, en<br \/>pr\u00e9sence du Pr\u00e9sident de la CCIS Ridha Fourati et des cadres de la Chambre a \u00e9t\u00e9 marqu\u00e9e, par une large<br \/>participation des experts, donneurs d\u2019ordre et repr\u00e9sentants de structures \u00e9conomiques sp\u00e9cialis\u00e9es dans<br \/>une quinzaine de pays. Ceux-ci consistent en la France, l\u2019Espagne, les Etats Unis d\u2019Am\u00e9rique, le Canada,<br \/>la Tha\u00eflande, la C\u00f4te d\u2019Ivoire, le Nig\u00e9ria, le Cameroun, la R\u00e9publique D\u00e9mocratique du Congo, le Niger,<br \/>le Pakistan, la Russie, la Jordanie, la Cor\u00e9e du Sud et le Burkina-Faso.<br \/>L\u2019agro, un choix strat\u00e9gique<br \/>Apr\u00e8s une 1 \u00e8re session consacr\u00e9e au secteur de l\u2019huile d\u2019olive et une 2 \u00e8me d\u00e9di\u00e9e au secteur de l\u2019export de<br \/>mani\u00e8re g\u00e9n\u00e9rale, la CCIS a d\u00e9cid\u00e9 que cette troisi\u00e8me \u00e9dition 2019 soit focalis\u00e9e sur le secteur de<br \/>l\u2019agroalimentaire qui se veut l\u2019un des secteurs strat\u00e9giques de l\u2019\u00e9conomie tunisienne particuli\u00e8rement<br \/>dans la r\u00e9gion de Sfax r\u00e9put\u00e9e par ses comp\u00e9tences et capacit\u00e9s de production et d\u2019exportation dans<br \/>plusieurs activit\u00e9s de cette fili\u00e8re tels que l\u2019huile d\u2019olives, les produits de la p\u00eache, les p\u00e2tes, les produits<br \/>de terroir et autres.<br \/>Au programme de la deuxi\u00e8me \u00e9dition du \u00abTunisia Business Export\u00a0\u00bb, une pl\u00e9ni\u00e8re sur le th\u00e8me<br \/>\u00ab\u00a0L\u2019Agroalimentaire dans le March\u00e9 International\u00a0: Nouveau positionnement\u00a0\u00bb, trois workshops d\u00e9di\u00e9s<br \/>aux opportunit\u00e9s des march\u00e9s mondiaux prometteurs, et une exposition des produits tunisiens des<br \/>entreprises participantes avec des rencontres de partenariat \u00ab\u00a0BtoB\u00a0\u00bb avec les centrales d\u2019achat<br \/>internationales.<\/p>\n<p>La pl\u00e9ni\u00e8re<br \/>La s\u00e9ance pl\u00e9ni\u00e8re qui a eu lieu tout juste apr\u00e8s la s\u00e9ance d\u2019ouverture officielle du forum a \u00e9t\u00e9 marqu\u00e9e<br \/>par la pr\u00e9sentations d\u2019un nombre d\u2019interventions pr\u00e9sent\u00e9es par des experts et des sp\u00e9cialistes tunisiens et<br \/>\u00e9trangers de renomm\u00e9e \u00e0 l\u2019image l\u2019expert fran\u00e7ais et Directeur de la Chaire Unesco et du r\u00e9seau Unitwin<br \/>en \u00ab\u00a0Alimentation du monde \u00bb Jean-Louis RASTOIN.<br \/>Ce professeur \u00e9m\u00e9rite \u00e0 Montpellier SupAgro a pr\u00e9sent\u00e9 une Conf\u00e9rence\u00a0sur le th\u00e8me \u00ab Prospective et<br \/>strat\u00e9gies d\u2019entreprise sur les march\u00e9s agroalimentaires internationaux\u00a0\u00bb et ce juste apr\u00e8s l\u2019ouverture<br \/>officielle lors de la s\u00e9ance pl\u00e9ni\u00e8re intitul\u00e9e \u00ab\u00a0L\u2019Agroalimentaire dans le March\u00e9 International\u00a0: Nouveau<br \/>positionnement \u00bb.<br \/>Jean-Louis RASTOIN est une vraie r\u00e9f\u00e9rence dans plusieurs domaines de Recherche dont ceux de la<br \/>Strat\u00e9gie, la gouvernance, la performance des entreprises et des fili\u00e8res. Ses recherches ont \u00e9t\u00e9 men\u00e9es<br \/>dans l\u2019\u00c9conomie agroalimentaire, l\u2019\u00e9conomie industrielle, les strat\u00e9gies d\u2019entreprises et la prospective du<br \/>syst\u00e8me alimentaire.<br \/>Les workshops<br \/>S\u2019agissant des workshops organis\u00e9s apr\u00e8s les interventions de la s\u00e9ance pl\u00e9ni\u00e8re, ils doivent \u00eatre<br \/>consacr\u00e9s \u00e0 l\u2019identification des opportunit\u00e9s que pr\u00e9sente un nombre de march\u00e9s mondiaux prometteurs.<br \/>Il s\u2019agit des march\u00e9s allemand, am\u00e9ricain, russe et africain.<br \/>Anim\u00e9 par l\u2019expert Walid Gaddas, le premier workshop a pr\u00e9sent\u00e9 le Programme Allemand \u00ab\u00a0Import<br \/>Promotion Desk\u00a0\u00bb IPD qui consiste \u00e0 favoriser la promotion des exportations des produits alimentaires<br \/>vers l\u2019Allemagne et l\u2019Europe (Fruits, l\u00e9gumes frais et transform\u00e9s, huile d\u2019olive, huiles v\u00e9g\u00e9tales,<br \/>\u00e9pices\u2026).<br \/>Programm\u00e9 pour la journ\u00e9e du vendredi, le deuxi\u00e8me workshop sera d\u00e9di\u00e9 au march\u00e9 am\u00e9ricain de l\u2019huile<br \/>d\u2019olive et sera anim\u00e9 par l\u2019expert am\u00e9ricain Jim Krigbaum. Le troisi\u00e8me et dernier workshop consistera<br \/>en une pr\u00e9sentation du potentiel de coop\u00e9ration que rec\u00e8le l\u2019axe Russie-Afrique. Il sera anim\u00e9 par des<br \/>repr\u00e9sentants de la Chambre de Commerce Tuniso-Russe.<br \/>Exposition et \u00ab\u00a0BtoB\u00a0\u00bb<br \/>Troisi\u00e8me et ultime composante de cette manifestation, l\u2019exposition des produits des entreprises<br \/>tunisiennes participantes devra \u00eatre compl\u00e9t\u00e9e avec des rencontres de partenariat \u00ab\u00a0BtoB\u00a0\u00bb avec les<br \/>acheteurs et centrales d\u2019achat \u00e9trang\u00e8res. Les entreprises tunisiennes sp\u00e9cialis\u00e9es dans l\u2019agroalimentaire<br \/>participent \u00e0 cette importante composante du Forum. Des joint-ventures doivent avoir lieu lors de ces<br \/>rencontres et ouvriront de nouveaux march\u00e9s pour les produits tunisiens tels que l\u2019huile d\u2019olive, les dattes,<br \/>les produits de p\u00eache, les p\u00e2tes et tous les produits de terroir tunisiens qui peuvent int\u00e9resser les<br \/>consommateurs dans les march\u00e9s des pays participants.<\/p>\n<p class=\"dpsp-share-text\">Partager c&rsquo;est aimer!<\/p>\n<div class=\"wp-post-author-wrap wp-post-author-shortcode left\">\n<h3 class=\"awpa-title\"\/>\n<div class=\"wp-post-author\">\n<div class=\"awpa-img awpa-author-block square\"><a href=\"http:\/\/lexpertjournal.net\/fr\/author\/expert\/\"><img loading=\"lazy\" decoding=\"async\" alt=\"\" src=\"http:\/\/0.gravatar.com\/avatar\/c828f0b17d24309f0d01a4eac3747085?s=150&#038;d=mm&#038;r=g\" srcset=\"http:\/\/0.gravatar.com\/avatar\/c828f0b17d24309f0d01a4eac3747085?s=300&#038;d=mm&#038;r=g 2x\" class=\"avatar avatar-150 photo\" height=\"150\" width=\"150\"\/><\/a><\/div>\n<\/div>\n<\/div>\n<p>Auteur: L&rsquo;expert<br \/>\n<a href=\"http:\/\/lexpertjournal.net\/fr\/2019\/12\/12\/demarrage-de-la-3-eme-edition-du-forum-de-lexport-tunisia-business-export-organise-par-la-chambre-de-commerce-et-dindustrie-de-sfax-les-12-et-13-decembre-2019\/\">Cliquez ici pour lire l&rsquo;article depuis sa source.<\/a><\/p>\n","protected":false},"excerpt":{"rendered":"<p>42 entreprises exportatrices tunisiennes rencontrent 60 importateurs et centrales d\u2019achat de 15 pays Les travaux de la troisi\u00e8me \u00e9dition du Forum TBE \u00abTunisia Business Export\u00a0\u00bb ont d\u00e9marr\u00e9 aujourd\u2019huijeudi 12 d\u00e9cembre et se poursuivront durant deux jours en pr\u00e9sence de 60 importateurs \u00e9trangers et decentrales d\u2019achat de 15 pays (Africains, Europ\u00e9ens, Asiatiques et Am\u00e9ricains) et avec [&hellip;]<\/p>\n","protected":false},"author":1775,"featured_media":0,"comment_status":"closed","ping_status":"closed","sticky":false,"template":"","format":"standard","meta":{"fifu_image_url":"","fifu_image_alt":"","footnotes":""},"categories":[78,55],"tags":[],"class_list":["post-70089","post","type-post","status-publish","format-standard","hentry","category-economie","category-tunisie"],"_links":{"self":[{"href":"https:\/\/linitiative.ca\/International\/wp-json\/wp\/v2\/posts\/70089","targetHints":{"allow":["GET"]}}],"collection":[{"href":"https:\/\/linitiative.ca\/International\/wp-json\/wp\/v2\/posts"}],"about":[{"href":"https:\/\/linitiative.ca\/International\/wp-json\/wp\/v2\/types\/post"}],"author":[{"embeddable":true,"href":"https:\/\/linitiative.ca\/International\/wp-json\/wp\/v2\/users\/1775"}],"replies":[{"embeddable":true,"href":"https:\/\/linitiative.ca\/International\/wp-json\/wp\/v2\/comments?post=70089"}],"version-history":[{"count":0,"href":"https:\/\/linitiative.ca\/International\/wp-json\/wp\/v2\/posts\/70089\/revisions"}],"wp:attachment":[{"href":"https:\/\/linitiative.ca\/International\/wp-json\/wp\/v2\/media?parent=70089"}],"wp:term":[{"taxonomy":"category","embeddable":true,"href":"https:\/\/linitiative.ca\/International\/wp-json\/wp\/v2\/categories?post=70089"},{"taxonomy":"post_tag","embeddable":true,"href":"https:\/\/linitiative.ca\/International\/wp-json\/wp\/v2\/tags?post=70089"}],"curies":[{"name":"wp","href":"https:\/\/api.w.org\/{rel}","templated":true}]}}