{"id":70093,"date":"2019-12-13T10:08:00","date_gmt":"2019-12-13T15:08:00","guid":{"rendered":"https:\/\/linitiative.ca\/International\/rejet-massif-des-resultats-de-lelection\/"},"modified":"2019-12-13T10:08:00","modified_gmt":"2019-12-13T15:08:00","slug":"rejet-massif-des-resultats-de-lelection","status":"publish","type":"post","link":"https:\/\/linitiative.ca\/International\/rejet-massif-des-resultats-de-lelection\/","title":{"rendered":"Rejet massif des r\u00e9sultats de l\u2019\u00e9lection"},"content":{"rendered":"<div id=\"originalText\" readability=\"85\">\n<p class=\"c6\">La contestation contre l\u2019\u00e9lection du nouveau pr\u00e9sident\u00a0 de la R\u00e9publique Alg\u00e9rienne, Abdelmadjid Tebboune, se poursuit \u00e0 Alger-Centre. Des milliers de citoyens, toutes cat\u00e9gories confondues,\u00a0 ont d\u00e9fil\u00e9 ce vendredi, pour la 43e semaine cons\u00e9cutive dans les rues de la capitale, qui, rappelons-le, est quadrill\u00e9e par la police. A peine donn\u00e9 pour gagnant avec un taux de 58,5%, l\u2019\u00e9lection de Abdelmadjid Tebboune est aussit\u00f4t contest\u00e9e par les manifestants qui crient \u00e0 la fraude\u00a0: \u00ab\u00a0Allahou akbar rayiss mzaouer\u00a0\u00bb.<\/p>\n<p><iframe loading=\"lazy\" allow=\"accelerometer; autoplay; encrypted-media; gyroscope; picture-in-picture\" allowfullscreen=\"\" frameborder=\"0\" height=\"315\" src=\"https:\/\/www.youtube.com\/embed\/MzVIvmTO3Qg\" width=\"560\">[embedded content]<\/iframe><\/p>\n<p class=\"c6\">Des milliers de manifestants, drapeaux sur les \u00e9paules, affluent en masse vers la capitale pour protester contre les r\u00e9sultats de l\u2019\u00e9lection Pr\u00e9sidentielle. Leur point de chute est \u00e0 l\u2019esplanade de la Grande-Poste, avec un seul mot d\u2019ordre\u00a0: \u00ab\u00a0ya hna ya ntouma, maranach habssine\u00a0\u00bb (\u00e7a passe ou \u00e7a casse, on ne s\u2019arr\u00eatera pas de marcher). Ainsi, la r\u00e9pression qui a marqu\u00e9 les manifestations de la veille (le jour du vote) ne les a pas d\u00e9courag\u00e9s.<\/p>\n<p class=\"c6\"><img decoding=\"async\" alt=\"\" src=\"\/data\/upload\/80038586_583770998835965_7387382670113636352_n.jpg\" class=\"c7\"\/><\/p>\n<p class=\"c9\"><span class=\"c8\">\u00a9Sihem BENMALEK<\/span><\/p>\n<p class=\"c6\">Le cort\u00e8ge principal des manifestants progressait du haut de la rue Didouche Mourad, accompagnant les fid\u00e8les de la mosqu\u00e9e d\u2019Errahma, devenue point de rencontre des manifestants, tandis que d\u2019autres venaient de la rue Hassiba Ben Bouali, en passant soit par la rue Victor Hugo, soit par l\u2019avenue Amirouche.<\/p>\n<p><iframe loading=\"lazy\" allowfullscreen=\"true\" allowtransparency=\"true\" frameborder=\"0\" height=\"315\" scrolling=\"no\" src=\"https:\/\/www.facebook.com\/plugins\/video.php?href=https%3A%2F%2Fwww.facebook.com%2FJournaLiberteOfficiel%2Fvideos%2F459126294802498%2F&#038;show_text=0&#038;width=560\" class=\"c10\" width=\"560\">[embedded content]<\/iframe><\/p>\n<p class=\"c6\">A l\u2019esplanade de la Grande-Poste, endroit strat\u00e9gique du \u00ab\u00a0hirak\u00a0\u00bb, quelques centaines et bient\u00f4t des milliers de manifestants se massent en scandant \u00ab\u00a0 Imazighen Casbah Bab El Oued\u00a0\u00bb, attendant le \u00ab\u00a0renfort\u00a0\u00bb des manifestants des autres quartiers. A 14h30, des cris de soulagement retentissent du haut des balcons de l\u2019avenue Asslah Hocine, accueillant en h\u00e9ros les manifestants venant de Bab El Oued. D\u00e8s leur arriv\u00e9e, ils se sont \u00e9poumon\u00e9s sur \u00ab\u00a0Ya Ali Ba\u00f4uha\u00a0!\u00a0\u00bb (Ali Lapointe, ils ont vendu l\u2019Alg\u00e9rie).<\/p>\n<p class=\"c6\"><img decoding=\"async\" alt=\"\" src=\"\/data\/upload\/66%282%29.jpg\"\/><\/p>\n<p class=\"c9\"><span class=\"c8\">\u00a9Sihem BENMALEK<\/span><\/p>\n<p class=\"c6\"><img decoding=\"async\" alt=\"\" src=\"\/data\/upload\/55.jpg\" class=\"c7\"\/><\/p>\n<p class=\"c9\"><span class=\"c8\">\u00a9Sihem BENMALEK<\/span><\/p>\n<p class=\"c6\">Les marcheurs, de plus en plus nombreux alors que l\u2019horloge affiche 15h30, passent \u00a0par l\u2019avenue Pasteur pour atteindre l\u2019avenue Didouche Mourad, et de faire une boucle pour revenir \u00e0 la Grande-Poste.<\/p>\n<p class=\"c6\">\u00a0<\/p>\n<p class=\"c11\"><strong>Im\u00e8ne AMOKRANE<\/strong><\/p>\n<\/div>\n<div id=\"text_core\" readability=\"85\">\n<p class=\"c6\">La contestation contre l\u2019\u00e9lection du nouveau pr\u00e9sident\u00a0 de la R\u00e9publique Alg\u00e9rienne, Abdelmadjid Tebboune, se poursuit \u00e0 Alger-Centre. Des milliers de citoyens, toutes cat\u00e9gories confondues,\u00a0 ont d\u00e9fil\u00e9 ce vendredi, pour la 43e semaine cons\u00e9cutive dans les rues de la capitale, qui, rappelons-le, est quadrill\u00e9e par la police. A peine donn\u00e9 pour gagnant avec un taux de 58,5%, l\u2019\u00e9lection de Abdelmadjid Tebboune est aussit\u00f4t contest\u00e9e par les manifestants qui crient \u00e0 la fraude\u00a0: \u00ab\u00a0Allahou akbar rayiss mzaouer\u00a0\u00bb.<\/p>\n<p><iframe loading=\"lazy\" allow=\"accelerometer; autoplay; encrypted-media; gyroscope; picture-in-picture\" allowfullscreen=\"\" frameborder=\"0\" height=\"315\" src=\"https:\/\/www.youtube.com\/embed\/MzVIvmTO3Qg\" width=\"560\">[embedded content]<\/iframe><\/p>\n<p class=\"c6\">Des milliers de manifestants, drapeaux sur les \u00e9paules, affluent en masse vers la capitale pour protester contre les r\u00e9sultats de l\u2019\u00e9lection Pr\u00e9sidentielle. Leur point de chute est \u00e0 l\u2019esplanade de la Grande-Poste, avec un seul mot d\u2019ordre\u00a0: \u00ab\u00a0ya hna ya ntouma, maranach habssine\u00a0\u00bb (\u00e7a passe ou \u00e7a casse, on ne s\u2019arr\u00eatera pas de marcher). Ainsi, la r\u00e9pression qui a marqu\u00e9 les manifestations de la veille (le jour du vote) ne les a pas d\u00e9courag\u00e9s.<\/p>\n<p class=\"c6\"><img decoding=\"async\" alt=\"\" src=\"\/data\/upload\/80038586_583770998835965_7387382670113636352_n.jpg\" class=\"c7\"\/><\/p>\n<p class=\"c9\"><span class=\"c8\">\u00a9Sihem BENMALEK<\/span><\/p>\n<p class=\"c6\">Le cort\u00e8ge principal des manifestants progressait du haut de la rue Didouche Mourad, accompagnant les fid\u00e8les de la mosqu\u00e9e d\u2019Errahma, devenue point de rencontre des manifestants, tandis que d\u2019autres venaient de la rue Hassiba Ben Bouali, en passant soit par la rue Victor Hugo, soit par l\u2019avenue Amirouche.<\/p>\n<p><iframe loading=\"lazy\" allowfullscreen=\"true\" allowtransparency=\"true\" frameborder=\"0\" height=\"315\" scrolling=\"no\" src=\"https:\/\/www.facebook.com\/plugins\/video.php?href=https%3A%2F%2Fwww.facebook.com%2FJournaLiberteOfficiel%2Fvideos%2F459126294802498%2F&#038;show_text=0&#038;width=560\" class=\"c10\" width=\"560\">[embedded content]<\/iframe><\/p>\n<p class=\"c6\">A l\u2019esplanade de la Grande-Poste, endroit strat\u00e9gique du \u00ab\u00a0hirak\u00a0\u00bb, quelques centaines et bient\u00f4t des milliers de manifestants se massent en scandant \u00ab\u00a0 Imazighen Casbah Bab El Oued\u00a0\u00bb, attendant le \u00ab\u00a0renfort\u00a0\u00bb des manifestants des autres quartiers. A 14h30, des cris de soulagement retentissent du haut des balcons de l\u2019avenue Asslah Hocine, accueillant en h\u00e9ros les manifestants venant de Bab El Oued. D\u00e8s leur arriv\u00e9e, ils se sont \u00e9poumon\u00e9s sur \u00ab\u00a0Ya Ali Ba\u00f4uha\u00a0!\u00a0\u00bb (Ali Lapointe, ils ont vendu l\u2019Alg\u00e9rie).<\/p>\n<p class=\"c6\"><img decoding=\"async\" alt=\"\" src=\"\/data\/upload\/66%282%29.jpg\"\/><\/p>\n<p class=\"c9\"><span class=\"c8\">\u00a9Sihem BENMALEK<\/span><\/p>\n<p class=\"c6\"><img decoding=\"async\" alt=\"\" src=\"\/data\/upload\/55.jpg\" class=\"c7\"\/><\/p>\n<p class=\"c9\"><span class=\"c8\">\u00a9Sihem BENMALEK<\/span><\/p>\n<p class=\"c6\">Les marcheurs, de plus en plus nombreux alors que l\u2019horloge affiche 15h30, passent \u00a0par l\u2019avenue Pasteur pour atteindre l\u2019avenue Didouche Mourad, et de faire une boucle pour revenir \u00e0 la Grande-Poste.<\/p>\n<p class=\"c6\">\u00a0<\/p>\n<p class=\"c11\"><strong>Im\u00e8ne AMOKRANE<\/strong><\/p>\n<\/div>\n<p>Auteur:<br \/>\n<a href=\"https:\/\/www.liberte-algerie.com\/actualite\/rejet-massif-des-resultats-de-lelection-330025\">Cliquez ici pour lire l&rsquo;article depuis sa source.<\/a><\/p>\n","protected":false},"excerpt":{"rendered":"<p>La contestation contre l\u2019\u00e9lection du nouveau pr\u00e9sident\u00a0 de la R\u00e9publique Alg\u00e9rienne, Abdelmadjid Tebboune, se poursuit \u00e0 Alger-Centre. Des milliers de citoyens, toutes cat\u00e9gories confondues,\u00a0 ont d\u00e9fil\u00e9 ce vendredi, pour la 43e semaine cons\u00e9cutive dans les rues de la capitale, qui, rappelons-le, est quadrill\u00e9e par la police. A peine donn\u00e9 pour gagnant avec un taux de [&hellip;]<\/p>\n","protected":false},"author":1742,"featured_media":70094,"comment_status":"closed","ping_status":"closed","sticky":false,"template":"","format":"standard","meta":{"fifu_image_url":"","fifu_image_alt":"","footnotes":""},"categories":[73,53],"tags":[],"class_list":["post-70093","post","type-post","status-publish","format-standard","has-post-thumbnail","hentry","category-actualite","category-algerie"],"_links":{"self":[{"href":"https:\/\/linitiative.ca\/International\/wp-json\/wp\/v2\/posts\/70093","targetHints":{"allow":["GET"]}}],"collection":[{"href":"https:\/\/linitiative.ca\/International\/wp-json\/wp\/v2\/posts"}],"about":[{"href":"https:\/\/linitiative.ca\/International\/wp-json\/wp\/v2\/types\/post"}],"author":[{"embeddable":true,"href":"https:\/\/linitiative.ca\/International\/wp-json\/wp\/v2\/users\/1742"}],"replies":[{"embeddable":true,"href":"https:\/\/linitiative.ca\/International\/wp-json\/wp\/v2\/comments?post=70093"}],"version-history":[{"count":0,"href":"https:\/\/linitiative.ca\/International\/wp-json\/wp\/v2\/posts\/70093\/revisions"}],"wp:featuredmedia":[{"embeddable":true,"href":"https:\/\/linitiative.ca\/International\/wp-json\/"}],"wp:attachment":[{"href":"https:\/\/linitiative.ca\/International\/wp-json\/wp\/v2\/media?parent=70093"}],"wp:term":[{"taxonomy":"category","embeddable":true,"href":"https:\/\/linitiative.ca\/International\/wp-json\/wp\/v2\/categories?post=70093"},{"taxonomy":"post_tag","embeddable":true,"href":"https:\/\/linitiative.ca\/International\/wp-json\/wp\/v2\/tags?post=70093"}],"curies":[{"name":"wp","href":"https:\/\/api.w.org\/{rel}","templated":true}]}}