{"id":70095,"date":"2019-12-13T10:51:00","date_gmt":"2019-12-13T15:51:00","guid":{"rendered":"https:\/\/linitiative.ca\/International\/macron-prend-note-de-lelection-de-tebboune-appelle-au-dialogue-avec-le-peuple\/"},"modified":"2019-12-13T10:51:00","modified_gmt":"2019-12-13T15:51:00","slug":"macron-prend-note-de-lelection-de-tebboune-appelle-au-dialogue-avec-le-peuple","status":"publish","type":"post","link":"https:\/\/linitiative.ca\/International\/macron-prend-note-de-lelection-de-tebboune-appelle-au-dialogue-avec-le-peuple\/","title":{"rendered":"Macron \u00ab\u00a0prend note\u00a0\u00bb de l&rsquo;\u00e9lection de Tebboune, appelle au \u00ab\u00a0dialogue\u00a0\u00bb avec le peuple"},"content":{"rendered":"<div id=\"originalText\" readability=\"87\">\n<p class=\"c6\">Le pr\u00e9sident fran\u00e7ais Emmanuel Macron a\u00a0 \u00ab\u00a0pris note\u00a0\u00bb vendredi de l&rsquo;\u00e9lection d&rsquo;Abdelmadjid Tebboune \u00e0 la t\u00eate de\u00a0 l&rsquo;Alg\u00e9rie et appel\u00e9 les autorit\u00e9s \u00e0 engager un \u00ab\u00a0dialogue\u00a0\u00bb avec le peuple\u00a0 alg\u00e9rien, sur fond de contestation populaire in\u00e9dite dans ce pays depuis\u00a0 l&rsquo;ind\u00e9pendance en 1962.<\/p>\n<p class=\"c6\">\u00ab\u00a0J&rsquo;ai pris note de l&rsquo;annonce officielle que Monsieur Tebboune a remport\u00e9\u00a0 l&rsquo;\u00e9lection pr\u00e9sidentielle alg\u00e9rienne d\u00e8s le premier tour\u00a0\u00bb, a d\u00e9clar\u00e9 M. Macron\u00a0 lors d&rsquo;une conf\u00e9rence de presse \u00e0 l&rsquo;issue d&rsquo;un Conseil europ\u00e9en \u00e0 Bruxelles.<\/p>\n<p class=\"c6\">Abdelmadjid Tebboune, un ex-fid\u00e8le du pr\u00e9sident alg\u00e9rien d\u00e9chu Abdelaziz\u00a0 Bouteflika, a \u00e9t\u00e9 \u00e9lu pour lui succ\u00e9der \u00e0 la t\u00eate de l&rsquo;Alg\u00e9rie, a annonc\u00e9\u00a0 vendredi l&rsquo;Autorit\u00e9 nationale des \u00e9lections (Anie) au lendemain d&rsquo;un scrutin massivement boud\u00e9 par la population.<\/p>\n<p class=\"c6\">Une mar\u00e9e humaine, d\u00e9non\u00e7ant un \u00ab\u00a0vote truqu\u00e9\u00a0\u00bb et rejetant l&rsquo;\u00e9lection, a\u00a0 aussit\u00f4t envahi le centre d&rsquo;Alger, a constat\u00e9 une journaliste de l&rsquo;AFP.<\/p>\n<p class=\"c6\">L&rsquo;Alg\u00e9rie est secou\u00e9e depuis f\u00e9vrier par une contestation antir\u00e9gime\u00a0 massive qui a obtenu la d\u00e9mission d&rsquo;Abdelaziz Bouteflika en avril et cumule 43 vendredis cons\u00e9cutifs de mobilisation.<\/p>\n<p class=\"c6\">\u00ab\u00a0Je souhaite simplement que ces aspirations exprim\u00e9es par le peuple\u00a0 alg\u00e9rien trouvent une r\u00e9ponse dans le dialogue qui doit s&rsquo;ouvrir entre les autorit\u00e9s et la population\u00a0\u00bb, a soulign\u00e9 le pr\u00e9sident fran\u00e7ais.<\/p>\n<p class=\"c6\">\u00ab\u00a0Il appartient aux Alg\u00e9riens d&rsquo;en trouver les voies et moyens dans le cadre d&rsquo;un v\u00e9ritable dialogue d\u00e9mocratique et je leur dis, avec respect et amiti\u00e9, que dans ce moment crucial de leur histoire, la France se tient \u00e0 leurs c\u00f4t\u00e9s\u00a0\u00bb,\u00a0 a ajout\u00e9 Emmanuel Macron.<\/p>\n<p class=\"c6\">Le chef de la diplomatie fran\u00e7aise, Jean-Yves Le Drian, a r\u00e9guli\u00e8rement\u00a0 souhait\u00e9 que \u00ab\u00a0les Alg\u00e9riens trouvent ensemble les chemins d&rsquo;une transition\u00a0 d\u00e9mocratique\u00a0\u00bb. D\u00e9but novembre, il avait plaid\u00e9 pour le respect de la libert\u00e9 de\u00a0 manifester.<\/p>\n<p class=\"c6\">\u00ab\u00a0Je n&rsquo;ai pas, de l\u00e0 o\u00f9 je suis et en ma capacit\u00e9, \u00e0 commenter ou \u00e0 donner\u00a0 des bons ou des mauvais points, ou \u00e0 faire des pronostics\u00a0\u00bb, a insist\u00e9 le pr\u00e9sident fran\u00e7ais, tout en saluant des aspirations exprim\u00e9es \u00ab\u00a0avec beaucoup de\u00a0 responsabilit\u00e9, de civisme et de dignit\u00e9\u00a0\u00bb.<\/p>\n<p class=\"c7\"><strong>AFP<\/strong><\/p>\n<\/div>\n<div id=\"text_core\" readability=\"87\">\n<p class=\"c6\">Le pr\u00e9sident fran\u00e7ais Emmanuel Macron a\u00a0 \u00ab\u00a0pris note\u00a0\u00bb vendredi de l&rsquo;\u00e9lection d&rsquo;Abdelmadjid Tebboune \u00e0 la t\u00eate de\u00a0 l&rsquo;Alg\u00e9rie et appel\u00e9 les autorit\u00e9s \u00e0 engager un \u00ab\u00a0dialogue\u00a0\u00bb avec le peuple\u00a0 alg\u00e9rien, sur fond de contestation populaire in\u00e9dite dans ce pays depuis\u00a0 l&rsquo;ind\u00e9pendance en 1962.<\/p>\n<p class=\"c6\">\u00ab\u00a0J&rsquo;ai pris note de l&rsquo;annonce officielle que Monsieur Tebboune a remport\u00e9\u00a0 l&rsquo;\u00e9lection pr\u00e9sidentielle alg\u00e9rienne d\u00e8s le premier tour\u00a0\u00bb, a d\u00e9clar\u00e9 M. Macron\u00a0 lors d&rsquo;une conf\u00e9rence de presse \u00e0 l&rsquo;issue d&rsquo;un Conseil europ\u00e9en \u00e0 Bruxelles.<\/p>\n<p class=\"c6\">Abdelmadjid Tebboune, un ex-fid\u00e8le du pr\u00e9sident alg\u00e9rien d\u00e9chu Abdelaziz\u00a0 Bouteflika, a \u00e9t\u00e9 \u00e9lu pour lui succ\u00e9der \u00e0 la t\u00eate de l&rsquo;Alg\u00e9rie, a annonc\u00e9\u00a0 vendredi l&rsquo;Autorit\u00e9 nationale des \u00e9lections (Anie) au lendemain d&rsquo;un scrutin massivement boud\u00e9 par la population.<\/p>\n<p class=\"c6\">Une mar\u00e9e humaine, d\u00e9non\u00e7ant un \u00ab\u00a0vote truqu\u00e9\u00a0\u00bb et rejetant l&rsquo;\u00e9lection, a\u00a0 aussit\u00f4t envahi le centre d&rsquo;Alger, a constat\u00e9 une journaliste de l&rsquo;AFP.<\/p>\n<p class=\"c6\">L&rsquo;Alg\u00e9rie est secou\u00e9e depuis f\u00e9vrier par une contestation antir\u00e9gime\u00a0 massive qui a obtenu la d\u00e9mission d&rsquo;Abdelaziz Bouteflika en avril et cumule 43 vendredis cons\u00e9cutifs de mobilisation.<\/p>\n<p class=\"c6\">\u00ab\u00a0Je souhaite simplement que ces aspirations exprim\u00e9es par le peuple\u00a0 alg\u00e9rien trouvent une r\u00e9ponse dans le dialogue qui doit s&rsquo;ouvrir entre les autorit\u00e9s et la population\u00a0\u00bb, a soulign\u00e9 le pr\u00e9sident fran\u00e7ais.<\/p>\n<p class=\"c6\">\u00ab\u00a0Il appartient aux Alg\u00e9riens d&rsquo;en trouver les voies et moyens dans le cadre d&rsquo;un v\u00e9ritable dialogue d\u00e9mocratique et je leur dis, avec respect et amiti\u00e9, que dans ce moment crucial de leur histoire, la France se tient \u00e0 leurs c\u00f4t\u00e9s\u00a0\u00bb,\u00a0 a ajout\u00e9 Emmanuel Macron.<\/p>\n<p class=\"c6\">Le chef de la diplomatie fran\u00e7aise, Jean-Yves Le Drian, a r\u00e9guli\u00e8rement\u00a0 souhait\u00e9 que \u00ab\u00a0les Alg\u00e9riens trouvent ensemble les chemins d&rsquo;une transition\u00a0 d\u00e9mocratique\u00a0\u00bb. D\u00e9but novembre, il avait plaid\u00e9 pour le respect de la libert\u00e9 de\u00a0 manifester.<\/p>\n<p class=\"c6\">\u00ab\u00a0Je n&rsquo;ai pas, de l\u00e0 o\u00f9 je suis et en ma capacit\u00e9, \u00e0 commenter ou \u00e0 donner\u00a0 des bons ou des mauvais points, ou \u00e0 faire des pronostics\u00a0\u00bb, a insist\u00e9 le pr\u00e9sident fran\u00e7ais, tout en saluant des aspirations exprim\u00e9es \u00ab\u00a0avec beaucoup de\u00a0 responsabilit\u00e9, de civisme et de dignit\u00e9\u00a0\u00bb.<\/p>\n<p class=\"c7\"><strong>AFP<\/strong><\/p>\n<\/div>\n<p>Auteur:<br \/>\n<a href=\"https:\/\/www.liberte-algerie.com\/actualite\/macron-prend-note-de-lelection-de-tebboune-appelle-au-dialogue-avec-le-peuple-330026\">Cliquez ici pour lire l&rsquo;article depuis sa source.<\/a><\/p>\n","protected":false},"excerpt":{"rendered":"<p>Le pr\u00e9sident fran\u00e7ais Emmanuel Macron a\u00a0 \u00ab\u00a0pris note\u00a0\u00bb vendredi de l&rsquo;\u00e9lection d&rsquo;Abdelmadjid Tebboune \u00e0 la t\u00eate de\u00a0 l&rsquo;Alg\u00e9rie et appel\u00e9 les autorit\u00e9s \u00e0 engager un \u00ab\u00a0dialogue\u00a0\u00bb avec le peuple\u00a0 alg\u00e9rien, sur fond de contestation populaire in\u00e9dite dans ce pays depuis\u00a0 l&rsquo;ind\u00e9pendance en 1962. \u00ab\u00a0J&rsquo;ai pris note de l&rsquo;annonce officielle que Monsieur Tebboune a remport\u00e9\u00a0 l&rsquo;\u00e9lection [&hellip;]<\/p>\n","protected":false},"author":1742,"featured_media":0,"comment_status":"closed","ping_status":"closed","sticky":false,"template":"","format":"standard","meta":{"fifu_image_url":"","fifu_image_alt":"","footnotes":""},"categories":[73,53],"tags":[],"class_list":["post-70095","post","type-post","status-publish","format-standard","hentry","category-actualite","category-algerie"],"_links":{"self":[{"href":"https:\/\/linitiative.ca\/International\/wp-json\/wp\/v2\/posts\/70095","targetHints":{"allow":["GET"]}}],"collection":[{"href":"https:\/\/linitiative.ca\/International\/wp-json\/wp\/v2\/posts"}],"about":[{"href":"https:\/\/linitiative.ca\/International\/wp-json\/wp\/v2\/types\/post"}],"author":[{"embeddable":true,"href":"https:\/\/linitiative.ca\/International\/wp-json\/wp\/v2\/users\/1742"}],"replies":[{"embeddable":true,"href":"https:\/\/linitiative.ca\/International\/wp-json\/wp\/v2\/comments?post=70095"}],"version-history":[{"count":0,"href":"https:\/\/linitiative.ca\/International\/wp-json\/wp\/v2\/posts\/70095\/revisions"}],"wp:attachment":[{"href":"https:\/\/linitiative.ca\/International\/wp-json\/wp\/v2\/media?parent=70095"}],"wp:term":[{"taxonomy":"category","embeddable":true,"href":"https:\/\/linitiative.ca\/International\/wp-json\/wp\/v2\/categories?post=70095"},{"taxonomy":"post_tag","embeddable":true,"href":"https:\/\/linitiative.ca\/International\/wp-json\/wp\/v2\/tags?post=70095"}],"curies":[{"name":"wp","href":"https:\/\/api.w.org\/{rel}","templated":true}]}}