{"id":70108,"date":"2019-12-13T05:31:21","date_gmt":"2019-12-13T10:31:21","guid":{"rendered":"https:\/\/linitiative.ca\/International\/des-vents-forts-vendredi-sur-plusieurs-wilayas-du-nord-et-des-hauts-plateaux\/"},"modified":"2019-12-13T05:31:21","modified_gmt":"2019-12-13T10:31:21","slug":"des-vents-forts-vendredi-sur-plusieurs-wilayas-du-nord-et-des-hauts-plateaux","status":"publish","type":"post","link":"https:\/\/linitiative.ca\/International\/des-vents-forts-vendredi-sur-plusieurs-wilayas-du-nord-et-des-hauts-plateaux\/","title":{"rendered":"Des vents forts vendredi sur plusieurs wilayas du Nord et des Hauts-Plateaux"},"content":{"rendered":"<div readability=\"38\">\n<p><strong>ALGER &#8211; Des vents forts souffleront, parfois en rafales, vendredi, sur plusieurs wilayas du Nord et des Hauts-Plateaux, annonce l&rsquo;Office nationale de m\u00e9t\u00e9orologie dans un bulletin m\u00e9t\u00e9oro sp\u00e9cial (BMS).<\/strong><\/p>\n<\/div>\n<div readability=\"63\">\n<p>Il s&rsquo;agit des wilayas de Tlemcen, Ain Temouchent, Oran, Mostaganem, Sidi Bel Abbes, Mascara, Relizane, Chlef, Tipaza, Alger, Boumerdes, Tizi-Ouzou, Bejaia, Jijel, Skikda, Annaba, El-Tarf, Na\u00e2ma, El-Bayadh, Tiaret, Saida, Laghouat, Djelfa, M&rsquo;Sila et Biskra, pr\u00e9cise la m\u00eame source.<\/p>\n<p>Le vent sera d&rsquo;Ouest \u00e0 Nord-Ouest atteignant une vitesse de 60\/70 km\/h avec des rafales atteignant ou d\u00e9passant 80 km\/h, pr\u00e9cise la m\u00eame source qui annonce des soul\u00e8vements de sable r\u00e9duisant la visibilit\u00e9 par endroits.<\/p>\n<\/div>\n<p>Auteur:<br \/>\n<a href=\"http:\/\/www.aps.dz\/regions\/98915-des-vents-forts-vendredi-sur-plusieurs-wilayas-du-nord-et-des-hauts-plateaux\">Cliquez ici pour lire l&rsquo;article depuis sa source.<\/a><\/p>\n","protected":false},"excerpt":{"rendered":"<p>ALGER &#8211; Des vents forts souffleront, parfois en rafales, vendredi, sur plusieurs wilayas du Nord et des Hauts-Plateaux, annonce l&rsquo;Office nationale de m\u00e9t\u00e9orologie dans un bulletin m\u00e9t\u00e9oro sp\u00e9cial (BMS). Il s&rsquo;agit des wilayas de Tlemcen, Ain Temouchent, Oran, Mostaganem, Sidi Bel Abbes, Mascara, Relizane, Chlef, Tipaza, Alger, Boumerdes, Tizi-Ouzou, Bejaia, Jijel, Skikda, Annaba, El-Tarf, Na\u00e2ma, [&hellip;]<\/p>\n","protected":false},"author":1790,"featured_media":0,"comment_status":"closed","ping_status":"closed","sticky":false,"template":"","format":"standard","meta":{"fifu_image_url":"","fifu_image_alt":"","footnotes":""},"categories":[53,76],"tags":[],"class_list":["post-70108","post","type-post","status-publish","format-standard","hentry","category-algerie","category-regions"],"_links":{"self":[{"href":"https:\/\/linitiative.ca\/International\/wp-json\/wp\/v2\/posts\/70108","targetHints":{"allow":["GET"]}}],"collection":[{"href":"https:\/\/linitiative.ca\/International\/wp-json\/wp\/v2\/posts"}],"about":[{"href":"https:\/\/linitiative.ca\/International\/wp-json\/wp\/v2\/types\/post"}],"author":[{"embeddable":true,"href":"https:\/\/linitiative.ca\/International\/wp-json\/wp\/v2\/users\/1790"}],"replies":[{"embeddable":true,"href":"https:\/\/linitiative.ca\/International\/wp-json\/wp\/v2\/comments?post=70108"}],"version-history":[{"count":0,"href":"https:\/\/linitiative.ca\/International\/wp-json\/wp\/v2\/posts\/70108\/revisions"}],"wp:attachment":[{"href":"https:\/\/linitiative.ca\/International\/wp-json\/wp\/v2\/media?parent=70108"}],"wp:term":[{"taxonomy":"category","embeddable":true,"href":"https:\/\/linitiative.ca\/International\/wp-json\/wp\/v2\/categories?post=70108"},{"taxonomy":"post_tag","embeddable":true,"href":"https:\/\/linitiative.ca\/International\/wp-json\/wp\/v2\/tags?post=70108"}],"curies":[{"name":"wp","href":"https:\/\/api.w.org\/{rel}","templated":true}]}}