{"id":70111,"date":"2019-12-13T06:47:02","date_gmt":"2019-12-13T11:47:02","guid":{"rendered":"https:\/\/linitiative.ca\/International\/des-conventions-pour-promouvoir-lanimation-sociale-de-proximite\/"},"modified":"2019-12-13T06:47:02","modified_gmt":"2019-12-13T11:47:02","slug":"des-conventions-pour-promouvoir-lanimation-sociale-de-proximite","status":"publish","type":"post","link":"https:\/\/linitiative.ca\/International\/des-conventions-pour-promouvoir-lanimation-sociale-de-proximite\/","title":{"rendered":"Des conventions pour promouvoir l\u2019animation sociale de proximit\u00e9"},"content":{"rendered":"<p class=\"c4\">Quelque 28 conventions ont \u00e9t\u00e9 sign\u00e9es, jeudi \u00e0 Oujda, entre des associations locales et l\u2019Agence de d\u00e9veloppement social (ADS) et ses partenaires dans le cadre du programme d\u2019animation sociale de proximit\u00e9 dans les quartiers d\u00e9favoris\u00e9s de la ville.<\/p>\n<p class=\"c4\">Ledit programme d\u2019animation sociale de proximit\u00e9 \u00e0 travers le sport, la culture et les loisirs dans les quartiers concern\u00e9s, rappelle-t-on, a \u00e9t\u00e9 mis en place dans le cadre de la convention de partenariat entre le Comit\u00e9 pr\u00e9fectoral de d\u00e9veloppement humain (CPDH) d\u2019Oujda-Angad, l\u2019ADS et le Comit\u00e9 local de d\u00e9veloppement humain (CLDH) de la commune d\u2019Oujda, afin de contribuer \u00e0 la valorisation des efforts d\u00e9ploy\u00e9s dans le domaine de l\u2019animation sociale par les diff\u00e9rents partenaires.<\/p>\n<p class=\"c4\">Il s\u2019agit aussi de cr\u00e9er une dynamique au niveau des quartiers et des centres de proximit\u00e9 et faciliter l\u2019implication et l\u2019int\u00e9gration sociale des jeunes et des enfants des quartiers cibles.<\/p>\n<p class=\"c4\">Le programme d\u2019animation sociale s\u2019inscrit dans le cadre de la strat\u00e9gie de l\u2019ADS visant \u00e0 promouvoir et renforcer la coh\u00e9sion sociale et l\u2019int\u00e9gration urbaine en soutenant les initiatives individuelles et collectives et en stimulant la cr\u00e9ativit\u00e9 sociale et l\u2019intelligence collective dans les quartiers urbains pauvres et marginalis\u00e9s, ont expliqu\u00e9 les responsables de la coordination r\u00e9gionale de l\u2019Agence.<\/p>\n<p class=\"c4\">L\u2019objectif est d\u2019am\u00e9liorer le contenu social et \u00e9ducatif des projets culturels, sportifs et r\u00e9cr\u00e9atifs, ont-ils ajout\u00e9.<\/p>\n<p><img class=\"wp-image-16527 aligncenter\" data-src=\"http:\/\/www.mapoujda.ma\/map\/uploads\/2019\/12\/LADS-et-les-associations-locales-en-r\u00e9union-M750\u00d7430-MAP.jpg\" alt=\"\" width=\"576\" height=\"330\" srcset=\"http:\/\/www.mapoujda.ma\/map\/uploads\/2019\/12\/LADS-et-les-associations-locales-en-r\u00e9union-M750\u00d7430-MAP.jpg 750w, http:\/\/www.mapoujda.ma\/map\/uploads\/2019\/12\/LADS-et-les-associations-locales-en-r\u00e9union-M750\u00d7430-MAP-300x172.jpg 300w\" sizes=\"(max-width: 576px) 100vw, 576px\"\/><\/p>\n<p class=\"c4\">Le programme comprend un certain nombre d\u2019\u00e9tapes et de composantes, notamment la mobilisation des partenaires, la r\u00e9alisation du diagnostic, le renforcement des capacit\u00e9s des associations, des responsables de centres et des animateurs, l\u2019appui aux projets et initiatives dans les domaines du sport, de la culture et des loisirs, ainsi que l\u2019accompagnement des associations dans le domaine de l\u2019animation sociale et dans la r\u00e9alisation de leurs projets.<\/p>\n<p class=\"c4\">Le programme est mis en \u0153uvre en coop\u00e9ration avec plusieurs partenaires, notamment la wilaya de la r\u00e9gion de l\u2019Oriental, la commune d\u2019Oujda, la coordination r\u00e9gionale de l\u2019Entraide nationale, la direction r\u00e9gionale de la Jeunesse et des sports, la direction r\u00e9gionale de la Culture et de la communication et la direction provinciale de l\u2019Education nationale.<\/p>\n<p class=\"c4\">Les 28 projets retenus pour b\u00e9n\u00e9ficier d\u2019un appui et d\u2019un accompagnement dans le cadre du programme, a-t-on fait savoir lors de la c\u00e9r\u00e9monie de signature, visent \u00e0 soutenir l\u2019am\u00e9lioration de la charge sociale et \u00e9ducative des projets et initiatives dans le domaine du sport, de la culture et des loisirs, \u00e0 renforcer le comportement civique et les valeurs de citoyennet\u00e9 chez les jeunes, et \u00e0 contribuer \u00e0 la r\u00e9duction de la d\u00e9linquance et de la violence dans les quartiers urbains.<\/p>\n<p class=\"c4\">Ils ambitionnent aussi la facilitation de l\u2019acc\u00e8s des enfants et des jeunes dans les quartiers de la ville aux activit\u00e9s sportives, culturelles et r\u00e9cr\u00e9atives, la r\u00e9habilitation des espaces d\u2019accueil et des centres de proximit\u00e9 avec le d\u00e9veloppement de nouveaux m\u00e9canismes et concepts concernant leur gestion, en sus du renforcement des partenariats et la convergence des interventions des acteurs locaux dans le domaine de l\u2019animation sociale.<\/p>\n<p>Auteur: Soufiane ELAHMAR<br \/>\n<a href=\"http:\/\/www.mapoujda.ma\/fr\/des-conventions-pour-promouvoir-lanimation-sociale-de-proximite\/\">Cliquez ici pour lire l&rsquo;article depuis sa source.<\/a><\/p>\n","protected":false},"excerpt":{"rendered":"<p>Quelque 28 conventions ont \u00e9t\u00e9 sign\u00e9es, jeudi \u00e0 Oujda, entre des associations locales et l\u2019Agence de d\u00e9veloppement social (ADS) et ses partenaires dans le cadre du programme d\u2019animation sociale de proximit\u00e9 dans les quartiers d\u00e9favoris\u00e9s de la ville. Ledit programme d\u2019animation sociale de proximit\u00e9 \u00e0 travers le sport, la culture et les loisirs dans les [&hellip;]<\/p>\n","protected":false},"author":1788,"featured_media":70112,"comment_status":"closed","ping_status":"closed","sticky":false,"template":"","format":"standard","meta":{"fifu_image_url":"","fifu_image_alt":"","footnotes":""},"categories":[54,76],"tags":[],"class_list":["post-70111","post","type-post","status-publish","format-standard","has-post-thumbnail","hentry","category-maroc","category-regions"],"_links":{"self":[{"href":"https:\/\/linitiative.ca\/International\/wp-json\/wp\/v2\/posts\/70111","targetHints":{"allow":["GET"]}}],"collection":[{"href":"https:\/\/linitiative.ca\/International\/wp-json\/wp\/v2\/posts"}],"about":[{"href":"https:\/\/linitiative.ca\/International\/wp-json\/wp\/v2\/types\/post"}],"author":[{"embeddable":true,"href":"https:\/\/linitiative.ca\/International\/wp-json\/wp\/v2\/users\/1788"}],"replies":[{"embeddable":true,"href":"https:\/\/linitiative.ca\/International\/wp-json\/wp\/v2\/comments?post=70111"}],"version-history":[{"count":0,"href":"https:\/\/linitiative.ca\/International\/wp-json\/wp\/v2\/posts\/70111\/revisions"}],"wp:featuredmedia":[{"embeddable":true,"href":"https:\/\/linitiative.ca\/International\/wp-json\/"}],"wp:attachment":[{"href":"https:\/\/linitiative.ca\/International\/wp-json\/wp\/v2\/media?parent=70111"}],"wp:term":[{"taxonomy":"category","embeddable":true,"href":"https:\/\/linitiative.ca\/International\/wp-json\/wp\/v2\/categories?post=70111"},{"taxonomy":"post_tag","embeddable":true,"href":"https:\/\/linitiative.ca\/International\/wp-json\/wp\/v2\/tags?post=70111"}],"curies":[{"name":"wp","href":"https:\/\/api.w.org\/{rel}","templated":true}]}}