{"id":70113,"date":"2019-12-13T08:25:24","date_gmt":"2019-12-13T13:25:24","guid":{"rendered":"https:\/\/linitiative.ca\/International\/lever-de-rideau-sur-le-27e-festival-de-la-musique-gharnati\/"},"modified":"2019-12-13T08:25:24","modified_gmt":"2019-12-13T13:25:24","slug":"lever-de-rideau-sur-le-27e-festival-de-la-musique-gharnati","status":"publish","type":"post","link":"https:\/\/linitiative.ca\/International\/lever-de-rideau-sur-le-27e-festival-de-la-musique-gharnati\/","title":{"rendered":"Lever de rideau sur le 27\u00e8 Festival de la musique gharnati"},"content":{"rendered":"<p class=\"c4\">La 27\u00e8me \u00e9dition du Festival de la musique gharnati d\u2019Oujda s\u2019est ouverte, jeudi soir au Th\u00e9\u00e2tre Mohammed VI, offrant un programme riche en spectacles et activit\u00e9s visant \u00e0 promouvoir ce genre musical particuli\u00e8rement pr\u00e9sent dans la capitale de l\u2019Oriental.<\/p>\n<p class=\"c4\">Plac\u00e9 sous le Haut patronage de SM le Roi Mohammed VI, ce festival, organis\u00e9 par le minist\u00e8re de la Culture, de la jeunesse et des sports (secteur de la Culture) en collaboration notamment avec la wilaya de la r\u00e9gion de l\u2019Oriental et la Commune urbaine d\u2019Oujda, a pour th\u00e8me cette ann\u00e9e \u00able rayonnement d\u2019un patrimoine, la magie d\u2019une musique\u00bb.<\/p>\n<p class=\"c4\">La soir\u00e9e d\u2019ouverture de ce festival, tenue en pr\u00e9sence du wali de la r\u00e9gion de l\u2019Oriental, gouverneur de la province d\u2019Oujda-Angad, Mouad El Jamai et de plusieurs autres personnalit\u00e9s, a \u00e9t\u00e9 marqu\u00e9e par des spectacles de haute facture pr\u00e9sent\u00e9s notamment par l\u2019orchestre du Conservatoire r\u00e9gional de musique et d\u2019art chor\u00e9graphique d\u2019Oujda et l\u2019ensemble Rawafid de musique andalouse (Tanger).<\/p>\n<p class=\"c4\">En outre, des hommages ont \u00e9t\u00e9 rendus \u00e0 l\u2019artiste et musicologue Omar Mettioui, qui dirige l\u2019ensemble Rawafid, ainsi qu\u2019\u00e0 l\u2019artiste Mohamed Cha\u00e2bane, pr\u00e9sident de l\u2019Association Al-Andaloussia d\u2019Oujda.<\/p>\n<p><img class=\"wp-image-16529 aligncenter\" data-src=\"http:\/\/www.mapoujda.ma\/map\/uploads\/2019\/12\/Des-hommages-au-c\u00e9r\u00e9monie-douverture-du-27\u00e8-Festival-de-la-musique-gharnati-M750\u00d7430-MAP.jpg\" alt=\"\" width=\"576\" height=\"330\" srcset=\"http:\/\/www.mapoujda.ma\/map\/uploads\/2019\/12\/Des-hommages-au-c\u00e9r\u00e9monie-douverture-du-27\u00e8-Festival-de-la-musique-gharnati-M750\u00d7430-MAP.jpg 750w, http:\/\/www.mapoujda.ma\/map\/uploads\/2019\/12\/Des-hommages-au-c\u00e9r\u00e9monie-douverture-du-27\u00e8-Festival-de-la-musique-gharnati-M750\u00d7430-MAP-300x172.jpg 300w\" sizes=\"(max-width: 576px) 100vw, 576px\"\/><\/p>\n<p class=\"c4\">Dans une allocution de circonstance, le directeur r\u00e9gional de la Culture dans l\u2019Oriental, Mountassir Loukili, a soulign\u00e9 l\u2019importance de la musique gharnati, fruit du brassage des cultures arabe, amazighe et ib\u00e9rique dans les cit\u00e9s d\u2019Al-Andalus et qui a surv\u00e9cu \u00e0 de rudes \u00e9preuves pour trouver refuge dans diff\u00e9rentes villes du Maghreb, dont Oujda, o\u00f9 elle continue \u00e0 prosp\u00e9rer gr\u00e2ce au travail de g\u00e9n\u00e9rations d\u2019artistes qui ont su sauvegarder ce patrimoine.<\/p>\n<p class=\"c4\">La ville d\u2019Oujda a jou\u00e9 un grand r\u00f4le dans la pr\u00e9servation et la transmission de cette musique, a-t-il not\u00e9, ajoutant que ce Festival rend hommage \u00e0 ce patrimoine musical et culturel mais aussi \u00e0 cette ville mill\u00e9naire.<\/p>\n<p class=\"c4\">Ce festival a pour objectif de continuer le travail de pr\u00e9servation de ce patrimoine civilisationnel, a relev\u00e9 M. Loukili, indiquant que cette \u00e9dition connait la participation d\u2019ensembles musicaux d\u2019Oujda et du reste du Maroc, en plus de groupes venus d\u2019Alg\u00e9rie et d\u2019Espagne.<\/p>\n<p class=\"c4\">Le programme de cette \u00e9dition, qui se poursuit jusqu\u2019au 15 d\u00e9cembre courant, pr\u00e9voit l\u2019organisation d\u2019une conf\u00e9rence sur le th\u00e8me \u00abLes moyens de valoriser et de pr\u00e9server la musique gharnati en tant que patrimoine immat\u00e9riel\u00bb, en plus d\u2019un concours musical destin\u00e9 aux enfants de moins de 15 ans.<\/p>\n<p class=\"c4\">Le festival pr\u00e9voit aussi de sortir de la ville d\u2019Oujda pour organiser des spectacles de musique gharnati au Complexe culturel de Jerada et dans la ville de Taourirt.<\/p>\n<p>Auteur: Soufiane ELAHMAR<br \/>\n<a href=\"http:\/\/www.mapoujda.ma\/fr\/lever-de-rideau-sur-le-27e-festival-de-la-musique-gharnati\/\">Cliquez ici pour lire l&rsquo;article depuis sa source.<\/a><\/p>\n","protected":false},"excerpt":{"rendered":"<p>La 27\u00e8me \u00e9dition du Festival de la musique gharnati d\u2019Oujda s\u2019est ouverte, jeudi soir au Th\u00e9\u00e2tre Mohammed VI, offrant un programme riche en spectacles et activit\u00e9s visant \u00e0 promouvoir ce genre musical particuli\u00e8rement pr\u00e9sent dans la capitale de l\u2019Oriental. Plac\u00e9 sous le Haut patronage de SM le Roi Mohammed VI, ce festival, organis\u00e9 par le [&hellip;]<\/p>\n","protected":false},"author":1788,"featured_media":70114,"comment_status":"closed","ping_status":"closed","sticky":false,"template":"","format":"standard","meta":{"fifu_image_url":"","fifu_image_alt":"","footnotes":""},"categories":[54,76],"tags":[],"class_list":["post-70113","post","type-post","status-publish","format-standard","has-post-thumbnail","hentry","category-maroc","category-regions"],"_links":{"self":[{"href":"https:\/\/linitiative.ca\/International\/wp-json\/wp\/v2\/posts\/70113","targetHints":{"allow":["GET"]}}],"collection":[{"href":"https:\/\/linitiative.ca\/International\/wp-json\/wp\/v2\/posts"}],"about":[{"href":"https:\/\/linitiative.ca\/International\/wp-json\/wp\/v2\/types\/post"}],"author":[{"embeddable":true,"href":"https:\/\/linitiative.ca\/International\/wp-json\/wp\/v2\/users\/1788"}],"replies":[{"embeddable":true,"href":"https:\/\/linitiative.ca\/International\/wp-json\/wp\/v2\/comments?post=70113"}],"version-history":[{"count":0,"href":"https:\/\/linitiative.ca\/International\/wp-json\/wp\/v2\/posts\/70113\/revisions"}],"wp:featuredmedia":[{"embeddable":true,"href":"https:\/\/linitiative.ca\/International\/wp-json\/"}],"wp:attachment":[{"href":"https:\/\/linitiative.ca\/International\/wp-json\/wp\/v2\/media?parent=70113"}],"wp:term":[{"taxonomy":"category","embeddable":true,"href":"https:\/\/linitiative.ca\/International\/wp-json\/wp\/v2\/categories?post=70113"},{"taxonomy":"post_tag","embeddable":true,"href":"https:\/\/linitiative.ca\/International\/wp-json\/wp\/v2\/tags?post=70113"}],"curies":[{"name":"wp","href":"https:\/\/api.w.org\/{rel}","templated":true}]}}