{"id":70115,"date":"2019-12-13T05:00:00","date_gmt":"2019-12-13T10:00:00","guid":{"rendered":"https:\/\/linitiative.ca\/International\/rabat-linterieur-se-charge-du-budget-2020\/"},"modified":"2019-12-13T05:00:00","modified_gmt":"2019-12-13T10:00:00","slug":"rabat-linterieur-se-charge-du-budget-2020","status":"publish","type":"post","link":"https:\/\/linitiative.ca\/International\/rabat-linterieur-se-charge-du-budget-2020\/","title":{"rendered":"Rabat: L\u2019Int\u00e9rieur se charge du budget 2020"},"content":{"rendered":"<div readability=\"36\">\n<p>Apr\u00e8s l\u2019\u00e9chec du conseil de la ville de le faire adopter dans les d\u00e9lais r\u00e9glementaires<\/p>\n<p>La wilaya a adress\u00e9 un courrier \u00e0 la commune dans ce sens lundi dernier<\/p>\n<p>La difficile cohabitation entre majorit\u00e9 et opposition retarde les affaires de la capitale<\/p>\n<\/div>\n<div readability=\"99.5\">\n<p class=\"rtejustify\">Depuis son installation, fin 2015, le conseil de la ville de Rabat peine \u00e0 \u00e9tablir un cadre de travail sain, lui permettant de d\u00e9lib\u00e9rer dans des conditions normales sur les affaires de la commune, et de se pencher s\u00e9rieusement sur ses probl\u00e8mes: \u00e9clairage public, transport, d\u00e9chets\u2026<\/p>\n<p class=\"rtejustify\">Cette crise est due \u00e0 un conflit, devenu structurel, entre les \u00e9lus du PJD et ceux du PAM, positionn\u00e9s dans l\u2019opposition. R\u00e9sultat des courses: Un blocage de la majorit\u00e9 des sessions du conseil de la ville, comme ce fut\u00a0 notamment le cas pour la session d\u2019octobre qui rev\u00eat une grande importance.<\/p>\n<p class=\"rtejustify\">En effet, l\u2019adoption du projet de budget pour l\u2019ann\u00e9e 2020 figurait parmi les points \u00e0 l\u2019ordre de cette session. Face \u00e0 la mobilisation des \u00e9lus du PAM, la majorit\u00e9, conduite par le PJD, a \u00e9chou\u00e9 \u00e0 faire passer le projet de son budget 2020 durant les trois s\u00e9ances programm\u00e9es.<\/p>\n<p class=\"rtejustify\">Mohamed Sadiki, maire de la capitale, \u00e9tait dans l\u2019obligation de convoquer une session extraordinaire pour le 20 novembre 2019, date limite pour pr\u00e9senter le projet de budget au visa du gouverneur de la pr\u00e9fecture de Rabat, qui est le wali (article 189 de la loi organique 113-14 relative aux communes). L\u2019ordre du jour avanc\u00e9 \u00e9tait compos\u00e9 de 6 points dont celui du projet de budget.<\/p>\n<p class=\"rtejustify\">Surprise, les \u00e9lus de la majorit\u00e9 ont brill\u00e9 par leur absence, ce qui a entra\u00een\u00e9 le report de cette r\u00e9union, faute de quorum.\u00a0 \u00abC\u2019est de l\u2019irresponsabilit\u00e9 de la part de la majorit\u00e9 de boycotter une session qu\u2019elle a elle-m\u00eame d\u00e9clench\u00e9e\u00bb, s\u2019indigne Omar Hayani, \u00e9lu de la FGD.<\/p>\n<p class=\"rtejustify\">Gardant toujours l\u2019espoir de faire adopter son projet de budget, le maire a appel\u00e9 \u00e0 une deuxi\u00e8me r\u00e9union dans le cadre de cette session extraordinaire, qui devait se tenir l\u2019apr\u00e8s-midi du vendredi dernier. Une r\u00e9union annul\u00e9e, suite \u00e0 une lettre adress\u00e9e par la wilaya. Le document rappelait que la session extraordinaire doit \u00eatre cl\u00f4tur\u00e9e dans un d\u00e9lai maximum de sept jours ouvrables cons\u00e9cutifs, et ce conform\u00e9ment \u00e0 l\u2019article 36 de la loi organique relative aux communes.<\/p>\n<p class=\"rtejustify\">En cas de non adoption du projet de budget dans les d\u00e9lais, c\u2019est le d\u00e9partement de l\u2019Int\u00e9rieur qui se charge de sa pr\u00e9paration (article 195 de la loi organique 113-14). Un courrier dans ce sens a \u00e9t\u00e9 transmis, lundi dernier, par la wilaya au maire de la commune. Rappelons que le m\u00eame sc\u00e9nario a pr\u00e9valu lors de l\u2019adoption du budget 2017.<\/p>\n<blockquote readability=\"16\">\n<p class=\"rtecenter\"><strong><span class=\"c4\">La wilaya d\u00e9bloque les points urgents<\/span><\/strong><\/p>\n<p class=\"rtejustify\">En plus du budget, il reste d\u2019autres points urgents \u00e0 faire adopter par le conseil de la ville. Pour y parvenir, la wilaya a convoqu\u00e9 une session extraordinaire tenue la matin\u00e9e du vendredi dernier. Les travaux de cette r\u00e9union ont \u00e9t\u00e9 boycott\u00e9s par les \u00e9lus du PAM. Parmi les points importants adopt\u00e9s, celui du projet portant sur la r\u00e9utilisation des eaux us\u00e9es pour l\u2019arrosage des espaces verts, dont la superficie a largement augment\u00e9 avec le programme \u00abRabat ville lumi\u00e8re\u00bb. Selon le projet de budget 2020 non adopt\u00e9, le montant des d\u00e9penses d\u2019entretien courant d\u2019espaces verts va plus que doubler par rapport \u00e0 celui de 2019. Parmi les autres points adopt\u00e9s, l\u2019on retient celui concernant la cr\u00e9ation d\u2019une SDL (Soci\u00e9t\u00e9 de d\u00e9veloppement local) pour la gestion du complexe agroalimentaire pr\u00e9vu \u00e0 l\u2019arrondissement Youssoufia.<\/p>\n<\/blockquote>\n<p class=\"rtejustify\"><em>Noureddine EL AISSI<\/em><\/p>\n<\/div>\n<p>Auteur: hlafriqi<br \/>\n<a href=\"https:\/\/www.leconomiste.com\/article\/1054405-rabat-l-interieur-se-charge-du-budget-2020\">Cliquez ici pour lire l&rsquo;article depuis sa source.<\/a><\/p>\n","protected":false},"excerpt":{"rendered":"<p>Apr\u00e8s l\u2019\u00e9chec du conseil de la ville de le faire adopter dans les d\u00e9lais r\u00e9glementaires La wilaya a adress\u00e9 un courrier \u00e0 la commune dans ce sens lundi dernier La difficile cohabitation entre majorit\u00e9 et opposition retarde les affaires de la capitale Depuis son installation, fin 2015, le conseil de la ville de Rabat peine [&hellip;]<\/p>\n","protected":false},"author":1763,"featured_media":0,"comment_status":"closed","ping_status":"closed","sticky":false,"template":"","format":"standard","meta":{"fifu_image_url":"","fifu_image_alt":"","footnotes":""},"categories":[78,54],"tags":[],"class_list":["post-70115","post","type-post","status-publish","format-standard","hentry","category-economie","category-maroc"],"_links":{"self":[{"href":"https:\/\/linitiative.ca\/International\/wp-json\/wp\/v2\/posts\/70115","targetHints":{"allow":["GET"]}}],"collection":[{"href":"https:\/\/linitiative.ca\/International\/wp-json\/wp\/v2\/posts"}],"about":[{"href":"https:\/\/linitiative.ca\/International\/wp-json\/wp\/v2\/types\/post"}],"author":[{"embeddable":true,"href":"https:\/\/linitiative.ca\/International\/wp-json\/wp\/v2\/users\/1763"}],"replies":[{"embeddable":true,"href":"https:\/\/linitiative.ca\/International\/wp-json\/wp\/v2\/comments?post=70115"}],"version-history":[{"count":0,"href":"https:\/\/linitiative.ca\/International\/wp-json\/wp\/v2\/posts\/70115\/revisions"}],"wp:attachment":[{"href":"https:\/\/linitiative.ca\/International\/wp-json\/wp\/v2\/media?parent=70115"}],"wp:term":[{"taxonomy":"category","embeddable":true,"href":"https:\/\/linitiative.ca\/International\/wp-json\/wp\/v2\/categories?post=70115"},{"taxonomy":"post_tag","embeddable":true,"href":"https:\/\/linitiative.ca\/International\/wp-json\/wp\/v2\/tags?post=70115"}],"curies":[{"name":"wp","href":"https:\/\/api.w.org\/{rel}","templated":true}]}}