{"id":70119,"date":"2019-12-13T05:45:00","date_gmt":"2019-12-13T10:45:00","guid":{"rendered":"https:\/\/linitiative.ca\/International\/budget-climat-brexit-le-menu-du-dernier-sommet-de-lannee\/"},"modified":"2019-12-13T05:45:00","modified_gmt":"2019-12-13T10:45:00","slug":"budget-climat-brexit-le-menu-du-dernier-sommet-de-lannee","status":"publish","type":"post","link":"https:\/\/linitiative.ca\/International\/budget-climat-brexit-le-menu-du-dernier-sommet-de-lannee\/","title":{"rendered":"Budget, climat, Brexit\u2026  Le menu du dernier sommet de l\u2019ann\u00e9e"},"content":{"rendered":"<div readability=\"34\">\n<p>L&rsquo;agenda promet des discussions ardues<\/p>\n<p>La r\u00e9union se tiendra \u00e0 27<\/p>\n<\/div>\n<div readability=\"80\">\n<p class=\"rtejustify\">Les dirigeants europ\u00e9ens se retrouvent jeudi et vendredi \u00e0 Bruxelles pour leur dernier sommet de l&rsquo;ann\u00e9e. A l\u2019ordre du jour: budget de l&rsquo;UE, strat\u00e9gie climatique \u00e0 long terme ou encore relations avec le Royaume-Uni apr\u00e8s le Brexit. Il s\u2019agit du premier sommet de Charles Michel, nouveau patron du Conseil europ\u00e9en, et d&rsquo;Ursula von der Leyen qui d\u00e9fendra les positions de la Commission. L&rsquo;agenda promet des discussions ardues sur des dossiers qui ne font pas l&rsquo;unanimit\u00e9.<\/p>\n<p class=\"rtejustify\">La r\u00e9union se tiendra \u00e0 27. Le Premier ministre britannique Boris Johnson ne fera pas le d\u00e9placement en raison des \u00e9lections l\u00e9gislatives anticip\u00e9es au Royaume-Uni (pr\u00e9vu le 12 d\u00e9cembre 2019). Avec un Brexit pr\u00e9vu fin janvier et un trait\u00e9 de retrait toujours en attente d&rsquo;\u00eatre ratifi\u00e9, le r\u00e9sultat sera scrut\u00e9 par les dirigeants europ\u00e9ens. Un d\u00e9bat est pr\u00e9vu vendredi pour d\u00e9terminer les priorit\u00e9s des 27 dans les n\u00e9gociations \u00e0 venir sur la future relation avec Londres, en particulier commerciale.<\/p>\n<p class=\"rtejustify\">\u00abIl faudra que nous puissions avancer rapidement apr\u00e8s cette \u00e9lection\u00bb, a indiqu\u00e9 le pr\u00e9sident fran\u00e7ais Emmanuel Macron, \u00e0 l&rsquo;issue d&rsquo;une rencontre avec Charles Michel \u00e0 Paris. Il a insist\u00e9 pour pr\u00e9server la m\u00e9thode suivie jusqu&rsquo;\u00e0 pr\u00e9sent: \u00abunit\u00e9 des 27, conduite unique des n\u00e9gociations par Michel Barnier, rigueur dans la d\u00e9fense des int\u00e9r\u00eats sans c\u00e9der \u00e0 la pression et en respectant, avec le Royaume-Uni, des conditions de concurrence \u00e9quitables\u00bb.<\/p>\n<p class=\"rtejustify\">Les dirigeants europ\u00e9ens devront d\u00e9battre aussi des exigences climatiques. Ils vont tenter de se mettre d&rsquo;accord sur l\u2019\u00e9ch\u00e9ance 2050 pour se fixer un objectif de neutralit\u00e9 carbone. Elle consiste \u00e0 r\u00e9duire au maximum les \u00e9missions de CO2 et compenser le reste par des dispositifs d&rsquo;absorption (par les sols et les for\u00eats, par la technologie).<\/p>\n<p class=\"rtejustify\">En juin, l&rsquo;UE n&rsquo;avait pas r\u00e9ussi \u00e0 trouver l&rsquo;unanimit\u00e9. Trois pays (la Pologne, la Hongrie et la R\u00e9publique tch\u00e8que) r\u00e9sistent par crainte d&rsquo;une transition douloureuse sur le plan social. Ces pays demeurent tr\u00e8s d\u00e9pendants des \u00e9nergies fossiles, en particulier le charbon.<\/p>\n<p class=\"rtejustify\">Le d\u00e9bat se tiendra au lendemain de la pr\u00e9sentation du Pacte vert de la Commission europ\u00e9enne. Une promesse de campagne d&rsquo;Ursula von der Leyen qui va se d\u00e9cliner au fil des prochains mois en de multiples propositions l\u00e9gislatives. Au c\u0153ur de ce pacte, une loi climatique qui pourrait \u00eatre d\u00e9voil\u00e9e fin f\u00e9vrier. Elle serait pr\u00e9c\u00e9d\u00e9e par une proposition sur un m\u00e9canisme de transition juste. Une disposition tr\u00e8s attendue par les pays les plus en retard dans ce sens.<\/p>\n<blockquote readability=\"13\">\n<p class=\"rtecenter\"><strong><span class=\"c4\">Des coupes drastiques<\/span><\/strong><\/p>\n<p class=\"rtejustify\">Le d\u00e9fi climatique est d\u00e9pendant du budget que l&rsquo;UE va y consacrer. Or la discussion sur ce volet pour la p\u00e9riode 2021-2027 ne fait que d\u00e9buter et promet des d\u00e9bats agit\u00e9s au sommet pr\u00e9vu \u00e0 Bruxelles. La pr\u00e9sidente de la Commission europ\u00e9enne Ursula von der Leyen s\u2019est dite inqui\u00e8te des coupes drastiques propos\u00e9es particuli\u00e8rement dans les secteurs pouvant \u00eatre affect\u00e9s comme Frontex (agence europ\u00e9enne de garde-fronti\u00e8res), la d\u00e9fense, le num\u00e9rique et les efforts pour verdir l&rsquo;\u00e9conomie. Le futur budget de l&rsquo;UE doit concilier la perte financi\u00e8re li\u00e9e au d\u00e9part du contributeur britannique et les nouvelles priorit\u00e9s (climat, s\u00e9curit\u00e9, d\u00e9fense). Il faudra aussi compter avec les d\u00e9fenseurs des politiques historiques de l&rsquo;Union que sont l&rsquo;agriculture et la coh\u00e9sion, dans lesquelles la Commission Juncker voulait tailler pour trouver des \u00e9conomies.<\/p>\n<\/blockquote>\n<p class=\"rtejustify\"><em>F. Z. T.<\/em><\/p>\n<\/div>\n<p>Auteur: hlafriqi<br \/>\n<a href=\"https:\/\/www.leconomiste.com\/article\/1054421-budget-climat-brexit-le-menu-du-dernier-sommet-de-l-annee\">Cliquez ici pour lire l&rsquo;article depuis sa source.<\/a><\/p>\n","protected":false},"excerpt":{"rendered":"<p>L&rsquo;agenda promet des discussions ardues La r\u00e9union se tiendra \u00e0 27 Les dirigeants europ\u00e9ens se retrouvent jeudi et vendredi \u00e0 Bruxelles pour leur dernier sommet de l&rsquo;ann\u00e9e. A l\u2019ordre du jour: budget de l&rsquo;UE, strat\u00e9gie climatique \u00e0 long terme ou encore relations avec le Royaume-Uni apr\u00e8s le Brexit. Il s\u2019agit du premier sommet de Charles [&hellip;]<\/p>\n","protected":false},"author":1763,"featured_media":0,"comment_status":"closed","ping_status":"closed","sticky":false,"template":"","format":"standard","meta":{"fifu_image_url":"","fifu_image_alt":"","footnotes":""},"categories":[78,54],"tags":[],"class_list":["post-70119","post","type-post","status-publish","format-standard","hentry","category-economie","category-maroc"],"_links":{"self":[{"href":"https:\/\/linitiative.ca\/International\/wp-json\/wp\/v2\/posts\/70119","targetHints":{"allow":["GET"]}}],"collection":[{"href":"https:\/\/linitiative.ca\/International\/wp-json\/wp\/v2\/posts"}],"about":[{"href":"https:\/\/linitiative.ca\/International\/wp-json\/wp\/v2\/types\/post"}],"author":[{"embeddable":true,"href":"https:\/\/linitiative.ca\/International\/wp-json\/wp\/v2\/users\/1763"}],"replies":[{"embeddable":true,"href":"https:\/\/linitiative.ca\/International\/wp-json\/wp\/v2\/comments?post=70119"}],"version-history":[{"count":0,"href":"https:\/\/linitiative.ca\/International\/wp-json\/wp\/v2\/posts\/70119\/revisions"}],"wp:attachment":[{"href":"https:\/\/linitiative.ca\/International\/wp-json\/wp\/v2\/media?parent=70119"}],"wp:term":[{"taxonomy":"category","embeddable":true,"href":"https:\/\/linitiative.ca\/International\/wp-json\/wp\/v2\/categories?post=70119"},{"taxonomy":"post_tag","embeddable":true,"href":"https:\/\/linitiative.ca\/International\/wp-json\/wp\/v2\/tags?post=70119"}],"curies":[{"name":"wp","href":"https:\/\/api.w.org\/{rel}","templated":true}]}}