{"id":70120,"date":"2019-12-13T06:00:00","date_gmt":"2019-12-13T11:00:00","guid":{"rendered":"https:\/\/linitiative.ca\/International\/cafes-hors-la-loi-la-demolition-commence\/"},"modified":"2019-12-13T06:00:00","modified_gmt":"2019-12-13T11:00:00","slug":"cafes-hors-la-loi-la-demolition-commence","status":"publish","type":"post","link":"https:\/\/linitiative.ca\/International\/cafes-hors-la-loi-la-demolition-commence\/","title":{"rendered":"Caf\u00e9s hors la loi:  La d\u00e9molition commence!"},"content":{"rendered":"<div class=\"dnd-atom-wrapper type-image context-sdl_editor_representation\" contenteditable=\"false\">\n<div class=\"dnd-drop-wrapper image\"><img loading=\"lazy\" decoding=\"async\" typeof=\"foaf:Image\" class=\"img-responsive\" src=\"https:\/\/www.leconomiste.com\/sites\/default\/files\/eco7\/public\/thumbnails\/image\/cafes-domaines-public-053.jpg\" width=\"660\" height=\"330\" alt=\"cafes-domaines-public-053.jpg\" title=\"cafes-domaines-public-053.jpg\"\/><\/div>\n<\/div>\n<p class=\"rtejustify\">La chasse aux caf\u00e9s hors la loi a commenc\u00e9 \u00e0 Casablanca. La semaine derni\u00e8re, pas moins de 22 \u00e9tablissements ont \u00e9t\u00e9 la cible des forces de la police administrative. Plusieurs terrasses ont m\u00eame \u00e9t\u00e9 ras\u00e9es. Une d\u00e9marche que nos lecteurs attendaient depuis longtemps\u2026 <a href=\"https:\/\/leconomiste.com\/archive\/edition\/5648\" target=\"_blank\" rel=\"noopener noreferrer\"><span class=\"c4\"><strong><em>(cf. notre \u00e9dition du 05 \/12 \/2019)<\/em><\/strong><\/span><\/a><\/p>\n<p class=\"rtejustify\"><strong>\u25a0 A quand Sidi Belyout?<\/strong><br \/>Une belle initiative, quoique un peu tardive\u2026 quand cette mesure sera-t-elle appliqu\u00e9e aux autres arrondissements de la ville? Je parle entre autre de la commune de Sidi Belyout mais \u00e9galement des art\u00e8res du quartier Gauthier, qui pr\u00e9sentent des cas d\u2019occupation du domaine public inadmissibles! Il suffit de se rendre sur place pour constater ce d\u00e9sordre path\u00e9tique.<\/p>\n<p class=\"rtejustify\"><em>O.S.<\/em><\/p>\n<p class=\"rtejustify\"><strong>\u25a0 Pour avoir attendu aussi longtemps?<\/strong><br \/>Pourquoi avoir attendu toutes ces ann\u00e9es pour agir? Depuis belle lurette, de nombreux caf\u00e9s et autre \u00e9tablissements de restauration occupent sans scrupule les trottoirs sans que les autorit\u00e9s ne bougent d\u2019un iota.<br \/><em>H.S.<\/em><\/p>\n<p class=\"rtejustify\"><strong>\u25a0 Quid des vendeurs ambulants?<\/strong><br \/>Il faut mettre fin en premier \u00e0 l\u2019activit\u00e9 des vendeurs ambulants. Ceux-ci occupent en effet jours et nuits le domaine public, g\u00eanant le parcours des pi\u00e9tons et laissant des ordures sur le bord des routes!<br \/><em>S.M.<\/em><\/p>\n<p class=\"rtejustify\"><strong>\u25a0 Les autres formes de l\u2019anarchie<\/strong><br \/>Quid des garagistes, des \u00e9piceries ou encore des coiffeurs? Autrement dit le probl\u00e8me concerne presque tous les commerces donnant sur une rue ou une avenue pi\u00e9tonne\u2026 Une v\u00e9ritable anarchie!<br \/><em>O.A.<\/em><\/p>\n<div class=\"dnd-atom-wrapper type-image context-sdl_editor_representation\" contenteditable=\"false\">\n<div class=\"dnd-drop-wrapper image\"><img loading=\"lazy\" decoding=\"async\" typeof=\"foaf:Image\" class=\"img-responsive\" src=\"https:\/\/www.leconomiste.com\/sites\/default\/files\/eco7\/public\/thumbnails\/image\/cari-cl-053.jpg\" width=\"800\" height=\"513\" alt=\"cari-cl-053.jpg\" title=\"cari-cl-053.jpg\"\/><\/div>\n<\/div>\n<p class=\"rtecenter\"><em><strong><u>\u00a0\u00a0\u00a0\u00a0\u00a0\u00a0\u00a0\u00a0\u00a0\u00a0\u00a0\u00a0\u00a0\u00a0\u00a0\u00a0\u00a0\u00a0\u00a0\u00a0\u00a0\u00a0\u00a0\u00a0\u00a0\u00a0\u00a0\u00a0\u00a0\u00a0\u00a0\u00a0\u00a0\u00a0\u00a0\u00a0\u00a0\u00a0\u00a0\u00a0\u00a0\u00a0\u00a0\u00a0\u00a0\u00a0\u00a0\u00a0\u00a0\u00a0\u00a0\u00a0\u00a0\u00a0\u00a0\u00a0\u00a0\u00a0\u00a0\u00a0\u00a0\u00a0\u00a0\u00a0\u00a0\u00a0\u00a0\u00a0\u00a0\u00a0\u00a0\u00a0\u00a0\u00a0\u00a0\u00a0\u00a0\u00a0\u00a0\u00a0\u00a0\u00a0\u00a0<\/u><\/strong><\/em><\/p>\n<p class=\"rtecenter\"><strong>Mendicit\u00e9 des enfants: Enfin un plan national sur les rails!<\/strong><\/p>\n<p class=\"rtejustify\">Un plan d\u2019action national pour lutter contre l\u2019exploitation des enfants \u00e0 des fins de mendicit\u00e9 a r\u00e9cemment \u00e9t\u00e9 lanc\u00e9 \u00e0 Rabat en vue d\u2019\u00eatre g\u00e9n\u00e9ralis\u00e9 dans toutes les r\u00e9gions. Objectif: combattre un ph\u00e9nom\u00e8ne qui se g\u00e9n\u00e9ralise dans des villes comme Casablanca et Rabat. Un programme qui a fait r\u00e9agir bon nombre de nos lecteurs\u2026 <a href=\"https:\/\/leconomiste.com\/archive\/edition\/5648\" target=\"_blank\" rel=\"noopener noreferrer\"><span class=\"c4\"><strong><em>(cf. notre \u00e9dition du 05 \/12 \/2019)\u00a0 \u00a0<\/em><\/strong><\/span><\/a><\/p>\n<p><strong>\u25a0 Sanctionnons les mendiants professionnels<\/strong><br \/>Tr\u00e8s bonne id\u00e9e ce programme! N\u00e9anmoins, avant toute chose, il faut sanctionner les loueurs d\u2019enfants ainsi que les parents de ces derniers. Prenons des mesures s\u00e9v\u00e8res \u00e0 l\u2019encontre de ces mendiants professionnels qui vont souvent jusqu\u2019\u00e0 droguer ces jeunes. Je propose d\u2019organiser des traques men\u00e9es par les forces de l\u2019ordre aux feux rouges, sur les avenues, \u00e0 l\u2019entr\u00e9e des mosqu\u00e9es et dans les souks. C\u2019est un ph\u00e9nom\u00e8ne honteux!<br \/><em>M.R.<\/em><br \/><strong>\u25a0 Cesser avant tout de donner de l\u2019argent<\/strong><br \/>Pour dissuader ces mendiants, il faudrait que les gens cessent de donner de l\u2019argent aux enfants et \u00e0 toute personne accompagn\u00e9e d\u2019un enfant. C\u2019est \u00e0 mon sens l\u2019unique moyen de les d\u00e9courager!\u00a0\u00a0 \u00a0<br \/><em>S.R.<\/em><\/p>\n<p class=\"rtecenter\"><em><strong><u>\u00a0\u00a0\u00a0\u00a0\u00a0\u00a0\u00a0\u00a0\u00a0\u00a0\u00a0\u00a0\u00a0\u00a0\u00a0\u00a0\u00a0\u00a0\u00a0\u00a0\u00a0\u00a0\u00a0\u00a0\u00a0\u00a0\u00a0\u00a0\u00a0\u00a0\u00a0\u00a0\u00a0\u00a0\u00a0\u00a0\u00a0\u00a0\u00a0\u00a0\u00a0\u00a0\u00a0\u00a0\u00a0\u00a0\u00a0\u00a0\u00a0\u00a0\u00a0\u00a0\u00a0\u00a0\u00a0\u00a0\u00a0\u00a0\u00a0\u00a0\u00a0\u00a0\u00a0\u00a0\u00a0\u00a0\u00a0\u00a0\u00a0\u00a0\u00a0\u00a0\u00a0\u00a0\u00a0\u00a0\u00a0\u00a0\u00a0\u00a0\u00a0\u00a0\u00a0<\/u><\/strong><\/em><\/p>\n<p class=\"rtejustify\"><strong>Festival de Marrakech: Halte au mis\u00e9rabilisme!<\/strong><br \/>Je viens d\u2019assister au festival de Marrakech. Aussi, si l\u2019on constate que les films \u00e9trangers sont beaux et entra\u00eenants, l\u2019on ne peut pas en dire autant des deux productions marocaines pr\u00e9sent\u00e9es qui baignent dans le mis\u00e9rabilisme le plus total en d\u00e9crivant essentiellement la face sombre de notre soci\u00e9t\u00e9. L\u2019un des films pr\u00e9sent\u00e9s notamment, r\u00e9alis\u00e9 par la femme de Nabil Ayouch Maryam Touzani, aborde de mani\u00e8re \u00e9mouvante le sort des femmes qui accouchent dans l\u2019ill\u00e9galit\u00e9 sous nos cieux. Alors certes, sur un plan strictement cin\u00e9matographique, les acteurs sont excellents et la r\u00e9alisation \u00e9patante. N\u00e9anmoins, le sc\u00e9nario de l\u2019\u0153uvre est beaucoup trop noir et triste. Or, lorsqu\u2019il se rend au cin\u00e9ma, le spectateur veut pouvoir r\u00eaver et \u00eatre transport\u00e9 dans des paysages sublimes ou par des r\u00e9cits d\u2019hommes et de femmes extraordinaires. Sans oublier que nous avons d\u00e9j\u00e0 les r\u00e9seaux sociaux et les journaux qui nous servent r\u00e9guli\u00e8rement notre dose quotidienne de mauvaises nouvelles. M\u00eame si les \u00e9trangers adorent ce genre d\u2019histoire, offrez-nous des films synonymes d\u2019espoir qui puissent avant tout nous divertir et nous faire oublier nos tracas du quotidien. Autre film \u00e9galement au programme, \u00abLe miracle du Saint inconnu\u00bb donne largement dans le charlatanisme. On se croirait dans le Maroc du d\u00e9but du si\u00e8cle dernier et c\u2019est juste insupportable! Un coup de chapeau n\u00e9anmoins \u00e0 l\u2019organisation et \u00e0 l\u2019accueil du festival, mais aussi \u00e0 ses nombreux hommages rendus \u00e0 des ic\u00f4nes du septi\u00e8me art! Sans oublier la diversit\u00e9 des cr\u00e9ations pr\u00e9sent\u00e9es, qui font de cet \u00e9v\u00e8nement une manifestation culturelle unique et sans pareil.<br \/><em>M.T.<\/em><\/p>\n<p class=\"rtecenter\"><em><strong><u>\u00a0\u00a0\u00a0\u00a0\u00a0\u00a0\u00a0\u00a0\u00a0\u00a0\u00a0\u00a0\u00a0\u00a0\u00a0\u00a0\u00a0\u00a0\u00a0\u00a0\u00a0\u00a0\u00a0\u00a0\u00a0\u00a0\u00a0\u00a0\u00a0\u00a0\u00a0\u00a0\u00a0\u00a0\u00a0\u00a0\u00a0\u00a0\u00a0\u00a0\u00a0\u00a0\u00a0\u00a0\u00a0\u00a0\u00a0\u00a0\u00a0\u00a0\u00a0\u00a0\u00a0\u00a0\u00a0\u00a0\u00a0\u00a0\u00a0\u00a0\u00a0\u00a0\u00a0\u00a0\u00a0\u00a0\u00a0\u00a0\u00a0\u00a0\u00a0\u00a0\u00a0\u00a0\u00a0\u00a0\u00a0\u00a0\u00a0\u00a0\u00a0\u00a0\u00a0<\/u><\/strong><\/em><\/p>\n<p class=\"rtecenter\"><strong>Activation de l\u2019alarme du tram: 2 mois de prison ferme!<\/strong><\/p>\n<div class=\"dnd-atom-wrapper type-image context-sdl_editor_representation\" contenteditable=\"false\">\n<div class=\"dnd-drop-wrapper image\"><img loading=\"lazy\" decoding=\"async\" typeof=\"foaf:Image\" class=\"img-responsive\" src=\"https:\/\/www.leconomiste.com\/sites\/default\/files\/eco7\/public\/thumbnails\/image\/tram-casa-053.jpg\" width=\"660\" height=\"330\" alt=\"tram-casa-053.jpg\" title=\"tram-casa-053.jpg\"\/><\/div>\n<\/div>\n<p class=\"rtejustify\"><strong>\u25a0 Les travaux d\u2019int\u00e9r\u00eat public plus utiles<\/strong><br \/>Il fallait condamner ce jeune \u00e0 des travaux d&rsquo;utilit\u00e9 publique, comme balayer les rues ou encore vider les poubelles. C&rsquo;est humiliant? Certes mais c&rsquo;est efficace pour \u00e9viter toute r\u00e9cidive! De plus, il ne co\u00fbtera pas son couvert et son g\u00eete fournis par la prison avec l\u2019argent des contribuables. C&rsquo;est ce type de sanction qu&rsquo;il faut d\u00e9velopper pour \u00e9duquer ces jeunes!<br \/><em>B.S.<\/em><br \/><strong>\u25a0 Une sanction qui risque de d\u00e9truire sa vie<\/strong><br \/>La prison va juste d\u00e9truire sa vie. Une dizaine de jours de travaux d\u2019int\u00e9r\u00eat g\u00e9n\u00e9ral et une amende de 500 DH auraient amplement suffi!<br \/><em>T.T.<\/em><\/p>\n<p class=\"rtejustify\">\u00a0<\/p>\n<p class=\"rtejustify\">\u00a0<\/p>\n<p>Auteur: hlafriqi<br \/>\n<a href=\"https:\/\/www.leconomiste.com\/article\/1054417-cafes-hors-la-loi-la-demolition-commence\">Cliquez ici pour lire l&rsquo;article depuis sa source.<\/a><\/p>\n","protected":false},"excerpt":{"rendered":"<p>La chasse aux caf\u00e9s hors la loi a commenc\u00e9 \u00e0 Casablanca. La semaine derni\u00e8re, pas moins de 22 \u00e9tablissements ont \u00e9t\u00e9 la cible des forces de la police administrative. Plusieurs terrasses ont m\u00eame \u00e9t\u00e9 ras\u00e9es. Une d\u00e9marche que nos lecteurs attendaient depuis longtemps\u2026 (cf. notre \u00e9dition du 05 \/12 \/2019) \u25a0 A quand Sidi Belyout?Une [&hellip;]<\/p>\n","protected":false},"author":1763,"featured_media":70121,"comment_status":"closed","ping_status":"closed","sticky":false,"template":"","format":"standard","meta":{"fifu_image_url":"","fifu_image_alt":"","footnotes":""},"categories":[78,54],"tags":[],"class_list":["post-70120","post","type-post","status-publish","format-standard","has-post-thumbnail","hentry","category-economie","category-maroc"],"_links":{"self":[{"href":"https:\/\/linitiative.ca\/International\/wp-json\/wp\/v2\/posts\/70120","targetHints":{"allow":["GET"]}}],"collection":[{"href":"https:\/\/linitiative.ca\/International\/wp-json\/wp\/v2\/posts"}],"about":[{"href":"https:\/\/linitiative.ca\/International\/wp-json\/wp\/v2\/types\/post"}],"author":[{"embeddable":true,"href":"https:\/\/linitiative.ca\/International\/wp-json\/wp\/v2\/users\/1763"}],"replies":[{"embeddable":true,"href":"https:\/\/linitiative.ca\/International\/wp-json\/wp\/v2\/comments?post=70120"}],"version-history":[{"count":0,"href":"https:\/\/linitiative.ca\/International\/wp-json\/wp\/v2\/posts\/70120\/revisions"}],"wp:featuredmedia":[{"embeddable":true,"href":"https:\/\/linitiative.ca\/International\/wp-json\/"}],"wp:attachment":[{"href":"https:\/\/linitiative.ca\/International\/wp-json\/wp\/v2\/media?parent=70120"}],"wp:term":[{"taxonomy":"category","embeddable":true,"href":"https:\/\/linitiative.ca\/International\/wp-json\/wp\/v2\/categories?post=70120"},{"taxonomy":"post_tag","embeddable":true,"href":"https:\/\/linitiative.ca\/International\/wp-json\/wp\/v2\/tags?post=70120"}],"curies":[{"name":"wp","href":"https:\/\/api.w.org\/{rel}","templated":true}]}}