{"id":70122,"date":"2019-12-13T15:14:20","date_gmt":"2019-12-13T20:14:20","guid":{"rendered":"https:\/\/linitiative.ca\/International\/international-real-madrid-une-decision-importante-a-ete-prise-pour-luka-jovic\/"},"modified":"2019-12-13T15:14:20","modified_gmt":"2019-12-13T20:14:20","slug":"international-real-madrid-une-decision-importante-a-ete-prise-pour-luka-jovic","status":"publish","type":"post","link":"https:\/\/linitiative.ca\/International\/international-real-madrid-une-decision-importante-a-ete-prise-pour-luka-jovic\/","title":{"rendered":"International : Real Madrid : Une d\u00e9cision importante \u00e0 \u00e9t\u00e9 prise pour Luka Jovic"},"content":{"rendered":"<div readability=\"32\">\n<p>Auteur : <span class=\"time\">vendredi 13 d\u00e9cembre 2019 18:30<\/span><\/p>\n<\/div>\n<div id=\"post_core\" readability=\"41\">\n<p>Mais aujourd\u2019hui, l\u2019international serbe ne s\u2019est pas impos\u00e9 et dispose de peu de temps de jeu. Concernant son avenir, il devrait se dessiner loin de la capitale espagnole. Selon Marca et Les-Transferts, les dirigeants madril\u00e8nes auraient d\u00e9cid\u00e9 de placer leur joueur sur la liste des transferts. Un pr\u00eat serait \u00e9galement possible pour qu\u2019il puisse se relancer. Le Milan AC serait int\u00e9ress\u00e9, et d\u2019autres \u00e9quipes europ\u00e9ennes devraient \u00e9galement se placer pour le joueur.<\/p>\n<p><strong>Publi\u00e9 dans :<\/strong> <span>Real<\/span> <span>Jovic<\/span><\/p>\n<\/div>\n<p>Auteur:<br \/>\n<a href=\"http:\/\/www.lebuteur.com\/article\/detail?titre=real-madrid-une-decision-importante-a-ete-prise-pour-luka-jovic&#038;id=93547&#038;utm_source=feedburner&#038;utm_medium=feed&#038;utm_campaign=Feed%3A+GalerieFArtciles+%28Les+derniers+articles++-+lebuteur.com%29\">Cliquez ici pour lire l&rsquo;article depuis sa source.<\/a><\/p>\n","protected":false},"excerpt":{"rendered":"<p>Auteur : vendredi 13 d\u00e9cembre 2019 18:30 Mais aujourd\u2019hui, l\u2019international serbe ne s\u2019est pas impos\u00e9 et dispose de peu de temps de jeu. Concernant son avenir, il devrait se dessiner loin de la capitale espagnole. Selon Marca et Les-Transferts, les dirigeants madril\u00e8nes auraient d\u00e9cid\u00e9 de placer leur joueur sur la liste des transferts. Un pr\u00eat [&hellip;]<\/p>\n","protected":false},"author":1738,"featured_media":70123,"comment_status":"closed","ping_status":"closed","sticky":false,"template":"","format":"standard","meta":{"fifu_image_url":"","fifu_image_alt":"","footnotes":""},"categories":[53,75],"tags":[],"class_list":["post-70122","post","type-post","status-publish","format-standard","has-post-thumbnail","hentry","category-algerie","category-sport"],"_links":{"self":[{"href":"https:\/\/linitiative.ca\/International\/wp-json\/wp\/v2\/posts\/70122","targetHints":{"allow":["GET"]}}],"collection":[{"href":"https:\/\/linitiative.ca\/International\/wp-json\/wp\/v2\/posts"}],"about":[{"href":"https:\/\/linitiative.ca\/International\/wp-json\/wp\/v2\/types\/post"}],"author":[{"embeddable":true,"href":"https:\/\/linitiative.ca\/International\/wp-json\/wp\/v2\/users\/1738"}],"replies":[{"embeddable":true,"href":"https:\/\/linitiative.ca\/International\/wp-json\/wp\/v2\/comments?post=70122"}],"version-history":[{"count":0,"href":"https:\/\/linitiative.ca\/International\/wp-json\/wp\/v2\/posts\/70122\/revisions"}],"wp:featuredmedia":[{"embeddable":true,"href":"https:\/\/linitiative.ca\/International\/wp-json\/"}],"wp:attachment":[{"href":"https:\/\/linitiative.ca\/International\/wp-json\/wp\/v2\/media?parent=70122"}],"wp:term":[{"taxonomy":"category","embeddable":true,"href":"https:\/\/linitiative.ca\/International\/wp-json\/wp\/v2\/categories?post=70122"},{"taxonomy":"post_tag","embeddable":true,"href":"https:\/\/linitiative.ca\/International\/wp-json\/wp\/v2\/tags?post=70122"}],"curies":[{"name":"wp","href":"https:\/\/api.w.org\/{rel}","templated":true}]}}