{"id":70124,"date":"2019-12-13T15:14:22","date_gmt":"2019-12-13T20:14:22","guid":{"rendered":"https:\/\/linitiative.ca\/International\/pros-monaco-slimani-fait-son-retour-face-a-angers\/"},"modified":"2019-12-13T15:14:22","modified_gmt":"2019-12-13T20:14:22","slug":"pros-monaco-slimani-fait-son-retour-face-a-angers","status":"publish","type":"post","link":"https:\/\/linitiative.ca\/International\/pros-monaco-slimani-fait-son-retour-face-a-angers\/","title":{"rendered":"Pros : Monaco : Slimani fait son retour face \u00e0 Angers"},"content":{"rendered":"<div readability=\"32\">\n<p>Auteur : <span class=\"time\">vendredi 13 d\u00e9cembre 2019 19:10<\/span><\/p>\n<\/div>\n<div id=\"post_core\" readability=\"35\">\n<p>Le meilleur passeur du championnat fran\u00e7ais slam Slimani fait son retour sur les terrains ce week-end apr\u00e8s avoir purg\u00e9 ses deux matches de suspension. L&rsquo;AS Monaco vient de communiquer le groupe de joueurs convoqu\u00e9s pour le d\u00e9placement \u00e0 Angers de la 18e journ\u00e9e de Ligue 1 comme le rapporte Onzemondial :<\/p>\n<p><img decoding=\"async\" alt=\"\" src=\"https:\/\/pbs.twimg.com\/media\/ELrmU8GXsAMN0vJ.jpg:large\" class=\"c1\"\/><\/p>\n<p><strong>Publi\u00e9 dans :<\/strong> <span>monaco<\/span><\/p>\n<\/div>\n<p>Auteur:<br \/>\n<a href=\"http:\/\/www.lebuteur.com\/article\/detail?titre=monaco-slimani-fait-son-retour-face-a-angers&#038;id=93548&#038;utm_source=feedburner&#038;utm_medium=feed&#038;utm_campaign=Feed%3A+GalerieFArtciles+%28Les+derniers+articles++-+lebuteur.com%29\">Cliquez ici pour lire l&rsquo;article depuis sa source.<\/a><\/p>\n","protected":false},"excerpt":{"rendered":"<p>Auteur : vendredi 13 d\u00e9cembre 2019 19:10 Le meilleur passeur du championnat fran\u00e7ais slam Slimani fait son retour sur les terrains ce week-end apr\u00e8s avoir purg\u00e9 ses deux matches de suspension. L&rsquo;AS Monaco vient de communiquer le groupe de joueurs convoqu\u00e9s pour le d\u00e9placement \u00e0 Angers de la 18e journ\u00e9e de Ligue 1 comme le [&hellip;]<\/p>\n","protected":false},"author":1738,"featured_media":0,"comment_status":"closed","ping_status":"closed","sticky":false,"template":"","format":"standard","meta":{"fifu_image_url":"","fifu_image_alt":"","footnotes":""},"categories":[53,75],"tags":[],"class_list":["post-70124","post","type-post","status-publish","format-standard","hentry","category-algerie","category-sport"],"_links":{"self":[{"href":"https:\/\/linitiative.ca\/International\/wp-json\/wp\/v2\/posts\/70124","targetHints":{"allow":["GET"]}}],"collection":[{"href":"https:\/\/linitiative.ca\/International\/wp-json\/wp\/v2\/posts"}],"about":[{"href":"https:\/\/linitiative.ca\/International\/wp-json\/wp\/v2\/types\/post"}],"author":[{"embeddable":true,"href":"https:\/\/linitiative.ca\/International\/wp-json\/wp\/v2\/users\/1738"}],"replies":[{"embeddable":true,"href":"https:\/\/linitiative.ca\/International\/wp-json\/wp\/v2\/comments?post=70124"}],"version-history":[{"count":0,"href":"https:\/\/linitiative.ca\/International\/wp-json\/wp\/v2\/posts\/70124\/revisions"}],"wp:attachment":[{"href":"https:\/\/linitiative.ca\/International\/wp-json\/wp\/v2\/media?parent=70124"}],"wp:term":[{"taxonomy":"category","embeddable":true,"href":"https:\/\/linitiative.ca\/International\/wp-json\/wp\/v2\/categories?post=70124"},{"taxonomy":"post_tag","embeddable":true,"href":"https:\/\/linitiative.ca\/International\/wp-json\/wp\/v2\/tags?post=70124"}],"curies":[{"name":"wp","href":"https:\/\/api.w.org\/{rel}","templated":true}]}}