{"id":70127,"date":"2019-12-13T15:14:25","date_gmt":"2019-12-13T20:14:25","guid":{"rendered":"https:\/\/linitiative.ca\/International\/pros-monaco-ben-yedder-slimani-etait-frustre-mais-il-a-compris\/"},"modified":"2019-12-13T15:14:25","modified_gmt":"2019-12-13T20:14:25","slug":"pros-monaco-ben-yedder-slimani-etait-frustre-mais-il-a-compris","status":"publish","type":"post","link":"https:\/\/linitiative.ca\/International\/pros-monaco-ben-yedder-slimani-etait-frustre-mais-il-a-compris\/","title":{"rendered":"Pros : Monaco &#8211; Ben Yedder : \u00ab\u00a0Slimani \u00e9tait frustr\u00e9 mais il a compris\u00a0\u00bb"},"content":{"rendered":"<div readability=\"32\">\n<p>Auteur : <span class=\"time\">vendredi 13 d\u00e9cembre 2019 20:25<\/span><\/p>\n<\/div>\n<div id=\"post_core\" readability=\"53\">\n<p>Pour le moment, l&rsquo;AS Monaco ne pointe qu&rsquo;\u00e0 la onzi\u00e8me place en Ligue 1, mais son salut passe par la r\u00e9ussite du duo Ben Yedder-Slimani. En conf\u00e9rence de presse, Wissam Ben Yedder a comment\u00e9 sa connexion\u00a0avec\u00a0son co\u00e9quipier en attaque :\u00a0<\/p>\n<p>\u00ab\u00a0Slimani a manqu\u00e9\u00a0? Ce n\u2019est pas qu\u2019un seul joueur. On a d\u2019autres joueurs qui peuvent le remplacer, faire le boulot. On sait que c\u2019est un \u00e9l\u00e9ment important. Il nous a beaucoup aid\u00e9 depuis le d\u00e9but de la saison. On aura besoin de lui dans les matches compliqu\u00e9s. Aujourd\u2019hui, il revient. Je suis content pour lui. J\u2019essaye de lui donner de la force\u00a0\u00bb.<\/p>\n<p>Comme on l\u2019a vu sur son carton rouge, il \u00e9tait frustr\u00e9. Il a compris et il va se donner \u00e0 fond pour l\u2019\u00e9quipe. J\u2019en ferais de m\u00eame.\u00a0On a une bonne compl\u00e9mentarit\u00e9. On arrive \u00e0 bien se trouver, on essaye de cr\u00e9er des espaces sur la ligne d\u00e9fensive. Il utilise sa qualit\u00e9 et pareil de mon c\u00f4t\u00e9. Sa qualit\u00e9\u00a0? Vous l\u2019avez vu, il est capable d\u2019\u00eatre passeur et finir. Vous l\u2019avez tous vu comme moi. Donc \u00e7a aide l\u2019\u00e9quipe\u00a0\u00bb, a ajout\u00e9 l&rsquo;international fran\u00e7ais comme rapport\u00e9 par Goal.<\/p>\n<p><strong>Publi\u00e9 dans :<\/strong> <span>monaco<\/span><\/p>\n<\/div>\n<p>Auteur:<br \/>\n<a href=\"http:\/\/www.lebuteur.com\/article\/detail?titre=monaco-ben-yedder-slimani-etait-frustre-mais-il-a-compris&#038;id=93551&#038;utm_source=feedburner&#038;utm_medium=feed&#038;utm_campaign=Feed%3A+GalerieFArtciles+%28Les+derniers+articles++-+lebuteur.com%29\">Cliquez ici pour lire l&rsquo;article depuis sa source.<\/a><\/p>\n","protected":false},"excerpt":{"rendered":"<p>Auteur : vendredi 13 d\u00e9cembre 2019 20:25 Pour le moment, l&rsquo;AS Monaco ne pointe qu&rsquo;\u00e0 la onzi\u00e8me place en Ligue 1, mais son salut passe par la r\u00e9ussite du duo Ben Yedder-Slimani. En conf\u00e9rence de presse, Wissam Ben Yedder a comment\u00e9 sa connexion\u00a0avec\u00a0son co\u00e9quipier en attaque :\u00a0 \u00ab\u00a0Slimani a manqu\u00e9\u00a0? Ce n\u2019est pas qu\u2019un seul [&hellip;]<\/p>\n","protected":false},"author":1738,"featured_media":70128,"comment_status":"closed","ping_status":"closed","sticky":false,"template":"","format":"standard","meta":{"fifu_image_url":"","fifu_image_alt":"","footnotes":""},"categories":[53,75],"tags":[],"class_list":["post-70127","post","type-post","status-publish","format-standard","has-post-thumbnail","hentry","category-algerie","category-sport"],"_links":{"self":[{"href":"https:\/\/linitiative.ca\/International\/wp-json\/wp\/v2\/posts\/70127","targetHints":{"allow":["GET"]}}],"collection":[{"href":"https:\/\/linitiative.ca\/International\/wp-json\/wp\/v2\/posts"}],"about":[{"href":"https:\/\/linitiative.ca\/International\/wp-json\/wp\/v2\/types\/post"}],"author":[{"embeddable":true,"href":"https:\/\/linitiative.ca\/International\/wp-json\/wp\/v2\/users\/1738"}],"replies":[{"embeddable":true,"href":"https:\/\/linitiative.ca\/International\/wp-json\/wp\/v2\/comments?post=70127"}],"version-history":[{"count":0,"href":"https:\/\/linitiative.ca\/International\/wp-json\/wp\/v2\/posts\/70127\/revisions"}],"wp:featuredmedia":[{"embeddable":true,"href":"https:\/\/linitiative.ca\/International\/wp-json\/"}],"wp:attachment":[{"href":"https:\/\/linitiative.ca\/International\/wp-json\/wp\/v2\/media?parent=70127"}],"wp:term":[{"taxonomy":"category","embeddable":true,"href":"https:\/\/linitiative.ca\/International\/wp-json\/wp\/v2\/categories?post=70127"},{"taxonomy":"post_tag","embeddable":true,"href":"https:\/\/linitiative.ca\/International\/wp-json\/wp\/v2\/tags?post=70127"}],"curies":[{"name":"wp","href":"https:\/\/api.w.org\/{rel}","templated":true}]}}