{"id":70131,"date":"2019-12-12T18:00:00","date_gmt":"2019-12-12T23:00:00","guid":{"rendered":"https:\/\/linitiative.ca\/International\/vote-de-la-communaute-nationale-boukadoum-denonce-les-agressions\/"},"modified":"2019-12-12T18:00:00","modified_gmt":"2019-12-12T23:00:00","slug":"vote-de-la-communaute-nationale-boukadoum-denonce-les-agressions","status":"publish","type":"post","link":"https:\/\/linitiative.ca\/International\/vote-de-la-communaute-nationale-boukadoum-denonce-les-agressions\/","title":{"rendered":"Vote de la communaut\u00e9 nationale : Boukadoum d\u00e9nonce les agressions"},"content":{"rendered":"<p>Le ministre des Affaires \u00e9trang\u00e8res, Sabri Boukadoum a d\u00e9nonc\u00e9, jeudi \u00e0 Alger, \u00ables agressions\u00bb contre des membres de la communaut\u00e9 nationale \u00e9tablie \u00e0 l\u2019\u00e9tranger lors de l\u2019accomplissement de leur devoir \u00e9lectoral, dans le cadre de la pr\u00e9sidentielle du 12 d\u00e9cembre, soulignant que des mesures juridiques seront prises dans le cas o\u00f9 des plaintes sont d\u00e9pos\u00e9es contre ces agissements \u00abinacceptables\u00bb.\u00a0 Dans une d\u00e9claration \u00e0 la presse nationale et \u00e9trang\u00e8re apr\u00e8s l\u2019accomplissement de son devoir \u00e9lectoral, M. Boukadoum a condamn\u00e9 \u00ables agressions verbales et physiques\u00bb contre des membres de la communaut\u00e9 alg\u00e9rienne \u00e9tablie \u00e0 l\u2019\u00e9tranger lors du vote pour l\u2019\u00e9lection pr\u00e9sidentielle, indiquant que ces agissements \u00abqui ne repr\u00e9sentent pas l\u2019Alg\u00e9rien\u00bb feront l\u2019objet de poursuites judiciaires dans le cas o\u00f9 des plaintes sont d\u00e9pos\u00e9es, comme c\u2019est de mise de par le monde.<br \/>Le ministre a indiqu\u00e9 avoir donn\u00e9 des instructions aux diplomates pour d\u00e9poser des plaintes \u00e0 l\u2019encontre des auteurs d\u2019agressions ayant cibl\u00e9 les biens et les repr\u00e9sentations consulaires et diplomatiques. Indiquant qu\u2019il n\u2019y avait pas beaucoup de cas d\u2019agressions, le ministre a d\u00e9clar\u00e9: \u00abje ne dis pas qu\u2019il y a eu un manquement sur plan s\u00e9curitaire, mais on ne s\u2019attendait pas \u00e0 ce genre d\u2019agressions, notamment contre des femmes.<br \/>Ces actes qui ne se sont pas limit\u00e9s aux repr\u00e9sentations diplomatiques, ont \u00e9galement cibl\u00e9 des moyens de transport, \u00e0 l\u2019instar du m\u00e9tro\u00bb. \u00abComment ces agresseurs peuvent-ils parler au nom de la d\u00e9mocratie et rejeter toute opinion contraire\u00bb, s\u2019est-il interrog\u00e9, arguant \u00ablaissez ceux qui veulent voter choisir celui qu\u2019ils estiment apte \u00e0 les repr\u00e9senter\u00bb. Concernant l\u2019absence d\u2019observateurs internationaux pour surveiller cet \u00e9v\u00e8nement, le chef de la diplomatie alg\u00e9rienne a rappel\u00e9 que le citoyen \u00abdemeure le premier observateur de la r\u00e9gularit\u00e9 des \u00e9lections\u00bb.<br \/>\u00a0<\/p>\n<p>Auteur: elmoudjahid<br \/>\n<a href=\"http:\/\/www.elmoudjahid.com\/fr\/actualites\/145753\">Cliquez ici pour lire l&rsquo;article depuis sa source.<\/a><\/p>\n","protected":false},"excerpt":{"rendered":"<p>Le ministre des Affaires \u00e9trang\u00e8res, Sabri Boukadoum a d\u00e9nonc\u00e9, jeudi \u00e0 Alger, \u00ables agressions\u00bb contre des membres de la communaut\u00e9 nationale \u00e9tablie \u00e0 l\u2019\u00e9tranger lors de l\u2019accomplissement de leur devoir \u00e9lectoral, dans le cadre de la pr\u00e9sidentielle du 12 d\u00e9cembre, soulignant que des mesures juridiques seront prises dans le cas o\u00f9 des plaintes sont d\u00e9pos\u00e9es [&hellip;]<\/p>\n","protected":false},"author":1744,"featured_media":0,"comment_status":"closed","ping_status":"closed","sticky":false,"template":"","format":"standard","meta":{"fifu_image_url":"","fifu_image_alt":"","footnotes":""},"categories":[73,53],"tags":[],"class_list":["post-70131","post","type-post","status-publish","format-standard","hentry","category-actualite","category-algerie"],"_links":{"self":[{"href":"https:\/\/linitiative.ca\/International\/wp-json\/wp\/v2\/posts\/70131","targetHints":{"allow":["GET"]}}],"collection":[{"href":"https:\/\/linitiative.ca\/International\/wp-json\/wp\/v2\/posts"}],"about":[{"href":"https:\/\/linitiative.ca\/International\/wp-json\/wp\/v2\/types\/post"}],"author":[{"embeddable":true,"href":"https:\/\/linitiative.ca\/International\/wp-json\/wp\/v2\/users\/1744"}],"replies":[{"embeddable":true,"href":"https:\/\/linitiative.ca\/International\/wp-json\/wp\/v2\/comments?post=70131"}],"version-history":[{"count":0,"href":"https:\/\/linitiative.ca\/International\/wp-json\/wp\/v2\/posts\/70131\/revisions"}],"wp:attachment":[{"href":"https:\/\/linitiative.ca\/International\/wp-json\/wp\/v2\/media?parent=70131"}],"wp:term":[{"taxonomy":"category","embeddable":true,"href":"https:\/\/linitiative.ca\/International\/wp-json\/wp\/v2\/categories?post=70131"},{"taxonomy":"post_tag","embeddable":true,"href":"https:\/\/linitiative.ca\/International\/wp-json\/wp\/v2\/tags?post=70131"}],"curies":[{"name":"wp","href":"https:\/\/api.w.org\/{rel}","templated":true}]}}