{"id":70132,"date":"2019-12-12T18:00:00","date_gmt":"2019-12-12T23:00:00","guid":{"rendered":"https:\/\/linitiative.ca\/International\/presse-etrangere-une-soixantaine-de-medias-accredites\/"},"modified":"2019-12-12T18:00:00","modified_gmt":"2019-12-12T23:00:00","slug":"presse-etrangere-une-soixantaine-de-medias-accredites","status":"publish","type":"post","link":"https:\/\/linitiative.ca\/International\/presse-etrangere-une-soixantaine-de-medias-accredites\/","title":{"rendered":"Presse \u00e9trang\u00e8re :  Une soixantaine de m\u00e9dias accr\u00e9dit\u00e9s"},"content":{"rendered":"<p>Plus de 180 journalistes, photographes et techniciens repr\u00e9sentants une soixantaine de m\u00e9dias \u00e9trangers \u00e9taient accr\u00e9dit\u00e9s pour la couverture du scrutin pr\u00e9sidentiel, a appris l\u2019APS aupr\u00e8s de l\u2019ANIE.Parmi ce nombre, 125 hommes des m\u00e9dias \u00e9trangers avaient \u00e9t\u00e9 accr\u00e9dit\u00e9s d\u2019une fa\u00e7on temporaire (du 7 au 14 d\u00e9cembre) pour la couverture de l\u2019\u00e9lection pr\u00e9sidentielle, tandis que 55 correspondants permanant de m\u00e9dias \u00e9trangers \u00e9tablis en Alg\u00e9rie ont \u00e9galement \u00e9t\u00e9 autoris\u00e9s \u00e0 couvrir cet \u00e9v\u00e8nement, a indiqu\u00e9 le vice-pr\u00e9sident de l\u2019ANIE, Abdelhafid Milat. M. Milat a \u00e9galement affirm\u00e9 que toutes les facilit\u00e9s avaient \u00e9t\u00e9 accord\u00e9es aux \u00e9quipes de la presse \u00e9trang\u00e8re qui pouvaient \u00abcirculer librement\u00bb \u00e0 travers le territoire national et assurer leur couverture en \u00abtoute transparence\u00bb. Ces \u00e9quipes de presse \u00e9taient venues, notamment d\u2019Espagne, France, Italie, Allemagne, Royaume-Uni, Etats-Unis, Russie, Japon, Vietnam, ainsi que plusieurs pays arabes. Ils repr\u00e9sentaient les diff\u00e9rents organes de la presse \u00e9crite, audiovisuelle, radiophonique internationale, mais \u00e9galement des agences de presses r\u00e9gionales et mondiales. Bon nombre de ces journalistes et leurs \u00e9quipes techniques \u00e9taient d\u00e9ploy\u00e9s \u00e0 travers le territoire national pour la couverture m\u00e9diatique du scrutin pr\u00e9sidentiel, notamment dans les grandes villes, mais ils \u00e9taient \u00e9galement pr\u00e9sents \u00aben force\u00bb au Centre international des conf\u00e9rences (CIC) aux c\u00f4t\u00e9s de leurs homologues alg\u00e9riens. Ils suivaient et transmettaient en direct, au profit de leurs organes, les conf\u00e9rences de presse organis\u00e9es par le Pr\u00e9sident de l\u2019ANIE, Mohamed Charfi, faisant \u00e9tat du d\u00e9roulement de l\u2019\u00e9lection, les taux de participation, ainsi les conditions d\u2019organisation du scrutin toute au long de la journ\u00e9e de jeudi.<br \/>\u00a0<\/p>\n<p>Auteur: elmoudjahid<br \/>\n<a href=\"http:\/\/www.elmoudjahid.com\/fr\/actualites\/145754\">Cliquez ici pour lire l&rsquo;article depuis sa source.<\/a><\/p>\n","protected":false},"excerpt":{"rendered":"<p>Plus de 180 journalistes, photographes et techniciens repr\u00e9sentants une soixantaine de m\u00e9dias \u00e9trangers \u00e9taient accr\u00e9dit\u00e9s pour la couverture du scrutin pr\u00e9sidentiel, a appris l\u2019APS aupr\u00e8s de l\u2019ANIE.Parmi ce nombre, 125 hommes des m\u00e9dias \u00e9trangers avaient \u00e9t\u00e9 accr\u00e9dit\u00e9s d\u2019une fa\u00e7on temporaire (du 7 au 14 d\u00e9cembre) pour la couverture de l\u2019\u00e9lection pr\u00e9sidentielle, tandis que 55 correspondants [&hellip;]<\/p>\n","protected":false},"author":1744,"featured_media":0,"comment_status":"closed","ping_status":"closed","sticky":false,"template":"","format":"standard","meta":{"fifu_image_url":"","fifu_image_alt":"","footnotes":""},"categories":[73,53],"tags":[],"class_list":["post-70132","post","type-post","status-publish","format-standard","hentry","category-actualite","category-algerie"],"_links":{"self":[{"href":"https:\/\/linitiative.ca\/International\/wp-json\/wp\/v2\/posts\/70132","targetHints":{"allow":["GET"]}}],"collection":[{"href":"https:\/\/linitiative.ca\/International\/wp-json\/wp\/v2\/posts"}],"about":[{"href":"https:\/\/linitiative.ca\/International\/wp-json\/wp\/v2\/types\/post"}],"author":[{"embeddable":true,"href":"https:\/\/linitiative.ca\/International\/wp-json\/wp\/v2\/users\/1744"}],"replies":[{"embeddable":true,"href":"https:\/\/linitiative.ca\/International\/wp-json\/wp\/v2\/comments?post=70132"}],"version-history":[{"count":0,"href":"https:\/\/linitiative.ca\/International\/wp-json\/wp\/v2\/posts\/70132\/revisions"}],"wp:attachment":[{"href":"https:\/\/linitiative.ca\/International\/wp-json\/wp\/v2\/media?parent=70132"}],"wp:term":[{"taxonomy":"category","embeddable":true,"href":"https:\/\/linitiative.ca\/International\/wp-json\/wp\/v2\/categories?post=70132"},{"taxonomy":"post_tag","embeddable":true,"href":"https:\/\/linitiative.ca\/International\/wp-json\/wp\/v2\/tags?post=70132"}],"curies":[{"name":"wp","href":"https:\/\/api.w.org\/{rel}","templated":true}]}}