{"id":70137,"date":"2019-12-13T09:12:48","date_gmt":"2019-12-13T14:12:48","guid":{"rendered":"https:\/\/linitiative.ca\/International\/98920-classement-fifa-des-dames-l-algerie-termine-l-annee-a-la-84e-place\/"},"modified":"2019-12-13T09:12:48","modified_gmt":"2019-12-13T14:12:48","slug":"98920-classement-fifa-des-dames-l-algerie-termine-l-annee-a-la-84e-place","status":"publish","type":"post","link":"https:\/\/linitiative.ca\/International\/98920-classement-fifa-des-dames-l-algerie-termine-l-annee-a-la-84e-place\/","title":{"rendered":"Classement FIFA des dames : l&rsquo;Alg\u00e9rie termine l&rsquo;ann\u00e9e \u00e0 la 84e place"},"content":{"rendered":"<div readability=\"37\">\n<p><strong>ZURICH &#8211; La s\u00e9lection alg\u00e9rienne f\u00e9minine de football a gagn\u00e9 encore une place au classement de la FIFA, du mois de d\u00e9cembre, r\u00e9actualis\u00e9 vendredi et publi\u00e9 sur son site internet, et termine l&rsquo;ann\u00e9e 2019 \u00e0 la 84e position.<\/strong><\/p>\n<\/div>\n<div readability=\"63\">\n<p>Au niveau africain domin\u00e9 par le Nigeria 39e mondial (-3 places), les Alg\u00e9riennes pointent au 9e rang, devan\u00e7ait par \u00e9galement par,\u00a0 le Cameroun 49e (-3 places), l&rsquo;Afrique du Sud (55e), Ghana 60e (-10), la C\u00f4te d&rsquo;Ivoire 63e (+6), la Guin\u00e9e-Equatoriale 71e (+1), le Maroc 81e (+1) et le Mali 82e (+3).<\/p>\n<p>Le RD Congo (108e) et Kenya (133e) ont gagn\u00e9 chacune dix places et se retrouvent respectivement, \u00e0 la 108e position mondiale (12e africaine) et la 133e mondiale, 17e africaine. Maurice, 155e mondial, ferme les rangs des s\u00e9lections africaine au classement FIFA.<\/p>\n<p>En haut du classement FIFA des meilleures s\u00e9lections f\u00e9minines de la plan\u00e8te, les Etats-Unis conservent sans surprise leur premi\u00e8re place devant cinq nations europ\u00e9ennes.<\/p>\n<p>L&rsquo;\u00e9quipe am\u00e9ricaine devance l&rsquo;Allemagne (2e), les Pays-Bas (3es), la France (4e) et la Su\u00e8de.<\/p>\n<p>Un seul changement dans le Top 10: le Br\u00e9sil r\u00e9cup\u00e8re sa 9e place aux d\u00e9pens du Japon.<\/p>\n<p>La prochaine \u00e9dition du classement mondial f\u00e9minin de la FIFA sera publi\u00e9e en mars 2020.<\/p>\n<\/div>\n<p>Auteur:<br \/>\n<a href=\"http:\/\/www.aps.dz\/sport\/98920-classement-fifa-des-dames-l-algerie-termine-l-annee-a-la-84e-place?utm_source=feedburner&#038;utm_medium=feed&#038;utm_campaign=Feed%3A+aps-sport+%28APS+-+SPORT%29\">Cliquez ici pour lire l&rsquo;article depuis sa source.<\/a><\/p>\n","protected":false},"excerpt":{"rendered":"<p>ZURICH &#8211; La s\u00e9lection alg\u00e9rienne f\u00e9minine de football a gagn\u00e9 encore une place au classement de la FIFA, du mois de d\u00e9cembre, r\u00e9actualis\u00e9 vendredi et publi\u00e9 sur son site internet, et termine l&rsquo;ann\u00e9e 2019 \u00e0 la 84e position. Au niveau africain domin\u00e9 par le Nigeria 39e mondial (-3 places), les Alg\u00e9riennes pointent au 9e rang, [&hellip;]<\/p>\n","protected":false},"author":1790,"featured_media":0,"comment_status":"closed","ping_status":"closed","sticky":false,"template":"","format":"standard","meta":{"fifu_image_url":"","fifu_image_alt":"","footnotes":""},"categories":[53,75],"tags":[],"class_list":["post-70137","post","type-post","status-publish","format-standard","hentry","category-algerie","category-sport"],"_links":{"self":[{"href":"https:\/\/linitiative.ca\/International\/wp-json\/wp\/v2\/posts\/70137","targetHints":{"allow":["GET"]}}],"collection":[{"href":"https:\/\/linitiative.ca\/International\/wp-json\/wp\/v2\/posts"}],"about":[{"href":"https:\/\/linitiative.ca\/International\/wp-json\/wp\/v2\/types\/post"}],"author":[{"embeddable":true,"href":"https:\/\/linitiative.ca\/International\/wp-json\/wp\/v2\/users\/1790"}],"replies":[{"embeddable":true,"href":"https:\/\/linitiative.ca\/International\/wp-json\/wp\/v2\/comments?post=70137"}],"version-history":[{"count":0,"href":"https:\/\/linitiative.ca\/International\/wp-json\/wp\/v2\/posts\/70137\/revisions"}],"wp:attachment":[{"href":"https:\/\/linitiative.ca\/International\/wp-json\/wp\/v2\/media?parent=70137"}],"wp:term":[{"taxonomy":"category","embeddable":true,"href":"https:\/\/linitiative.ca\/International\/wp-json\/wp\/v2\/categories?post=70137"},{"taxonomy":"post_tag","embeddable":true,"href":"https:\/\/linitiative.ca\/International\/wp-json\/wp\/v2\/tags?post=70137"}],"curies":[{"name":"wp","href":"https:\/\/api.w.org\/{rel}","templated":true}]}}