{"id":70142,"date":"2019-12-13T10:12:00","date_gmt":"2019-12-13T15:12:00","guid":{"rendered":"https:\/\/linitiative.ca\/International\/lex-president-bouteflika-a-vote-par-procuration\/"},"modified":"2019-12-13T10:12:00","modified_gmt":"2019-12-13T15:12:00","slug":"lex-president-bouteflika-a-vote-par-procuration","status":"publish","type":"post","link":"https:\/\/linitiative.ca\/International\/lex-president-bouteflika-a-vote-par-procuration\/","title":{"rendered":"L\u2019ex-pr\u00e9sident Bouteflika a vot\u00e9 par procuration"},"content":{"rendered":"<p><br id=\"sep_para_1\" class=\"sep_para access\"\/><\/p>\n<div id=\"para_1\" class=\"para_34489239 resize\">\n<div class=\"photo shadow left\"><a href=\"javascript:void(0)\" rel=\"https:\/\/www.reflexiondz.net\/photo\/art\/grande\/40746127-34489239.jpg?v=1576258434&#038;ibox\" title=\"L\u2019ex-pr\u00e9sident Bouteflika a vot\u00e9 par procuration\"><img decoding=\"async\" class=\"responsive c9\" src=\"https:\/\/www.reflexiondz.net\/photo\/art\/grande\/40746127-34489239.jpg?v=1576258434\" alt=\"L\u2019ex-pr\u00e9sident Bouteflika a vot\u00e9 par procuration\" title=\"L\u2019ex-pr\u00e9sident Bouteflika a vot\u00e9 par procuration\"\/><img decoding=\"async\" class=\"not-responsive\" src=\"https:\/\/www.reflexiondz.net\/photo\/art\/default\/40746127-34489239.jpg?v=1576258436\" alt=\"L\u2019ex-pr\u00e9sident Bouteflika a vot\u00e9 par procuration\" title=\"L\u2019ex-pr\u00e9sident Bouteflika a vot\u00e9 par procuration\"\/><\/a><\/div>\n<div class=\"texte access firstletter\">L\u2019ex-pr\u00e9sident de la R\u00e9publique, Abdelaziz Bouteflika, a vot\u00e9 ce jeudi 12 d\u00e9cembre par procuration au centre Bachir El Ibrahimi, une \u00e9cole situ\u00e9e \u00e0 El Biar sur les hauteurs d\u2019Alger. C\u2019est Abderahim Bouteflika, dit Nacer, l\u2019un des fr\u00e8res du pr\u00e9sident d\u00e9missionnaire, qui a \u00e9t\u00e9 charg\u00e9 de voter. Ce dernier a affirm\u00e9, selon El Bilad, qu\u2019ils jouissent toujours, \u00e0 la diff\u00e9rence de leur fr\u00e8re Sa\u00efd, de leurs droits politiques et civiques. Sur une photo partag\u00e9e sur les r\u00e9seaux sociaux, l\u2019on peut, en effet, voir une carte d\u2019\u00e9lecteur portant le nom de l\u2019ancien pr\u00e9sident. Aussi, l\u2019on peut voir sa carte nationale d\u2019identit\u00e9. Depuis sa d\u00e9mission, l\u2019ancien pr\u00e9sident, ainsi que ses fr\u00e8res, se font discrets. Derni\u00e8re apparition en date : la convocation en urgence de Sa\u00efd Bouteflika par le procureur de la R\u00e9publique de Sidi M\u2019hamed, \u00e0 Alger, pour donner sa version des faits lors du proc\u00e8s dit \u00ab de la campagne \u00e9lectorale \u00bb. Mutique, l\u2019ancien conseiller particulier \u00e0 la pr\u00e9sidence a r\u00e9pondu par deux sourires.<\/div>\n<\/div>\n<p>Auteur: R\u00e9flexion<br \/>\n<a href=\"https:\/\/www.reflexiondz.net\/L-ex-president-Bouteflika-a-vote-par-procuration_a59354.html\">Cliquez ici pour lire l&rsquo;article depuis sa source.<\/a><\/p>\n","protected":false},"excerpt":{"rendered":"<p>L\u2019ex-pr\u00e9sident de la R\u00e9publique, Abdelaziz Bouteflika, a vot\u00e9 ce jeudi 12 d\u00e9cembre par procuration au centre Bachir El Ibrahimi, une \u00e9cole situ\u00e9e \u00e0 El Biar sur les hauteurs d\u2019Alger. C\u2019est Abderahim Bouteflika, dit Nacer, l\u2019un des fr\u00e8res du pr\u00e9sident d\u00e9missionnaire, qui a \u00e9t\u00e9 charg\u00e9 de voter. Ce dernier a affirm\u00e9, selon El Bilad, qu\u2019ils jouissent [&hellip;]<\/p>\n","protected":false},"author":1740,"featured_media":0,"comment_status":"closed","ping_status":"closed","sticky":false,"template":"","format":"standard","meta":{"fifu_image_url":"","fifu_image_alt":"","footnotes":""},"categories":[53,76],"tags":[],"class_list":["post-70142","post","type-post","status-publish","format-standard","hentry","category-algerie","category-regions"],"_links":{"self":[{"href":"https:\/\/linitiative.ca\/International\/wp-json\/wp\/v2\/posts\/70142","targetHints":{"allow":["GET"]}}],"collection":[{"href":"https:\/\/linitiative.ca\/International\/wp-json\/wp\/v2\/posts"}],"about":[{"href":"https:\/\/linitiative.ca\/International\/wp-json\/wp\/v2\/types\/post"}],"author":[{"embeddable":true,"href":"https:\/\/linitiative.ca\/International\/wp-json\/wp\/v2\/users\/1740"}],"replies":[{"embeddable":true,"href":"https:\/\/linitiative.ca\/International\/wp-json\/wp\/v2\/comments?post=70142"}],"version-history":[{"count":0,"href":"https:\/\/linitiative.ca\/International\/wp-json\/wp\/v2\/posts\/70142\/revisions"}],"wp:attachment":[{"href":"https:\/\/linitiative.ca\/International\/wp-json\/wp\/v2\/media?parent=70142"}],"wp:term":[{"taxonomy":"category","embeddable":true,"href":"https:\/\/linitiative.ca\/International\/wp-json\/wp\/v2\/categories?post=70142"},{"taxonomy":"post_tag","embeddable":true,"href":"https:\/\/linitiative.ca\/International\/wp-json\/wp\/v2\/tags?post=70142"}],"curies":[{"name":"wp","href":"https:\/\/api.w.org\/{rel}","templated":true}]}}